{"id":262058,"date":"2016-03-30T00:09:38","date_gmt":"2016-03-30T06:09:38","guid":{"rendered":"http:\/\/www.diarioimagen.net\/?p=262058"},"modified":"2016-03-30T04:33:48","modified_gmt":"2016-03-30T10:33:48","slug":"ampliaran-hoy-no-circula-a-estados-de-la-megalopolis","status":"publish","type":"post","link":"https:\/\/www.diarioimagen.net\/?p=262058","title":{"rendered":"Ampliar\u00e1n Hoy No Circula a estados de la Megal\u00f3polis"},"content":{"rendered":"<ul>\n<li><strong><em>Homologaci\u00f3n de normas para la verificaci\u00f3n<\/em><\/strong><\/li>\n<\/ul>\n<p>&nbsp;<\/p>\n<div id=\"attachment_262175\" style=\"width: 430px\" class=\"wp-caption aligncenter\"><a href=\"http:\/\/www.diarioimagen.net\/?attachment_id=262175\" rel=\"attachment wp-att-262175\"><img loading=\"lazy\" decoding=\"async\" aria-describedby=\"caption-attachment-262175\" class=\"size-large wp-image-262175\" src=\"http:\/\/www.diarioimagen.net\/wp-content\/uploads\/2016\/03\/circula-2834-420x236.jpg\" alt=\"Miguel \u00c1ngel Mancera Espinosa asegur\u00f3 que la opci\u00f3n de los taxis el\u00e9ctricos en la Ciudad de M\u00e9xico ser\u00e1 una realidad.\" width=\"420\" height=\"236\" srcset=\"https:\/\/www.diarioimagen.net\/wp-content\/uploads\/2016\/03\/circula-2834-420x236.jpg 420w, https:\/\/www.diarioimagen.net\/wp-content\/uploads\/2016\/03\/circula-2834-240x135.jpg 240w, https:\/\/www.diarioimagen.net\/wp-content\/uploads\/2016\/03\/circula-2834-235x132.jpg 235w, https:\/\/www.diarioimagen.net\/wp-content\/uploads\/2016\/03\/circula-2834-202x114.jpg 202w, https:\/\/www.diarioimagen.net\/wp-content\/uploads\/2016\/03\/circula-2834-350x196.jpg 350w, https:\/\/www.diarioimagen.net\/wp-content\/uploads\/2016\/03\/circula-2834-220x123.jpg 220w, https:\/\/www.diarioimagen.net\/wp-content\/uploads\/2016\/03\/circula-2834-237x132.jpg 237w, https:\/\/www.diarioimagen.net\/wp-content\/uploads\/2016\/03\/circula-2834.jpg 480w\" sizes=\"auto, (max-width: 420px) 100vw, 420px\" \/><\/a><p id=\"caption-attachment-262175\" class=\"wp-caption-text\">Miguel \u00c1ngel Mancera Espinosa asegur\u00f3 que la opci\u00f3n de los taxis el\u00e9ctricos en la Ciudad de M\u00e9xico ser\u00e1 una realidad.<\/p><\/div>\n<p>&nbsp;<\/p>\n<p>El jefe de gobierno capitalino, Miguel \u00c1ngel Mancera Espinosa, adelant\u00f3 que se contempla la ampliaci\u00f3n del programa Hoy No Circula a todos los estados que integran la Megal\u00f3polis.<\/p>\n<p>Adem\u00e1s, precis\u00f3, se prev\u00e9 la homologaci\u00f3n de normas para la verificaci\u00f3n de contaminantes en veh\u00edculos, incluidos los que circulan con placas federales.<\/p>\n<p>Mancera Espinosa destac\u00f3 que esto forma parte de los acuerdos tomados en la reuni\u00f3n de la Comisi\u00f3n Ambiental de la Megal\u00f3polis (CAMe), integrada por los gobernadores de las entidades de Hidalgo, Morelos, Puebla, Tlaxcala y Estado de M\u00e9xico, as\u00ed como la Ciudad de M\u00e9xico.<\/p>\n<p>Dijo que como parte de esta reuni\u00f3n, se analizan modificaciones al Programa Hoy No Circula, para su aplicaci\u00f3n y homologaci\u00f3n, as\u00ed como la determinaci\u00f3n de los municipios que participar\u00edan.<\/p>\n<p>\u201cEl alcance, precisamente el alcance es algo que est\u00e1 estudiando la CAMe y es algo que seguramente requerir\u00e1 de mayor estudio. Pero, las determinaciones para los entes obligados se dar\u00e1n a conocer yo espero que en las pr\u00f3ximas horas o ma\u00f1ana\u201d.<\/p>\n<p>Agreg\u00f3 que \u201cse est\u00e1 analizando qu\u00e9 es lo que m\u00e1s conviene, lo que nosotros hemos pedido es que sea una medida efectiva, que sea una medida homologada en toda la CAMe y por supuesto s\u00ed habr\u00e1 restricciones. Es un hecho, porque estuvimos todos y todos estuvimos de acuerdo\u201d.<\/p>\n<p>Entrevistado en el Antiguo Palacio del Ayuntamiento, Mancera Espinosa dijo que ahora se elabora la propuesta final que se estima dar a conocer este mi\u00e9rcoles, donde las l\u00edneas generales que plantearon los gobernadores como la restricci\u00f3n vehicular, donde tambi\u00e9n se va a trabajar en las placas federales.<\/p>\n<p>\u201cVamos a ver cu\u00e1les ser\u00e1n los lineamientos que establezcan los especialistas de la CAMe; hemos pedido que se actualicen y se pongan al d\u00eda normas federales, normas de Semarnat, se est\u00e1 trabajando ahora en el programa emergente de verificaci\u00f3n vehicular, vamos a lo que hab\u00edamos planteado la homologaci\u00f3n\u201d.<\/p>\n<p>Resalt\u00f3 que esa homologaci\u00f3n se contempla para equipos, en supervisi\u00f3n y en tareas de toda la Zona Megalopolitana, adem\u00e1s de que se va a tomar en cuenta no s\u00f3lo las fuentes contaminadoras de veh\u00edculos, sino tambi\u00e9n se ver\u00e1n los inventarios de contaminantes industriales y de servicios.<\/p>\n<p style=\"text-align: center;\"><strong>Mancera ofrece hacer realidad taxis el\u00e9ctricos en CDMX <\/strong><\/p>\n<p>El jefe de gobierno de la Ciudad de M\u00e9xico ofreci\u00f3 hacer realidad la opci\u00f3n de taxis el\u00e9ctricos en la capital, como parte de las acciones en favor del medio ambiente y del cambio de transporte p\u00fablico.<\/p>\n<p>\u201cLa Ciudad de M\u00e9xico seguir\u00e1 cambiando su transporte p\u00fablico. Queremos ahora y lo he platicado ya con el secretario de Hacienda, tener una acci\u00f3n muy importante en materia de taxis. Creemos que la opci\u00f3n de los taxis el\u00e9ctricos en la Ciudad de M\u00e9xico debe convertirse en una realidad\u201d, se\u00f1al\u00f3.<\/p>\n<p>En la inauguraci\u00f3n del Skate Park del Bosque de San Juan de Arag\u00f3n, acompa\u00f1ado por el jefe delegacional en Gustavo A. Madero, V\u00edctor Hugo Lobo Rom\u00e1n, tambi\u00e9n anunci\u00f3 la instalaci\u00f3n de un balneario en el Bosque de San Juan de Arag\u00f3n, como parte de las acciones de recuperaci\u00f3n del lugar.<\/p>\n<p>Inform\u00f3 que el Skate Park del Bosque de San Juan de Arag\u00f3n tuvo un costo de 8.5 millones de pesos en obras de recuperaci\u00f3n y reacondicionamiento de siete mil metros cuadrados.<\/p>\n<p>&nbsp;<\/p>\n","protected":false},"excerpt":{"rendered":"<p>El jefe de gobierno capitalino, Miguel \u00c1ngel Mancera Espinosa, adelant\u00f3 que se contempla la ampliaci\u00f3n del programa Hoy No Circula a todos los estados que integran la Megal\u00f3polis. Adem\u00e1s, precis\u00f3, se prev\u00e9 la homologaci\u00f3n de normas para la verificaci\u00f3n de contaminantes en veh\u00edculos, incluidos los que circulan con placas federales.<\/p>\n","protected":false},"author":3,"featured_media":262175,"comment_status":"open","ping_status":"open","sticky":false,"template":"","format":"standard","meta":{"_monsterinsights_skip_tracking":false,"_monsterinsights_sitenote_active":false,"_monsterinsights_sitenote_note":"","_monsterinsights_sitenote_category":0,"footnotes":""},"categories":[3],"tags":[27005,49714,5314,43673],"class_list":["post-262058","post","type-post","status-publish","format-standard","has-post-thumbnail","hentry","category-nacional","tag-hoy-no-circula","tag-megalopolis","tag-miguel-angel-mancera-espinosa","tag-nacional"],"_links":{"self":[{"href":"https:\/\/www.diarioimagen.net\/index.php?rest_route=\/wp\/v2\/posts\/262058","targetHints":{"allow":["GET"]}}],"collection":[{"href":"https:\/\/www.diarioimagen.net\/index.php?rest_route=\/wp\/v2\/posts"}],"about":[{"href":"https:\/\/www.diarioimagen.net\/index.php?rest_route=\/wp\/v2\/types\/post"}],"author":[{"embeddable":true,"href":"https:\/\/www.diarioimagen.net\/index.php?rest_route=\/wp\/v2\/users\/3"}],"replies":[{"embeddable":true,"href":"https:\/\/www.diarioimagen.net\/index.php?rest_route=%2Fwp%2Fv2%2Fcomments&post=262058"}],"version-history":[{"count":0,"href":"https:\/\/www.diarioimagen.net\/index.php?rest_route=\/wp\/v2\/posts\/262058\/revisions"}],"wp:featuredmedia":[{"embeddable":true,"href":"https:\/\/www.diarioimagen.net\/index.php?rest_route=\/wp\/v2\/media\/262175"}],"wp:attachment":[{"href":"https:\/\/www.diarioimagen.net\/index.php?rest_route=%2Fwp%2Fv2%2Fmedia&parent=262058"}],"wp:term":[{"taxonomy":"category","embeddable":true,"href":"https:\/\/www.diarioimagen.net\/index.php?rest_route=%2Fwp%2Fv2%2Fcategories&post=262058"},{"taxonomy":"post_tag","embeddable":true,"href":"https:\/\/www.diarioimagen.net\/index.php?rest_route=%2Fwp%2Fv2%2Ftags&post=262058"}],"curies":[{"name":"wp","href":"https:\/\/api.w.org\/{rel}","templated":true}]}}