{"id":262066,"date":"2016-03-30T00:02:35","date_gmt":"2016-03-30T06:02:35","guid":{"rendered":"http:\/\/www.diarioimagen.net\/?p=262066"},"modified":"2016-03-30T23:02:41","modified_gmt":"2016-03-31T05:02:41","slug":"pobreza-responsabilidad-compartida-dice-meade","status":"publish","type":"post","link":"https:\/\/www.diarioimagen.net\/?p=262066","title":{"rendered":"Pobreza, responsabilidad compartida, dice Meade"},"content":{"rendered":"<ul>\n<li><strong><em>Urgen estrategias nuevas<\/em><\/strong><\/li>\n<\/ul>\n<p>&nbsp;<\/p>\n<div id=\"attachment_262184\" style=\"width: 430px\" class=\"wp-caption aligncenter\"><a href=\"http:\/\/www.diarioimagen.net\/?attachment_id=262184\" rel=\"attachment wp-att-262184\"><img loading=\"lazy\" decoding=\"async\" aria-describedby=\"caption-attachment-262184\" class=\"size-large wp-image-262184\" src=\"http:\/\/www.diarioimagen.net\/wp-content\/uploads\/2016\/03\/meade-2834-420x236.jpg\" alt=\"El secretario de Desarrollo Social, Jos\u00e9 Antonio Meade Kuribre\u00f1a, recibi\u00f3 a manifestantes, quienes ingresaron a la sede del Palacio de Gobierno de Nuevo Le\u00f3n para exigir mejoras al Programa 65 y M\u00e1s.\" width=\"420\" height=\"236\" srcset=\"https:\/\/www.diarioimagen.net\/wp-content\/uploads\/2016\/03\/meade-2834-420x236.jpg 420w, https:\/\/www.diarioimagen.net\/wp-content\/uploads\/2016\/03\/meade-2834-240x135.jpg 240w, https:\/\/www.diarioimagen.net\/wp-content\/uploads\/2016\/03\/meade-2834-235x132.jpg 235w, https:\/\/www.diarioimagen.net\/wp-content\/uploads\/2016\/03\/meade-2834-202x114.jpg 202w, https:\/\/www.diarioimagen.net\/wp-content\/uploads\/2016\/03\/meade-2834-350x196.jpg 350w, https:\/\/www.diarioimagen.net\/wp-content\/uploads\/2016\/03\/meade-2834-220x123.jpg 220w, https:\/\/www.diarioimagen.net\/wp-content\/uploads\/2016\/03\/meade-2834-237x132.jpg 237w, https:\/\/www.diarioimagen.net\/wp-content\/uploads\/2016\/03\/meade-2834.jpg 480w\" sizes=\"auto, (max-width: 420px) 100vw, 420px\" \/><\/a><p id=\"caption-attachment-262184\" class=\"wp-caption-text\">El secretario de Desarrollo Social, Jos\u00e9 Antonio Meade Kuribre\u00f1a, recibi\u00f3 a manifestantes, quienes ingresaron a la sede del Palacio de Gobierno de Nuevo Le\u00f3n para exigir mejoras al Programa 65 y M\u00e1s.<\/p><\/div>\n<p>&nbsp;<\/p>\n<p>El secretario de Desarrollo Social, Jos\u00e9 Antonio Meade Kuribre\u00f1a, sostuvo que el combate a la pobreza es responsabilidad compartida, dentro de un problema a\u00f1ejo que amerita soluciones nuevas.<\/p>\n<p>El titular de la Secretar\u00eda de Desarrollo Social (Sedesol), se\u00f1al\u00f3 lo anterior tras suscribir la \u201cDeclaraci\u00f3n Conjunta por un M\u00e9xico Incluyente\u201d, con el director general de la cadena de centros comerciales Soriana, Ricardo Mart\u00edn Bringas, con el fin de unir esfuerzos en el combate a la pobreza.<\/p>\n<p>Meade Kuribre\u00f1a dijo que mediante esa firma se busca una distribuci\u00f3n y comercializaci\u00f3n m\u00e1s eficiente, a la par con mejores pol\u00edticas p\u00fablicas y abaratamiento de precios, as\u00ed como mejores condiciones para mexicanos en situaci\u00f3n de pobreza.<\/p>\n<p>\u201cLa pobreza es un tema de responsabilidad compartida, un problema de muchos que no vamos a resolver unos cuantos; son problemas viejos a los que estamos busc\u00e1ndole soluciones nuevas\u201d, se\u00f1al\u00f3.<\/p>\n<p>\u201cEl hecho de que hoy se sume a esta estrategia de inclusi\u00f3n Soriana, nos permite contar en este esfuerzo con un aliado ordenado\u201d, expres\u00f3 durante el evento, en el Club Industrial de Monterrey y que atestiguaron el gobernador, Jaime Rodr\u00edguez Calder\u00f3n, alcaldes metropolitanos y delegados federales.<\/p>\n<p>El titular de Sedesol federal destac\u00f3 este esfuerzo conjunto por abaratar productos de la canasta b\u00e1sica en una cadena con m\u00e1s de 600 tiendas del pa\u00eds.<\/p>\n<p>Se trata, dijo, de una empresa que es fuente de empleo y con visi\u00f3n de brindar espacios de superaci\u00f3n entre su fuerza laboral y a la vez, brinda beneficios a sus clientes.<\/p>\n<p>\u201cEs una empresa cuya raz\u00f3n de ser es ofrecer las mejores condiciones de precio y de abasto, para la poblaci\u00f3n\u201d, dijo.<\/p>\n<p>Agreg\u00f3 \u201cla esencia de la pobreza tiene que ver con la falta de ingresos para cubrir lo indispensable, por lo que cuando una empresa como Soriana hace esfuerzos con la competencia, para ofrecer las mejores condiciones de precio, eso es probablemente su mayor aportaci\u00f3n al M\u00e9xico incluyente que queremos ver\u201d.<\/p>\n<p>En entrevista posterior, el funcionario federal destac\u00f3 que la \u201cDeclaraci\u00f3n Conjunta Soriana-Sedesol por un M\u00e9xico Incluyente\u201d, pretende impactar a los 80 mil clientes de la empresa y a los mismos clientes, con mejores condiciones de competitividad y de precios, lo que ayudar\u00e1 a mexicanos en condiciones de pobreza.<\/p>\n<p>El titular de Sedesol suscribir\u00e1 posteriormente una declaratoria similar con el director ejecutivo de Femsa, Carlos Salazar Lomel\u00edn.<\/p>\n<p>\u201cEs de la misma vertiente, Femsa tiene una enorme vocaci\u00f3n social, un compromiso, es una de las 10 empresas m\u00e1s importantes de M\u00e9xico, tiene diferentes espacios de distribuci\u00f3n y formas de participaci\u00f3n y despliegue social importantes\u201d.<\/p>\n<p>\u201cEl convenio tendr\u00e1 que cubrir cosas tan puntuales como el donar 200 enfriadores en beneficio de nuestros comedores comunitarios, hasta el an\u00e1lisis tambi\u00e9n de todos los lugares donde Femsa, a trav\u00e9s de cualquiera de sus expresiones, tenga impacto, en t\u00e9rminos de lo que podamos hacer juntos\u201d, indic\u00f3.<\/p>\n<p>La empresa apoyar\u00e1 a Sedesol en Guerrero con programas de agua, con cadenas de abasto para la competitividad, todo con el objetivo conjunto de gobierno y sociedad para buscar soluciones conjuntas a la pobreza.<\/p>\n<p>&nbsp;<\/p>\n","protected":false},"excerpt":{"rendered":"<p>El secretario de Desarrollo Social, Jos\u00e9 Antonio Meade Kuribre\u00f1a, sostuvo que el combate a la pobreza es responsabilidad compartida, dentro de un problema a\u00f1ejo que amerita soluciones nuevas.<\/p>\n","protected":false},"author":3,"featured_media":262184,"comment_status":"open","ping_status":"open","sticky":false,"template":"","format":"standard","meta":{"_monsterinsights_skip_tracking":false,"_monsterinsights_sitenote_active":false,"_monsterinsights_sitenote_note":"","_monsterinsights_sitenote_category":0,"footnotes":""},"categories":[3],"tags":[26429,43673,2421,16831,1998],"class_list":["post-262066","post","type-post","status-publish","format-standard","has-post-thumbnail","hentry","category-nacional","tag-jose-antonio-meade-kuribrena","tag-nacional","tag-pobreza","tag-responsabilidad","tag-sedesol"],"_links":{"self":[{"href":"https:\/\/www.diarioimagen.net\/index.php?rest_route=\/wp\/v2\/posts\/262066","targetHints":{"allow":["GET"]}}],"collection":[{"href":"https:\/\/www.diarioimagen.net\/index.php?rest_route=\/wp\/v2\/posts"}],"about":[{"href":"https:\/\/www.diarioimagen.net\/index.php?rest_route=\/wp\/v2\/types\/post"}],"author":[{"embeddable":true,"href":"https:\/\/www.diarioimagen.net\/index.php?rest_route=\/wp\/v2\/users\/3"}],"replies":[{"embeddable":true,"href":"https:\/\/www.diarioimagen.net\/index.php?rest_route=%2Fwp%2Fv2%2Fcomments&post=262066"}],"version-history":[{"count":0,"href":"https:\/\/www.diarioimagen.net\/index.php?rest_route=\/wp\/v2\/posts\/262066\/revisions"}],"wp:featuredmedia":[{"embeddable":true,"href":"https:\/\/www.diarioimagen.net\/index.php?rest_route=\/wp\/v2\/media\/262184"}],"wp:attachment":[{"href":"https:\/\/www.diarioimagen.net\/index.php?rest_route=%2Fwp%2Fv2%2Fmedia&parent=262066"}],"wp:term":[{"taxonomy":"category","embeddable":true,"href":"https:\/\/www.diarioimagen.net\/index.php?rest_route=%2Fwp%2Fv2%2Fcategories&post=262066"},{"taxonomy":"post_tag","embeddable":true,"href":"https:\/\/www.diarioimagen.net\/index.php?rest_route=%2Fwp%2Fv2%2Ftags&post=262066"}],"curies":[{"name":"wp","href":"https:\/\/api.w.org\/{rel}","templated":true}]}}