{"id":262068,"date":"2016-03-30T00:07:19","date_gmt":"2016-03-30T06:07:19","guid":{"rendered":"http:\/\/www.diarioimagen.net\/?p=262068"},"modified":"2016-03-30T23:03:12","modified_gmt":"2016-03-31T05:03:12","slug":"enrique-pena-nieto-ordena-mejorar-los-servicios-de-salud","status":"publish","type":"post","link":"https:\/\/www.diarioimagen.net\/?p=262068","title":{"rendered":"Enrique Pe\u00f1a Nieto ordena mejorar los servicios de salud"},"content":{"rendered":"<ul>\n<li><strong><em>\u201cEs un derecho de todos\u201d<\/em><\/strong><\/li>\n<\/ul>\n<p>&nbsp;<\/p>\n<div id=\"attachment_262169\" style=\"width: 430px\" class=\"wp-caption aligncenter\"><a href=\"http:\/\/www.diarioimagen.net\/?attachment_id=262169\" rel=\"attachment wp-att-262169\"><img loading=\"lazy\" decoding=\"async\" aria-describedby=\"caption-attachment-262169\" class=\"size-large wp-image-262169\" src=\"http:\/\/www.diarioimagen.net\/wp-content\/uploads\/2016\/03\/epn-2834-420x236.jpg\" alt=\"Enrique Pe\u00f1a Nieto, durante su participaci\u00f3n en la 35 Asamblea General Ordinaria de la Fundaci\u00f3n Mexicana para la Salud.\" width=\"420\" height=\"236\" srcset=\"https:\/\/www.diarioimagen.net\/wp-content\/uploads\/2016\/03\/epn-2834-420x236.jpg 420w, https:\/\/www.diarioimagen.net\/wp-content\/uploads\/2016\/03\/epn-2834-240x135.jpg 240w, https:\/\/www.diarioimagen.net\/wp-content\/uploads\/2016\/03\/epn-2834-480x270.jpg 480w, https:\/\/www.diarioimagen.net\/wp-content\/uploads\/2016\/03\/epn-2834-235x132.jpg 235w, https:\/\/www.diarioimagen.net\/wp-content\/uploads\/2016\/03\/epn-2834-202x114.jpg 202w, https:\/\/www.diarioimagen.net\/wp-content\/uploads\/2016\/03\/epn-2834-350x196.jpg 350w, https:\/\/www.diarioimagen.net\/wp-content\/uploads\/2016\/03\/epn-2834-220x123.jpg 220w, https:\/\/www.diarioimagen.net\/wp-content\/uploads\/2016\/03\/epn-2834-237x132.jpg 237w, https:\/\/www.diarioimagen.net\/wp-content\/uploads\/2016\/03\/epn-2834.jpg 700w\" sizes=\"auto, (max-width: 420px) 100vw, 420px\" \/><\/a><p id=\"caption-attachment-262169\" class=\"wp-caption-text\">Enrique Pe\u00f1a Nieto, durante su participaci\u00f3n en la 35 Asamblea General Ordinaria de la Fundaci\u00f3n Mexicana para la Salud.<\/p><\/div>\n<p>&nbsp;<\/p>\n<p>El presidente Enrique Pe\u00f1a Nieto instruy\u00f3 al secretario de Salud, Jos\u00e9 Narro Robles a poner en marcha una serie de estrategias para avanzar en la universalidad de los servicios de salud con calidad.<\/p>\n<p>Entre estas acciones, se encuentra identificar con precisi\u00f3n a quienes no cuentan con cobertura m\u00e9dica a partir de la consolidaci\u00f3n de los padrones de las diversas instituciones de salud y de seguridad social.<\/p>\n<p>Durante la 35 Asamblea General Ordinaria de la Fundaci\u00f3n Mexicana para la Salud (Funsalud), apunt\u00f3 que tambi\u00e9n se deber\u00e1 optimizar el uso de la infraestructura disponible, con base en una mejor coordinaci\u00f3n entre instituciones de seguridad social, servicios estatales de salud y los que dependen directamente de la Secretar\u00eda de Salud.<\/p>\n<p>Dijo que a partir de los acelerados avances en las tecnolog\u00edas, se deben revisar las pol\u00edticas de atenci\u00f3n a los principales problemas de salud del pa\u00eds, y evaluar los resultados alcanzados, as\u00ed como plantear ajustes necesarios para avanzar en la prevenci\u00f3n.<\/p>\n<p>Esto incluye, evaluar los avances en la prevenci\u00f3n, diagn\u00f3stico temprano y tratamiento oportuno, as\u00ed como elaborar un programa para mejorar los servicios que ofrecen gobiernos estatales en unidades de atenci\u00f3n m\u00e9dica de primer nivel de atenci\u00f3n, y articularlos con la atenci\u00f3n hospitalaria y de especialidades.<\/p>\n<p>Al reconocer la labor de la Funsalud y subrayar que la salud es la base del desarrollo individual, el mandatario afirm\u00f3 que \u201cgozar de una vida plena y una vida duradera (\u2026) no puede ser derecho de unos cuantos\u201d.<\/p>\n<p>Sostuvo que en M\u00e9xico, la salud es un derecho de todos, y \u201clos gobiernos trabajamos en distintos niveles para hacer realidad este mandato constitucional; esa es la importancia y sustento \u00e9tico de los servicios p\u00fablicos de salud\u201d.<\/p>\n<p>Subray\u00f3 que corresponde a los gobiernos llevar los beneficios de estos avances a todo aquel que lo necesite, y lograrlo exige el uso \u00f3ptimo de los recursos p\u00fablicos, pol\u00edticas p\u00fablicas permanentes y de largo alcance como los que Funsalud ha impulsado desde hace 30 a\u00f1os.<\/p>\n<p>Pe\u00f1a Nieto destac\u00f3 los avances de las estrategias en materia de salud, planteadas en el Programa Nacional de Desarrollo, entre las que se encuentran que 57 millones de personas est\u00e1n afiliados al Seguro Popular.<\/p>\n<p>Dijo no obstante, que \u201cafiliar no es suficiente\u201d, pues se requiere m\u00e1s infraestructura para la atenci\u00f3n de m\u00e1s personas, por lo que se han construido y modernizado m\u00e1s de 580 unidades hospitalarias y m\u00e1s de dos mil 800 unidades de consulta externa.<\/p>\n<p>Se mejoraron las estrategias de prevenci\u00f3n, protecci\u00f3n y promoci\u00f3n de la salud, mediante programas de PrevenIMSS y PrevenIssste, adem\u00e1s de que se mejor\u00f3 la atenci\u00f3n de personas en situaci\u00f3n de vulnerabilidad con el programa de Unidades M\u00e9dicas M\u00f3viles, que atienden a 4.2 millones de personas en casi 25 mil localidades dispersas.<\/p>\n<p>El Ejecutivo federal tambi\u00e9n destac\u00f3 la cooperaci\u00f3n internacional para atender problemas como el brote del virus del zika, as\u00ed como la cobertura de 97.8 por ciento en 2014, de vacunaci\u00f3n en ni\u00f1os de un a\u00f1o, en los rubros de sarampi\u00f3n, rub\u00e9ola y paperas, con lo que el pa\u00eds cumpli\u00f3 con las metas comprometidas en los Objetivos de Desarrollo del Milenio.<\/p>\n","protected":false},"excerpt":{"rendered":"<p>El presidente Enrique Pe\u00f1a Nieto instruy\u00f3 al secretario de Salud, Jos\u00e9 Narro Robles a poner en marcha una serie de estrategias para avanzar en la universalidad de los servicios de salud con calidad.<\/p>\n","protected":false},"author":3,"featured_media":262169,"comment_status":"open","ping_status":"open","sticky":false,"template":"","format":"standard","meta":{"_monsterinsights_skip_tracking":false,"_monsterinsights_sitenote_active":false,"_monsterinsights_sitenote_note":"","_monsterinsights_sitenote_category":0,"footnotes":""},"categories":[3],"tags":[18,571,43673,432],"class_list":["post-262068","post","type-post","status-publish","format-standard","has-post-thumbnail","hentry","category-nacional","tag-enrique-pena-nieto","tag-jose-narro-robles","tag-nacional","tag-secretaria-de-salud"],"_links":{"self":[{"href":"https:\/\/www.diarioimagen.net\/index.php?rest_route=\/wp\/v2\/posts\/262068","targetHints":{"allow":["GET"]}}],"collection":[{"href":"https:\/\/www.diarioimagen.net\/index.php?rest_route=\/wp\/v2\/posts"}],"about":[{"href":"https:\/\/www.diarioimagen.net\/index.php?rest_route=\/wp\/v2\/types\/post"}],"author":[{"embeddable":true,"href":"https:\/\/www.diarioimagen.net\/index.php?rest_route=\/wp\/v2\/users\/3"}],"replies":[{"embeddable":true,"href":"https:\/\/www.diarioimagen.net\/index.php?rest_route=%2Fwp%2Fv2%2Fcomments&post=262068"}],"version-history":[{"count":0,"href":"https:\/\/www.diarioimagen.net\/index.php?rest_route=\/wp\/v2\/posts\/262068\/revisions"}],"wp:featuredmedia":[{"embeddable":true,"href":"https:\/\/www.diarioimagen.net\/index.php?rest_route=\/wp\/v2\/media\/262169"}],"wp:attachment":[{"href":"https:\/\/www.diarioimagen.net\/index.php?rest_route=%2Fwp%2Fv2%2Fmedia&parent=262068"}],"wp:term":[{"taxonomy":"category","embeddable":true,"href":"https:\/\/www.diarioimagen.net\/index.php?rest_route=%2Fwp%2Fv2%2Fcategories&post=262068"},{"taxonomy":"post_tag","embeddable":true,"href":"https:\/\/www.diarioimagen.net\/index.php?rest_route=%2Fwp%2Fv2%2Ftags&post=262068"}],"curies":[{"name":"wp","href":"https:\/\/api.w.org\/{rel}","templated":true}]}}