{"id":262074,"date":"2016-03-30T00:04:23","date_gmt":"2016-03-30T06:04:23","guid":{"rendered":"http:\/\/www.diarioimagen.net\/?p=262074"},"modified":"2016-03-30T03:53:31","modified_gmt":"2016-03-30T09:53:31","slug":"tlalnepantla-busca-posicionarse-en-movilidad-ugalde-alegria","status":"publish","type":"post","link":"https:\/\/www.diarioimagen.net\/?p=262074","title":{"rendered":"Tlalnepantla busca posicionarse en movilidad: Ugalde Alegr\u00eda"},"content":{"rendered":"<ul>\n<li><strong><em>Supervisa alcaldesa obras de bacheo<\/em><\/strong><\/li>\n<\/ul>\n<p>&nbsp;<\/p>\n<div id=\"attachment_262154\" style=\"width: 430px\" class=\"wp-caption aligncenter\"><a href=\"http:\/\/www.diarioimagen.net\/?attachment_id=262154\" rel=\"attachment wp-att-262154\"><img loading=\"lazy\" decoding=\"async\" aria-describedby=\"caption-attachment-262154\" class=\"size-large wp-image-262154\" src=\"http:\/\/www.diarioimagen.net\/wp-content\/uploads\/2016\/03\/TLALNEPANTLA-2834-420x280.jpg\" alt=\"Denisse Ugalde Alegr\u00eda supervis\u00f3 los trabajos de bacheo\u00a0 realizados en la colonia\u00a0\u00a0San Felipe Ixtacala, en donde se comprometi\u00f3 a continuar con dichas acciones.\" width=\"420\" height=\"280\" srcset=\"https:\/\/www.diarioimagen.net\/wp-content\/uploads\/2016\/03\/TLALNEPANTLA-2834-420x280.jpg 420w, https:\/\/www.diarioimagen.net\/wp-content\/uploads\/2016\/03\/TLALNEPANTLA-2834-240x160.jpg 240w, https:\/\/www.diarioimagen.net\/wp-content\/uploads\/2016\/03\/TLALNEPANTLA-2834.jpg 700w\" sizes=\"auto, (max-width: 420px) 100vw, 420px\" \/><\/a><p id=\"caption-attachment-262154\" class=\"wp-caption-text\">Denisse Ugalde Alegr\u00eda supervis\u00f3 los trabajos de bacheo\u00a0 realizados en la colonia\u00a0\u00a0San Felipe Ixtacala, en donde se comprometi\u00f3 a continuar con dichas acciones.<\/p><\/div>\n<p>&nbsp;<\/p>\n<p><strong>Tlalnepantla, Estado de M\u00e9xico<\/strong>.- Como parte del programa permanente de bacheo que implement\u00f3 desde el primer d\u00eda de su gesti\u00f3n, la presidenta municipal, Denisse Ugalde Alegr\u00eda, supervis\u00f3 los trabajos realizados en la colonia\u00a0\u00a0San Felipe Ixtacala, en donde se comprometi\u00f3 a continuar con dichas acciones para que Tlalnepantla mantenga su movilidad y logre posicionarse por encima de otras ciudades.<\/p>\n<p>Coment\u00f3 que en lo que va de la presente administraci\u00f3n, se han reparado 36 mil 280 baches en 19 avenidas, 38 colonias, 12 unidades habitacionales, 13 pueblos, 30 fraccionamientos y 8 zonas industriales en los que se utilizaron m\u00e1s de mil 218 toneladas de mezcla en frio.<\/p>\n<p>En este sentido, el director de Servicios Urbanos, Antonio Arias Garc\u00eda, inform\u00f3 que el asfalto que se utiliza para bachear es totalmente ecol\u00f3gico, lo que significa que no hay emisi\u00f3n alguna que da\u00f1e al medio ambiente y tampoco la salud de quienes llevan a cabo estos trabajos.<\/p>\n<p>Agreg\u00f3 que la utilizaci\u00f3n de estos materiales es signo de un gobierno comprometido no s\u00f3lo con sus habitantes sino tambi\u00e9n con el medio ambiente.<\/p>\n<p>Arias Garc\u00eda adelant\u00f3 que por instrucciones de la alcaldesa Desisse Ugalde, en breve comenzar\u00e1n a circular motocicletas, cuya funci\u00f3n ser\u00e1 recorrer las calles y avenidas del municipio para comprobar que los trabajos se hayan concluido de manera adecuada.<\/p>\n<p>A su vez,\u00a0 Santiago Olivares Ch\u00e1vez, representante de los vecinos, \u00a0reconoci\u00f3 la labor que hasta el momento ha realizado la presidenta municipal, Denisse Ugalde Alegr\u00eda para mejorar el entorno de su comunidad y le agradeci\u00f3 los trabajos de bacheo que han realizado en diversas calles de su colonia.<\/p>\n<p>Por otro lado, Ugalde Alegr\u00eda inform\u00f3 que en breve dar\u00e1 a conocer el proyecto que su administraci\u00f3n llevar\u00e1 a cabo en dicho Vaso Regulador \u00a0para que se mantenga como un cuerpo de agua, estaci\u00f3n de aves migratorias y espacio para actividades recreativas familiares y deportivas.<\/p>\n<p><strong>\u00a0<\/strong><\/p>\n","protected":false},"excerpt":{"rendered":"<p>Como parte del programa permanente de bacheo que implement\u00f3 desde el primer d\u00eda de su gesti\u00f3n, la presidenta municipal, Denisse Ugalde Alegr\u00eda, supervis\u00f3 los trabajos realizados en la colonia  San Felipe Ixtacala, en donde se comprometi\u00f3 a continuar con dichas acciones para que Tlalnepantla mantenga su movilidad y logre posicionarse por encima de otras ciudades.<\/p>\n","protected":false},"author":3,"featured_media":262154,"comment_status":"open","ping_status":"open","sticky":false,"template":"","format":"standard","meta":{"_monsterinsights_skip_tracking":false,"_monsterinsights_sitenote_active":false,"_monsterinsights_sitenote_note":"","_monsterinsights_sitenote_category":0,"footnotes":""},"categories":[35155],"tags":[45490,43675,26421,169],"class_list":["post-262074","post","type-post","status-publish","format-standard","has-post-thumbnail","hentry","category-estado-de-mexico-estado-de-mexico","tag-denisse-ugalde-alegria","tag-estado-de-mexico","tag-movilidad","tag-tlalnepantla"],"_links":{"self":[{"href":"https:\/\/www.diarioimagen.net\/index.php?rest_route=\/wp\/v2\/posts\/262074","targetHints":{"allow":["GET"]}}],"collection":[{"href":"https:\/\/www.diarioimagen.net\/index.php?rest_route=\/wp\/v2\/posts"}],"about":[{"href":"https:\/\/www.diarioimagen.net\/index.php?rest_route=\/wp\/v2\/types\/post"}],"author":[{"embeddable":true,"href":"https:\/\/www.diarioimagen.net\/index.php?rest_route=\/wp\/v2\/users\/3"}],"replies":[{"embeddable":true,"href":"https:\/\/www.diarioimagen.net\/index.php?rest_route=%2Fwp%2Fv2%2Fcomments&post=262074"}],"version-history":[{"count":0,"href":"https:\/\/www.diarioimagen.net\/index.php?rest_route=\/wp\/v2\/posts\/262074\/revisions"}],"wp:featuredmedia":[{"embeddable":true,"href":"https:\/\/www.diarioimagen.net\/index.php?rest_route=\/wp\/v2\/media\/262154"}],"wp:attachment":[{"href":"https:\/\/www.diarioimagen.net\/index.php?rest_route=%2Fwp%2Fv2%2Fmedia&parent=262074"}],"wp:term":[{"taxonomy":"category","embeddable":true,"href":"https:\/\/www.diarioimagen.net\/index.php?rest_route=%2Fwp%2Fv2%2Fcategories&post=262074"},{"taxonomy":"post_tag","embeddable":true,"href":"https:\/\/www.diarioimagen.net\/index.php?rest_route=%2Fwp%2Fv2%2Ftags&post=262074"}],"curies":[{"name":"wp","href":"https:\/\/api.w.org\/{rel}","templated":true}]}}