{"id":262205,"date":"2016-03-31T00:09:26","date_gmt":"2016-03-31T06:09:26","guid":{"rendered":"http:\/\/www.diarioimagen.net\/?p=262205"},"modified":"2016-03-30T23:27:13","modified_gmt":"2016-03-31T05:27:13","slug":"leche-liconsa-a-1-peso-en-municipios-con-mas-pobreza","status":"publish","type":"post","link":"https:\/\/www.diarioimagen.net\/?p=262205","title":{"rendered":"Leche Liconsa a 1 peso en municipios con m\u00e1s pobreza"},"content":{"rendered":"<ul>\n<li><strong><em>Programa piloto, a partir de mayo<\/em><\/strong><\/li>\n<\/ul>\n<p>&nbsp;<\/p>\n<div id=\"attachment_262206\" style=\"width: 430px\" class=\"wp-caption aligncenter\"><a href=\"http:\/\/www.diarioimagen.net\/?attachment_id=262206\" rel=\"attachment wp-att-262206\"><img loading=\"lazy\" decoding=\"async\" aria-describedby=\"caption-attachment-262206\" class=\"wp-image-262206 size-large\" src=\"http:\/\/www.diarioimagen.net\/wp-content\/uploads\/2016\/03\/LICONSA-portal-1-420x245.jpg\" alt=\"Liconsa vender\u00e1 en un peso la leche en municipios con menor \u00edndice de desarrollo que se ubican en Guerrero, Chiapas y Oaxaca.\" width=\"420\" height=\"245\" srcset=\"https:\/\/www.diarioimagen.net\/wp-content\/uploads\/2016\/03\/LICONSA-portal-1-420x245.jpg 420w, https:\/\/www.diarioimagen.net\/wp-content\/uploads\/2016\/03\/LICONSA-portal-1-240x140.jpg 240w, https:\/\/www.diarioimagen.net\/wp-content\/uploads\/2016\/03\/LICONSA-portal-1.jpg 480w\" sizes=\"auto, (max-width: 420px) 100vw, 420px\" \/><\/a><p id=\"caption-attachment-262206\" class=\"wp-caption-text\">Liconsa vender\u00e1 en un peso la leche en municipios con menor \u00edndice de desarrollo que se ubican en Guerrero, Chiapas y Oaxaca.<\/p><\/div>\n<p>&nbsp;<\/p>\n<p>A partir del 1 de mayo, y no en abril como se hab\u00eda anunciado originalmente, Liconsa vender\u00e1 en un peso la leche en los 150 municipios con menor \u00edndice de desarrollo.<\/p>\n<p>En conferencia de prensa posterior a la sesi\u00f3n del Consejo de Administraci\u00f3n, el secretario de Desarrollo Social, Jos\u00e9 Antonio Meade Kuribre\u00f1a, explic\u00f3 que el programa piloto impactar\u00e1 en alrededor de 73 mil personas.<\/p>\n<p>El funcionario federal se\u00f1al\u00f3 que como parte de este plan se dar\u00e1 seguimiento a la situaci\u00f3n nutricional de ni\u00f1as, ni\u00f1os, adultos mayores y mujeres embarazadas beneficiarias.<\/p>\n<p>El procedimiento se har\u00e1 con el acompa\u00f1amiento de organizaciones de la sociedad civil como Un Kilo de Ayuda e instituciones gubernamentales de salud.<\/p>\n<p>Record\u00f3 que en la actual administraci\u00f3n la red de Liconsa, pensada originalmente para zonas urbanas, ha incrementado su presencia en zonas rurales por lo que en 39 de los 150 municipios a\u00fan no hay lecher\u00edas y en el resto tienen menos de tres a\u00f1os.<\/p>\n<p>Por ello en los municipios que carecen de lecher\u00edas, el abasto ser\u00e1 a trav\u00e9s de la otra empresa social de la Sedesol: Diconsa.<\/p>\n<p>El programa piloto ocupar\u00e1 42 millones de pesos de la empresa Liconsa y ocho millones adicionales de Diconsa.<\/p>\n<p>Meade Kuribre\u00f1a se\u00f1al\u00f3 que el padr\u00f3n de beneficiarios, que crecer\u00e1 aproximadamente 50 por ciento, es auditable y transparente con lo que se prev\u00e9 evitar que la leche sea revendida o utilizada con fines electorales.<\/p>\n","protected":false},"excerpt":{"rendered":"<p>A partir del 1 de mayo, y no en abril como se hab\u00eda anunciado originalmente, Liconsa vender\u00e1 en un peso la leche en los 150 municipios con menor \u00edndice de desarrollo. En conferencia de prensa posterior a la sesi\u00f3n del Consejo de Administraci\u00f3n, el secretario de Desarrollo Social, Jos\u00e9 Antonio Meade Kuribre\u00f1a, explic\u00f3 que el programa piloto impactar\u00e1 en alrededor de 73 mil personas.<\/p>\n","protected":false},"author":5,"featured_media":262206,"comment_status":"open","ping_status":"open","sticky":false,"template":"","format":"standard","meta":{"_monsterinsights_skip_tracking":false,"_monsterinsights_sitenote_active":false,"_monsterinsights_sitenote_note":"","_monsterinsights_sitenote_category":0,"footnotes":""},"categories":[3],"tags":[26429,49934,43673,2421,43692],"class_list":["post-262205","post","type-post","status-publish","format-standard","has-post-thumbnail","hentry","category-nacional","tag-jose-antonio-meade-kuribrena","tag-leche-liconsa","tag-nacional","tag-pobreza","tag-salud"],"_links":{"self":[{"href":"https:\/\/www.diarioimagen.net\/index.php?rest_route=\/wp\/v2\/posts\/262205","targetHints":{"allow":["GET"]}}],"collection":[{"href":"https:\/\/www.diarioimagen.net\/index.php?rest_route=\/wp\/v2\/posts"}],"about":[{"href":"https:\/\/www.diarioimagen.net\/index.php?rest_route=\/wp\/v2\/types\/post"}],"author":[{"embeddable":true,"href":"https:\/\/www.diarioimagen.net\/index.php?rest_route=\/wp\/v2\/users\/5"}],"replies":[{"embeddable":true,"href":"https:\/\/www.diarioimagen.net\/index.php?rest_route=%2Fwp%2Fv2%2Fcomments&post=262205"}],"version-history":[{"count":0,"href":"https:\/\/www.diarioimagen.net\/index.php?rest_route=\/wp\/v2\/posts\/262205\/revisions"}],"wp:featuredmedia":[{"embeddable":true,"href":"https:\/\/www.diarioimagen.net\/index.php?rest_route=\/wp\/v2\/media\/262206"}],"wp:attachment":[{"href":"https:\/\/www.diarioimagen.net\/index.php?rest_route=%2Fwp%2Fv2%2Fmedia&parent=262205"}],"wp:term":[{"taxonomy":"category","embeddable":true,"href":"https:\/\/www.diarioimagen.net\/index.php?rest_route=%2Fwp%2Fv2%2Fcategories&post=262205"},{"taxonomy":"post_tag","embeddable":true,"href":"https:\/\/www.diarioimagen.net\/index.php?rest_route=%2Fwp%2Fv2%2Ftags&post=262205"}],"curies":[{"name":"wp","href":"https:\/\/api.w.org\/{rel}","templated":true}]}}