{"id":262225,"date":"2016-03-30T23:50:52","date_gmt":"2016-03-31T05:50:52","guid":{"rendered":"http:\/\/www.diarioimagen.net\/?p=262225"},"modified":"2016-03-31T05:42:28","modified_gmt":"2016-03-31T11:42:28","slug":"la-voz-de-un-sueno-mostrara-la-riqueza-cultural-historica-y-arquitectonica-de-morelia","status":"publish","type":"post","link":"https:\/\/www.diarioimagen.net\/?p=262225","title":{"rendered":"\u201cLa voz de un sue\u00f1o\u201d mostrar\u00e1 la riqueza cultural, hist\u00f3rica y arquitect\u00f3nica de Morelia"},"content":{"rendered":"<ul>\n<li><em><strong>El filme estar\u00e1 protagonizado por Patricia Reyes Sp\u00edndola, Iazua Larios, Salvador S\u00e1nchez, Axel Ricco, Mar\u00eda Le\u00f3n y Adriana Paz<\/strong><\/em><\/li>\n<\/ul>\n<p>&nbsp;<\/p>\n<p>&nbsp;<\/p>\n<div id=\"attachment_262226\" style=\"width: 430px\" class=\"wp-caption aligncenter\"><a href=\"http:\/\/www.diarioimagen.net\/?attachment_id=262226\" rel=\"attachment wp-att-262226\"><img loading=\"lazy\" decoding=\"async\" aria-describedby=\"caption-attachment-262226\" class=\"size-large wp-image-262226\" src=\"http:\/\/www.diarioimagen.net\/wp-content\/uploads\/2016\/03\/morelia-PORTAL-420x245.jpg\" alt=\"El presidente municipal de Morelia, Alfonso Mart\u00ednez Alc\u00e1zar, dio a conocer que la Ciudad de la Cantera Rosa ser\u00e1 anfitriona de la grabaci\u00f3n del filme producido por Nacho Casares y cuya tem\u00e1tica conjuga en su elenco a grandes actores.\" width=\"420\" height=\"245\" srcset=\"https:\/\/www.diarioimagen.net\/wp-content\/uploads\/2016\/03\/morelia-PORTAL-420x245.jpg 420w, https:\/\/www.diarioimagen.net\/wp-content\/uploads\/2016\/03\/morelia-PORTAL-240x140.jpg 240w, https:\/\/www.diarioimagen.net\/wp-content\/uploads\/2016\/03\/morelia-PORTAL.jpg 480w\" sizes=\"auto, (max-width: 420px) 100vw, 420px\" \/><\/a><p id=\"caption-attachment-262226\" class=\"wp-caption-text\">El presidente municipal de Morelia, Alfonso Mart\u00ednez Alc\u00e1zar, dio a conocer que la Ciudad de la Cantera Rosa ser\u00e1 anfitriona de la grabaci\u00f3n del filme producido por Nacho Casares y cuya tem\u00e1tica conjuga en su elenco a grandes actores.<\/p><\/div>\n<p>&nbsp;<\/p>\n<p>La ciudad de Morelia ser\u00e1 el escenario ideal en el que comenzar\u00e1n las grabaciones de la pel\u00edcula: \u201cLa voz de un sue\u00f1o\u201d.<\/p>\n<p>Este nuevo filme que ser\u00e1 protagonizado por Patricia Reyes Sp\u00edndola, Iazua Larios, Salvador S\u00e1nchez, Axel Ricco, Mar\u00eda Le\u00f3n y Adriana Paz, permitir\u00e1 dar a conocer las bellezas hist\u00f3ricas, arquitect\u00f3nicas y culturales de la ciudad.<\/p>\n<p>Al respecto, el productor Nacho Casares destac\u00f3 que ser\u00e1 una gran oportunidad y un privilegio trabajar en una ciudad con tanta riqueza cultural, como lo es Morelia.<\/p>\n<p>Esta pel\u00edcula se realiza en la ciudad con el prop\u00f3sito de impulsar y desarrollar las industrias culturales de la entidad por lo que espera que sea la primera de muchas pel\u00edculas que puedan rodar en la capital y en el estado.<\/p>\n<p>\u201cYo creo fielmente en que hoy el cine, la m\u00fasica, los video juegos y el entretenimiento en general, son unas de las industrias m\u00e1s potentes y creo que hay que traerlo para Michoac\u00e1n, que tiene todo para rodar un filme\u201d.<\/p>\n<p>Los actores Iazua Larios, Salvador S\u00e1nchez, Adriana Paz, Axel Ricco, Mar\u00eda Le\u00f3n y la cantante Roc\u00edo Vega, auguraron un gran \u00e9xito para esta producci\u00f3n que ver\u00e1 la luz en el marco del Festival Internacional de Cine de Morelia.<\/p>\n<p>El presidente municipal de Morelia, Alfonso Mart\u00ednez Alc\u00e1zar, dio a conocer que la Ciudad de la Cantera Rosa ser\u00e1 anfitriona de la grabaci\u00f3n del filme producido por Nacho Casares y cuya tem\u00e1tica conjuga en su elenco a grandes actores.<\/p>\n<p>Durante el rodaje de esta producci\u00f3n mexicana, Morelia ser\u00e1 presentada como la ciudad m\u00e1s bella del pa\u00eds y del mundo, por lo que es una magn\u00edfica oportunidad para que se conozca lo que realmente es la capital del estado.<\/p>\n<p>\u201cEsta es una excelente oportunidad para a dar a conocer la belleza de Morelia desde otra \u00f3ptica, desde su arquitectura, su historia, sus tradiciones y su gente. A m\u00ed lo que me encantar\u00eda es que se pudiera plasmar lo que realmente es Morelia y que en esta pel\u00edcula la gente se pueda dar cuenta de lo que es esta ciudad\u201d, dijo Alfonso Mart\u00ednez<\/p>\n<p>El presidente municipal ofreci\u00f3 todo el apoyo necesario y facilidades para que el rodaje se lleve a cabo sin ninguna complicaci\u00f3n.<\/p>\n<p>Destac\u00f3 que el estado, impulsado por la ciudad capital, est\u00e1 en un franco reposicionamiento cultural a nivel nacional e internacional.<\/p>\n","protected":false},"excerpt":{"rendered":"<p>La ciudad de Morelia ser\u00e1 el escenario ideal en el que comenzar\u00e1n las grabaciones de la pel\u00edcula: \u201cLa voz de un sue\u00f1o\u201d.<\/p>\n","protected":false},"author":5,"featured_media":262226,"comment_status":"open","ping_status":"open","sticky":false,"template":"","format":"standard","meta":{"_monsterinsights_skip_tracking":false,"_monsterinsights_sitenote_active":false,"_monsterinsights_sitenote_note":"","_monsterinsights_sitenote_category":0,"footnotes":""},"categories":[17,12],"tags":[43682,48857,2621,49944],"class_list":["post-262225","post","type-post","status-publish","format-standard","has-post-thumbnail","hentry","category-especiales","category-espectaculos","tag-espectaculos","tag-maria-leon","tag-patricia-reyes-spindola","tag-salvador-sanchez"],"_links":{"self":[{"href":"https:\/\/www.diarioimagen.net\/index.php?rest_route=\/wp\/v2\/posts\/262225","targetHints":{"allow":["GET"]}}],"collection":[{"href":"https:\/\/www.diarioimagen.net\/index.php?rest_route=\/wp\/v2\/posts"}],"about":[{"href":"https:\/\/www.diarioimagen.net\/index.php?rest_route=\/wp\/v2\/types\/post"}],"author":[{"embeddable":true,"href":"https:\/\/www.diarioimagen.net\/index.php?rest_route=\/wp\/v2\/users\/5"}],"replies":[{"embeddable":true,"href":"https:\/\/www.diarioimagen.net\/index.php?rest_route=%2Fwp%2Fv2%2Fcomments&post=262225"}],"version-history":[{"count":0,"href":"https:\/\/www.diarioimagen.net\/index.php?rest_route=\/wp\/v2\/posts\/262225\/revisions"}],"wp:featuredmedia":[{"embeddable":true,"href":"https:\/\/www.diarioimagen.net\/index.php?rest_route=\/wp\/v2\/media\/262226"}],"wp:attachment":[{"href":"https:\/\/www.diarioimagen.net\/index.php?rest_route=%2Fwp%2Fv2%2Fmedia&parent=262225"}],"wp:term":[{"taxonomy":"category","embeddable":true,"href":"https:\/\/www.diarioimagen.net\/index.php?rest_route=%2Fwp%2Fv2%2Fcategories&post=262225"},{"taxonomy":"post_tag","embeddable":true,"href":"https:\/\/www.diarioimagen.net\/index.php?rest_route=%2Fwp%2Fv2%2Ftags&post=262225"}],"curies":[{"name":"wp","href":"https:\/\/api.w.org\/{rel}","templated":true}]}}