{"id":262239,"date":"2016-03-31T00:06:18","date_gmt":"2016-03-31T06:06:18","guid":{"rendered":"http:\/\/www.diarioimagen.net\/?p=262239"},"modified":"2016-04-01T01:19:40","modified_gmt":"2016-04-01T07:19:40","slug":"distintivo-a-empresas-que-fomenten-igualdad-laboral","status":"publish","type":"post","link":"https:\/\/www.diarioimagen.net\/?p=262239","title":{"rendered":"Distintivo a empresas que fomenten igualdad laboral"},"content":{"rendered":"<ul>\n<li><strong><em>Se suma Edomex a iniciativa de ONU-Mujeres: He For She<\/em><\/strong><\/li>\n<\/ul>\n<p>&nbsp;<\/p>\n<div id=\"attachment_262344\" style=\"width: 430px\" class=\"wp-caption aligncenter\"><a href=\"http:\/\/www.diarioimagen.net\/?attachment_id=262344\" rel=\"attachment wp-att-262344\"><img loading=\"lazy\" decoding=\"async\" aria-describedby=\"caption-attachment-262344\" class=\"size-large wp-image-262344\" src=\"http:\/\/www.diarioimagen.net\/wp-content\/uploads\/2016\/03\/eruviel-2835-420x279.jpg\" alt=\"En el evento Acciones para la Mujer, el gobernador Eruviel \u00c1vila Vilegas entreg\u00f3 apoyos alimentarios y en materia de salud, as\u00ed como becas y laptops a los mejores estudiantes de preparatoria y universidad.\" width=\"420\" height=\"279\" srcset=\"https:\/\/www.diarioimagen.net\/wp-content\/uploads\/2016\/03\/eruviel-2835-420x279.jpg 420w, https:\/\/www.diarioimagen.net\/wp-content\/uploads\/2016\/03\/eruviel-2835-240x159.jpg 240w, https:\/\/www.diarioimagen.net\/wp-content\/uploads\/2016\/03\/eruviel-2835.jpg 640w\" sizes=\"auto, (max-width: 420px) 100vw, 420px\" \/><\/a><p id=\"caption-attachment-262344\" class=\"wp-caption-text\">En el evento Acciones para la Mujer, el gobernador Eruviel \u00c1vila Vilegas entreg\u00f3 apoyos alimentarios y en materia de salud, as\u00ed como becas y laptops a los mejores estudiantes de preparatoria y universidad.<\/p><\/div>\n<p>&nbsp;<\/p>\n<p><strong>Tlalnepantla, Estado de M\u00e9xico<\/strong>.- En el Estado de M\u00e9xico se impulsa el trato igualitario para las mujeres en el trabajo, a trav\u00e9s del fomento a la distribuci\u00f3n equitativa de salarios, compensaciones y otros incentivos, afirm\u00f3 el gobernador Eruviel \u00c1vila, al dar a conocer que se otorgar\u00e1 el distintivo Mujeres a la Par, a las empresas y centros de trabajo que fomenten de manera permanente la equidad de g\u00e9nero.<\/p>\n<p>Por lo tanto, dijo que el gobierno mexiquense se suma formalmente a la iniciativa de ONU-Mujeres: He For She, que propone fomentar la distribuci\u00f3n equitativa de salarios, compensaciones y otros incentivos entre mujeres y hombres, para lo cual se realizar\u00e1n visitas y se dar\u00e1 asesor\u00eda a las empresas para promover igualdad en el pago y en las prestaciones laborales.<\/p>\n<p>Respecto al distintivo Mujeres a la Par, Eruviel \u00c1vila mencion\u00f3 que implica un valor agregado para las empresas al permitirles generar m\u00e1s oportunidades de crecimiento, tanto para los trabajadores. As\u00ed que las empresas galardonadas tendr\u00e1n las facilidades para programas de capacitaci\u00f3n y desarrollo profesional que brinda la Secretar\u00eda del Trabajo.<\/p>\n<p>En el evento Acciones para la Mujer, donde m\u00e1s de 3 mil f\u00e9minas recibieron apoyos alimentarios y en materia de salud, as\u00ed como becas y laptops a los mejores estudiantes de preparatoria y universidad, por lo que el gobernador destac\u00f3 la participaci\u00f3n de la mujer en distintas \u00e1reas, pues el 58 por ciento de los servidores p\u00fablicos estatales son mujeres, en el magisterio de la entidad el 64 por ciento son maestras, y en el sector salud el 65 por ciento, son doctoras, enfermeras y trabajadoras.<\/p>\n<p>&nbsp;<\/p>\n","protected":false},"excerpt":{"rendered":"<p> En el Estado de M\u00e9xico se impulsa el trato igualitario para las mujeres en el trabajo, a trav\u00e9s del fomento a la distribuci\u00f3n equitativa de salarios, compensaciones y otros incentivos, afirm\u00f3 el gobernador Eruviel \u00c1vila, al dar a conocer que se otorgar\u00e1 el distintivo Mujeres a la Par, a las empresas y centros de trabajo que fomenten de manera permanente la equidad de g\u00e9nero.<\/p>\n","protected":false},"author":3,"featured_media":262344,"comment_status":"open","ping_status":"open","sticky":false,"template":"","format":"standard","meta":{"_monsterinsights_skip_tracking":false,"_monsterinsights_sitenote_active":false,"_monsterinsights_sitenote_note":"","_monsterinsights_sitenote_category":0,"footnotes":""},"categories":[5],"tags":[43675,49950,169],"class_list":["post-262239","post","type-post","status-publish","format-standard","has-post-thumbnail","hentry","category-estado-de-mexico","tag-estado-de-mexico","tag-igualdad-laboral","tag-tlalnepantla"],"_links":{"self":[{"href":"https:\/\/www.diarioimagen.net\/index.php?rest_route=\/wp\/v2\/posts\/262239","targetHints":{"allow":["GET"]}}],"collection":[{"href":"https:\/\/www.diarioimagen.net\/index.php?rest_route=\/wp\/v2\/posts"}],"about":[{"href":"https:\/\/www.diarioimagen.net\/index.php?rest_route=\/wp\/v2\/types\/post"}],"author":[{"embeddable":true,"href":"https:\/\/www.diarioimagen.net\/index.php?rest_route=\/wp\/v2\/users\/3"}],"replies":[{"embeddable":true,"href":"https:\/\/www.diarioimagen.net\/index.php?rest_route=%2Fwp%2Fv2%2Fcomments&post=262239"}],"version-history":[{"count":0,"href":"https:\/\/www.diarioimagen.net\/index.php?rest_route=\/wp\/v2\/posts\/262239\/revisions"}],"wp:featuredmedia":[{"embeddable":true,"href":"https:\/\/www.diarioimagen.net\/index.php?rest_route=\/wp\/v2\/media\/262344"}],"wp:attachment":[{"href":"https:\/\/www.diarioimagen.net\/index.php?rest_route=%2Fwp%2Fv2%2Fmedia&parent=262239"}],"wp:term":[{"taxonomy":"category","embeddable":true,"href":"https:\/\/www.diarioimagen.net\/index.php?rest_route=%2Fwp%2Fv2%2Fcategories&post=262239"},{"taxonomy":"post_tag","embeddable":true,"href":"https:\/\/www.diarioimagen.net\/index.php?rest_route=%2Fwp%2Fv2%2Ftags&post=262239"}],"curies":[{"name":"wp","href":"https:\/\/api.w.org\/{rel}","templated":true}]}}