{"id":262247,"date":"2016-03-31T00:03:09","date_gmt":"2016-03-31T06:03:09","guid":{"rendered":"http:\/\/www.diarioimagen.net\/?p=262247"},"modified":"2016-04-01T01:19:23","modified_gmt":"2016-04-01T07:19:23","slug":"en-subasta-ganan-las-energias-limpias-joaquin-coldwell","status":"publish","type":"post","link":"https:\/\/www.diarioimagen.net\/?p=262247","title":{"rendered":"En subasta ganan las energ\u00edas limpias:  Joaqu\u00edn Coldwell"},"content":{"rendered":"<div id=\"attachment_262359\" style=\"width: 430px\" class=\"wp-caption aligncenter\"><a href=\"http:\/\/www.diarioimagen.net\/?attachment_id=262359\" rel=\"attachment wp-att-262359\"><img loading=\"lazy\" decoding=\"async\" aria-describedby=\"caption-attachment-262359\" class=\"size-large wp-image-262359\" src=\"http:\/\/www.diarioimagen.net\/wp-content\/uploads\/2016\/03\/coldwell-2835-420x236.jpg\" alt=\"El Secretario de Energ\u00eda, Pedro Joaqu\u00edn Coldwell, particip\u00f3 en el evento de Conclusi\u00f3n de la Primera Subasta El\u00e9ctrica. \" width=\"420\" height=\"236\" srcset=\"https:\/\/www.diarioimagen.net\/wp-content\/uploads\/2016\/03\/coldwell-2835-420x236.jpg 420w, https:\/\/www.diarioimagen.net\/wp-content\/uploads\/2016\/03\/coldwell-2835-240x135.jpg 240w, https:\/\/www.diarioimagen.net\/wp-content\/uploads\/2016\/03\/coldwell-2835-480x270.jpg 480w, https:\/\/www.diarioimagen.net\/wp-content\/uploads\/2016\/03\/coldwell-2835-235x132.jpg 235w, https:\/\/www.diarioimagen.net\/wp-content\/uploads\/2016\/03\/coldwell-2835-202x114.jpg 202w, https:\/\/www.diarioimagen.net\/wp-content\/uploads\/2016\/03\/coldwell-2835-350x196.jpg 350w, https:\/\/www.diarioimagen.net\/wp-content\/uploads\/2016\/03\/coldwell-2835-220x123.jpg 220w, https:\/\/www.diarioimagen.net\/wp-content\/uploads\/2016\/03\/coldwell-2835-237x132.jpg 237w, https:\/\/www.diarioimagen.net\/wp-content\/uploads\/2016\/03\/coldwell-2835.jpg 700w\" sizes=\"auto, (max-width: 420px) 100vw, 420px\" \/><\/a><p id=\"caption-attachment-262359\" class=\"wp-caption-text\">El Secretario de Energ\u00eda, Pedro Joaqu\u00edn Coldwell, particip\u00f3 en el evento de Conclusi\u00f3n de la Primera Subasta El\u00e9ctrica.<\/p><\/div>\n<p>&nbsp;<\/p>\n<p>El titular de la Secretar\u00eda de Energ\u00eda (Sener), Pedro Joaqu\u00edn Coldwell, asegur\u00f3 que con la subasta de largo plazo ganaron las energ\u00edas limpias, con lo que se acredita que \u00e9stas son atractivas para la inversi\u00f3n y una buena oportunidad de negocio.<\/p>\n<p>Durante su participaci\u00f3n en la conclusi\u00f3n del proceso, dijo que de los dos mil 85 megawatts en los que se va a incrementar la capacidad el\u00e9ctrica que se instalar\u00e1 en el pa\u00eds, mil 691 megawatts ser\u00e1n de energ\u00eda solar y 394 megawatts de e\u00f3lica.<\/p>\n<p>\u201cSe acredit\u00f3 que las energ\u00edas limpias s\u00ed son atractivas para la inversi\u00f3n y que son buenas oportunidades de negocio. Vemos con entusiasmos que las energ\u00edas limpias est\u00e1n resultando competitivas para la generaci\u00f3n el\u00e9ctrica con respecto a las fuentes f\u00f3siles\u201d, afirm\u00f3.<\/p>\n<p>En este sentido, Pedro Joaqu\u00edn Coldwell record\u00f3 que los precios de las energ\u00eda limpias est\u00e1n cayendo a un ritmo considerable, particularmente la solar, que ha venido reduciendo sus costos en los \u00faltimos a\u00f1os.<\/p>\n<p>Asimismo, dijo que si hay competencia entre las energ\u00edas limpias, con la metodolog\u00eda de subasta adecuada es posible cuidar el ambiente y ser compatible con conseguir los mejores precios de electricidad, por lo que estima que se incremente en 2.0 por ciento la generaci\u00f3n el\u00e9ctrica con fuentes renovables.<\/p>\n<p>Coldwell destac\u00f3 que la subasta arroja los primeros frutos del mercado el\u00e9ctrico mayorista creado por la reforma, ya que se est\u00e1 consolid\u00e1ndose un ecosistema empresarial en el que participa la Comisi\u00f3n Federal de Electricidad (CFE), con una diversidad de empresas privadas.<\/p>\n<p>\u201cCon esta subasta ganaron la transparencia y el principio de libre competencia, porque todas las empresas tuvieron piso parejo para competir entre s\u00ed y se lograron muy buenos precios para el comprador\u201d.<\/p>\n<p style=\"text-align: center;\"><strong>Ganan 11 empresas en primera subasta <\/strong><\/p>\n<p>Luego de la revisi\u00f3n de las posturas de las empresas y volver a correr el sistema para la primera Subasta El\u00e9ctrica de Largo Plazo resultaron ganadoras 18 ofertas de 11 empresas, cuyos proyectos traer\u00e1n inversiones por al menos 2.6 mil millones de d\u00f3lares.<\/p>\n<p>El subsecretario de Electricidad de la Secretar\u00eda de Energ\u00eda (Sener), C\u00e9sar Emiliano Hern\u00e1ndez Ochoa, explic\u00f3 que tras una evaluaci\u00f3n hecha por el Centro Nacional de Control de Energ\u00eda (Cenace), la oferta de la empresa Gestamp Wind M\u00e9xico fue desechada al ser muy baja y se volvi\u00f3 a correr el algoritmo, al considerarse tambi\u00e9n los precios nodales.<\/p>\n<p>De acuerdo con el funcionario, es muy importante que la subasta fuera adjudicada conforme a los criterios previstos, ya que de lo contrario, al revisar el modelo, las posibles compa\u00f1\u00edas perjudicadas habr\u00edan tenido razones fundadas para protestar.<\/p>\n","protected":false},"excerpt":{"rendered":"<p>El titular de la Secretar\u00eda de Energ\u00eda (Sener), Pedro Joaqu\u00edn Coldwell, asegur\u00f3 que con la subasta de largo plazo ganaron las energ\u00edas limpias, con lo que se acredita que \u00e9stas son atractivas para la inversi\u00f3n y una buena oportunidad de negocio.<\/p>\n","protected":false},"author":3,"featured_media":262359,"comment_status":"open","ping_status":"open","sticky":false,"template":"","format":"standard","meta":{"_monsterinsights_skip_tracking":false,"_monsterinsights_sitenote_active":false,"_monsterinsights_sitenote_note":"","_monsterinsights_sitenote_category":0,"footnotes":""},"categories":[3],"tags":[23603,43673,1012,27700],"class_list":["post-262247","post","type-post","status-publish","format-standard","has-post-thumbnail","hentry","category-nacional","tag-energia","tag-nacional","tag-pedro-joaquin-coldwell","tag-sener"],"_links":{"self":[{"href":"https:\/\/www.diarioimagen.net\/index.php?rest_route=\/wp\/v2\/posts\/262247","targetHints":{"allow":["GET"]}}],"collection":[{"href":"https:\/\/www.diarioimagen.net\/index.php?rest_route=\/wp\/v2\/posts"}],"about":[{"href":"https:\/\/www.diarioimagen.net\/index.php?rest_route=\/wp\/v2\/types\/post"}],"author":[{"embeddable":true,"href":"https:\/\/www.diarioimagen.net\/index.php?rest_route=\/wp\/v2\/users\/3"}],"replies":[{"embeddable":true,"href":"https:\/\/www.diarioimagen.net\/index.php?rest_route=%2Fwp%2Fv2%2Fcomments&post=262247"}],"version-history":[{"count":0,"href":"https:\/\/www.diarioimagen.net\/index.php?rest_route=\/wp\/v2\/posts\/262247\/revisions"}],"wp:featuredmedia":[{"embeddable":true,"href":"https:\/\/www.diarioimagen.net\/index.php?rest_route=\/wp\/v2\/media\/262359"}],"wp:attachment":[{"href":"https:\/\/www.diarioimagen.net\/index.php?rest_route=%2Fwp%2Fv2%2Fmedia&parent=262247"}],"wp:term":[{"taxonomy":"category","embeddable":true,"href":"https:\/\/www.diarioimagen.net\/index.php?rest_route=%2Fwp%2Fv2%2Fcategories&post=262247"},{"taxonomy":"post_tag","embeddable":true,"href":"https:\/\/www.diarioimagen.net\/index.php?rest_route=%2Fwp%2Fv2%2Ftags&post=262247"}],"curies":[{"name":"wp","href":"https:\/\/api.w.org\/{rel}","templated":true}]}}