{"id":262254,"date":"2016-03-31T00:04:30","date_gmt":"2016-03-31T06:04:30","guid":{"rendered":"http:\/\/www.diarioimagen.net\/?p=262254"},"modified":"2016-04-01T01:19:27","modified_gmt":"2016-04-01T07:19:27","slug":"disminuye-tasa-de-desempleo-en-mexico","status":"publish","type":"post","link":"https:\/\/www.diarioimagen.net\/?p=262254","title":{"rendered":"Disminuye tasa de desempleo en M\u00e9xico"},"content":{"rendered":"<ul>\n<li><strong><em>Durante febrero<\/em><\/strong><\/li>\n<\/ul>\n<p>&nbsp;<\/p>\n<p><a href=\"http:\/\/www.diarioimagen.net\/?attachment_id=262356\" rel=\"attachment wp-att-262356\"><img loading=\"lazy\" decoding=\"async\" class=\"aligncenter size-large wp-image-262356\" src=\"http:\/\/www.diarioimagen.net\/wp-content\/uploads\/2016\/03\/empleo-2835-420x236.jpg\" alt=\"empleo-2835\" width=\"420\" height=\"236\" srcset=\"https:\/\/www.diarioimagen.net\/wp-content\/uploads\/2016\/03\/empleo-2835-420x236.jpg 420w, https:\/\/www.diarioimagen.net\/wp-content\/uploads\/2016\/03\/empleo-2835-240x135.jpg 240w, https:\/\/www.diarioimagen.net\/wp-content\/uploads\/2016\/03\/empleo-2835-235x132.jpg 235w, https:\/\/www.diarioimagen.net\/wp-content\/uploads\/2016\/03\/empleo-2835-202x114.jpg 202w, https:\/\/www.diarioimagen.net\/wp-content\/uploads\/2016\/03\/empleo-2835-350x196.jpg 350w, https:\/\/www.diarioimagen.net\/wp-content\/uploads\/2016\/03\/empleo-2835-220x123.jpg 220w, https:\/\/www.diarioimagen.net\/wp-content\/uploads\/2016\/03\/empleo-2835-237x132.jpg 237w, https:\/\/www.diarioimagen.net\/wp-content\/uploads\/2016\/03\/empleo-2835.jpg 480w\" sizes=\"auto, (max-width: 420px) 100vw, 420px\" \/><\/a><\/p>\n<p>&nbsp;<\/p>\n<p>En febrero pasado, la tasa de desocupaci\u00f3n en M\u00e9xico fue de 4.1 por ciento de la Poblaci\u00f3n Econ\u00f3micamente Activa (PEA), porcentaje inferior al registrado en el mismo mes de 2015, cuando se ubic\u00f3 en 4.3 por ciento, inform\u00f3 el INEGI.<\/p>\n<p>El Instituto Nacional de Estad\u00edstica y Geograf\u00eda (INEGI) se\u00f1ala que de la PEA, 95.7 por ciento estuvo ocupada en el mes de referencia; sin embargo, a su interior se manifiesta un subuniverso de personas que declar\u00f3 tener necesidad y disponibilidad para trabajar m\u00e1s horas, raz\u00f3n por la cual a este subconjunto se le denomina subocupados.<\/p>\n<p>Destaca que con base en la Encuesta Nacional de Ocupaci\u00f3n y Empleo (ENOE), durante febrero de este a\u00f1o, con series desestacionalizadas, \u00e9stos representaron 8.0 por ciento de la poblaci\u00f3n ocupada, tasa menor a la registrada en enero pasado, de 8.3 por ciento.<\/p>\n<p>Precisa que en febrero de este a\u00f1o 18.7 por ciento de los desocupados no contaba con estudios completos de secundaria; en tanto, que los de mayor nivel de instrucci\u00f3n representaron al 81.3 por ciento.<\/p>\n<p>En datos mensuales, el organismo destaca que la tasa de desocupaci\u00f3n (TD) a nivel nacional fue de 4.3 por ciento de la PEA en febrero pasado, porcentaje ligeramente superior a la del mes precedente, de 4.2 por ciento, con datos ajustados por estacionalidad.<\/p>\n<p>Por sexo, la tasa de desocupaci\u00f3n en los hombres fue de 4.0 por ciento durante febrero de este a\u00f1o, tasa ligeramente menor a la de enero pasado, y en las mujeres aument\u00f3 de 4.4 por ciento a 4.5 por ciento en un mes.<\/p>\n<p>En particular y al considerar s\u00f3lo el conjunto de 32 principales \u00e1reas urbanas del pa\u00eds, donde el mercado de trabajo est\u00e1 m\u00e1s organizado, la desocupaci\u00f3n fue de 4.9 por ciento de la PEA en el mes referido, tasa mayor a la del mes inmediato previo, de 4.8 por ciento.<\/p>\n<p>La informaci\u00f3n preliminar de la ENOE en el segundo mes del a\u00f1o se\u00f1ala que la poblaci\u00f3n subocupada, medida como aquella que declar\u00f3 tener necesidad y disponibilidad para trabajar m\u00e1s horas registr\u00f3 8.0 por ciento de la poblaci\u00f3n ocupada seg\u00fan series desestacionalizadas, cifra inferior a la reportada durante enero pasado, de 8.3 por ciento.<\/p>\n<p>Por su parte, la Tasa de Ocupaci\u00f3n en el Sector Informal represent\u00f3 27.3 por ciento de la poblaci\u00f3n ocupada en el mes que se reporta, dato menor al del mes anterior seg\u00fan datos desestacionalizados.<\/p>\n<p>Subraya que con cifras originales, la poblaci\u00f3n ocupada alcanz\u00f3 95.9 por ciento de la PEA en febrero de este a\u00f1o, de los cuales, 68.2 por ciento opera como trabajador subordinado y remunerado ocupando una plaza o puesto de trabajo, 22.7 por ciento trabaja de manera independiente o por su cuenta sin contratar empleados.<\/p>\n<p>El INEGI resalt\u00f3 que la poblaci\u00f3n ocupada por sector de actividad se concentr\u00f3 en los servicios, con 42.4 por ciento del total; en el comercio, con 19 por ciento; en la la industria manufacturera, con 16.6 por ciento; en las actividades agropecuarias, con 12.3 por ciento; y en la construcci\u00f3n con 8.3 por ciento.<\/p>\n","protected":false},"excerpt":{"rendered":"<p>En febrero pasado, la tasa de desocupaci\u00f3n en M\u00e9xico fue de 4.1 por ciento de la Poblaci\u00f3n Econ\u00f3micamente Activa (PEA), porcentaje inferior al registrado en el mismo mes de 2015, cuando se ubic\u00f3 en 4.3 por ciento, inform\u00f3 el INEGI. El Instituto Nacional de Estad\u00edstica y Geograf\u00eda (INEGI) se\u00f1ala que de la PEA, 95.7 por ciento estuvo ocupada en el mes de referencia; sin embargo, a su interior se manifiesta un subuniverso de personas que declar\u00f3 tener necesidad y disponibilidad para trabajar m\u00e1s horas, raz\u00f3n por la cual a este subconjunto se le denomina subocupados.<\/p>\n","protected":false},"author":3,"featured_media":262356,"comment_status":"open","ping_status":"open","sticky":false,"template":"","format":"standard","meta":{"_monsterinsights_skip_tracking":false,"_monsterinsights_sitenote_active":false,"_monsterinsights_sitenote_note":"","_monsterinsights_sitenote_category":0,"footnotes":""},"categories":[3],"tags":[482,2807,44,43673],"class_list":["post-262254","post","type-post","status-publish","format-standard","has-post-thumbnail","hentry","category-nacional","tag-desempleo","tag-instituto-nacional-de-estadistica-y-geografia","tag-mexico","tag-nacional"],"_links":{"self":[{"href":"https:\/\/www.diarioimagen.net\/index.php?rest_route=\/wp\/v2\/posts\/262254","targetHints":{"allow":["GET"]}}],"collection":[{"href":"https:\/\/www.diarioimagen.net\/index.php?rest_route=\/wp\/v2\/posts"}],"about":[{"href":"https:\/\/www.diarioimagen.net\/index.php?rest_route=\/wp\/v2\/types\/post"}],"author":[{"embeddable":true,"href":"https:\/\/www.diarioimagen.net\/index.php?rest_route=\/wp\/v2\/users\/3"}],"replies":[{"embeddable":true,"href":"https:\/\/www.diarioimagen.net\/index.php?rest_route=%2Fwp%2Fv2%2Fcomments&post=262254"}],"version-history":[{"count":0,"href":"https:\/\/www.diarioimagen.net\/index.php?rest_route=\/wp\/v2\/posts\/262254\/revisions"}],"wp:featuredmedia":[{"embeddable":true,"href":"https:\/\/www.diarioimagen.net\/index.php?rest_route=\/wp\/v2\/media\/262356"}],"wp:attachment":[{"href":"https:\/\/www.diarioimagen.net\/index.php?rest_route=%2Fwp%2Fv2%2Fmedia&parent=262254"}],"wp:term":[{"taxonomy":"category","embeddable":true,"href":"https:\/\/www.diarioimagen.net\/index.php?rest_route=%2Fwp%2Fv2%2Fcategories&post=262254"},{"taxonomy":"post_tag","embeddable":true,"href":"https:\/\/www.diarioimagen.net\/index.php?rest_route=%2Fwp%2Fv2%2Ftags&post=262254"}],"curies":[{"name":"wp","href":"https:\/\/api.w.org\/{rel}","templated":true}]}}