{"id":262258,"date":"2016-03-31T00:08:46","date_gmt":"2016-03-31T06:08:46","guid":{"rendered":"http:\/\/www.diarioimagen.net\/?p=262258"},"modified":"2016-03-31T05:10:45","modified_gmt":"2016-03-31T11:10:45","slug":"mortalidad-materna-ha-disminuido-40-imss","status":"publish","type":"post","link":"https:\/\/www.diarioimagen.net\/?p=262258","title":{"rendered":"Mortalidad materna ha disminuido 40%: IMSS"},"content":{"rendered":"<ul>\n<li><strong><em>En los \u00faltimos tres a\u00f1os<\/em><\/strong><\/li>\n<\/ul>\n<p>&nbsp;<\/p>\n<div id=\"attachment_262367\" style=\"width: 430px\" class=\"wp-caption aligncenter\"><a href=\"http:\/\/www.diarioimagen.net\/?attachment_id=262367\" rel=\"attachment wp-att-262367\"><img loading=\"lazy\" decoding=\"async\" aria-describedby=\"caption-attachment-262367\" class=\"size-large wp-image-262367\" src=\"http:\/\/www.diarioimagen.net\/wp-content\/uploads\/2016\/03\/arriola-2835-420x236.jpg\" alt=\"El director general del IMSS, Mikel Arriola Pe\u00f1alosa.\" width=\"420\" height=\"236\" srcset=\"https:\/\/www.diarioimagen.net\/wp-content\/uploads\/2016\/03\/arriola-2835-420x236.jpg 420w, https:\/\/www.diarioimagen.net\/wp-content\/uploads\/2016\/03\/arriola-2835-240x135.jpg 240w, https:\/\/www.diarioimagen.net\/wp-content\/uploads\/2016\/03\/arriola-2835-235x132.jpg 235w, https:\/\/www.diarioimagen.net\/wp-content\/uploads\/2016\/03\/arriola-2835-202x114.jpg 202w, https:\/\/www.diarioimagen.net\/wp-content\/uploads\/2016\/03\/arriola-2835-350x196.jpg 350w, https:\/\/www.diarioimagen.net\/wp-content\/uploads\/2016\/03\/arriola-2835-220x123.jpg 220w, https:\/\/www.diarioimagen.net\/wp-content\/uploads\/2016\/03\/arriola-2835-237x132.jpg 237w, https:\/\/www.diarioimagen.net\/wp-content\/uploads\/2016\/03\/arriola-2835.jpg 480w\" sizes=\"auto, (max-width: 420px) 100vw, 420px\" \/><\/a><p id=\"caption-attachment-262367\" class=\"wp-caption-text\">El director general del IMSS, Mikel Arriola Pe\u00f1alosa.<\/p><\/div>\n<p>&nbsp;<\/p>\n<p>En los \u00faltimos tres a\u00f1os, la mortalidad materna en M\u00e9xico se ha reducido 40 por ciento en los pueblos ind\u00edgenas, al bajar de 37 a 22 defunciones por cada 100 mil nacidos vivos, afirm\u00f3 el director general del IMSS, Mikel Arriola Pe\u00f1alosa.<\/p>\n<p>De gira de trabajo por el estado de Veracruz, el titular del Instituto Mexicano del Seguro Social (IMSS) expres\u00f3 que la labor de las parteras ha sido fundamental para prevenir muertes maternas.<\/p>\n<p>Manifest\u00f3 que su papel es clave para fomentar la lactancia, considerada la primera vacuna en el inicio de la vida y actividad insustituible en la crianza, por los beneficios que brinda al reci\u00e9n nacido, pues le aporta las prote\u00ednas humanas que necesita para desarrollar sus defensas.<\/p>\n<p>Record\u00f3 que tan solo el a\u00f1o pasado nacieron m\u00e1s de 114 mil ni\u00f1os sin riesgo y en condiciones de limpieza, acci\u00f3n que contribuy\u00f3 a la destacada reducci\u00f3n de la muerte materna en 19.5 por cada 100 mil nacimientos en 2015.<\/p>\n<p>Con la disminuci\u00f3n de la tasa de mortalidad en las zonas rurales que atiende el Seguro Social, en la presente administraci\u00f3n federal, M\u00e9xico ya cumple con la meta del milenio en esas zonas, asever\u00f3 en un comunicado.<\/p>\n<p>Con la directora general de la Comisi\u00f3n Nacional para el Desarrollo de los Pueblos Ind\u00edgenas, Nuvia Mayorga Delgado, entregaron 59 Unidades M\u00e9dicas M\u00f3viles e inauguraron el Encuentro Nacional de Parteras por la Salud Materna y Perinatal.<\/p>\n","protected":false},"excerpt":{"rendered":"<p>En los \u00faltimos tres a\u00f1os, la mortalidad materna en M\u00e9xico se ha reducido 40 por ciento en los pueblos ind\u00edgenas, al bajar de 37 a 22 defunciones por cada 100 mil nacidos vivos, afirm\u00f3 el director general del IMSS, Mikel Arriola Pe\u00f1alosa. De gira de trabajo por el estado de Veracruz, el titular del Instituto Mexicano del Seguro Social (IMSS) expres\u00f3 que la labor de las parteras ha sido fundamental para prevenir muertes maternas.<\/p>\n","protected":false},"author":3,"featured_media":262367,"comment_status":"open","ping_status":"open","sticky":false,"template":"","format":"standard","meta":{"_monsterinsights_skip_tracking":false,"_monsterinsights_sitenote_active":false,"_monsterinsights_sitenote_note":"","_monsterinsights_sitenote_category":0,"footnotes":""},"categories":[3],"tags":[257,8148,43673,43692],"class_list":["post-262258","post","type-post","status-publish","format-standard","has-post-thumbnail","hentry","category-nacional","tag-imss","tag-instituto-mexicano-del-seguro-social","tag-nacional","tag-salud"],"_links":{"self":[{"href":"https:\/\/www.diarioimagen.net\/index.php?rest_route=\/wp\/v2\/posts\/262258","targetHints":{"allow":["GET"]}}],"collection":[{"href":"https:\/\/www.diarioimagen.net\/index.php?rest_route=\/wp\/v2\/posts"}],"about":[{"href":"https:\/\/www.diarioimagen.net\/index.php?rest_route=\/wp\/v2\/types\/post"}],"author":[{"embeddable":true,"href":"https:\/\/www.diarioimagen.net\/index.php?rest_route=\/wp\/v2\/users\/3"}],"replies":[{"embeddable":true,"href":"https:\/\/www.diarioimagen.net\/index.php?rest_route=%2Fwp%2Fv2%2Fcomments&post=262258"}],"version-history":[{"count":0,"href":"https:\/\/www.diarioimagen.net\/index.php?rest_route=\/wp\/v2\/posts\/262258\/revisions"}],"wp:featuredmedia":[{"embeddable":true,"href":"https:\/\/www.diarioimagen.net\/index.php?rest_route=\/wp\/v2\/media\/262367"}],"wp:attachment":[{"href":"https:\/\/www.diarioimagen.net\/index.php?rest_route=%2Fwp%2Fv2%2Fmedia&parent=262258"}],"wp:term":[{"taxonomy":"category","embeddable":true,"href":"https:\/\/www.diarioimagen.net\/index.php?rest_route=%2Fwp%2Fv2%2Fcategories&post=262258"},{"taxonomy":"post_tag","embeddable":true,"href":"https:\/\/www.diarioimagen.net\/index.php?rest_route=%2Fwp%2Fv2%2Ftags&post=262258"}],"curies":[{"name":"wp","href":"https:\/\/api.w.org\/{rel}","templated":true}]}}