{"id":262262,"date":"2016-03-31T00:07:55","date_gmt":"2016-03-31T06:07:55","guid":{"rendered":"http:\/\/www.diarioimagen.net\/?p=262262"},"modified":"2016-04-01T01:19:46","modified_gmt":"2016-04-01T07:19:46","slug":"epn-mexico-es-potencia-productora-de-alimentos","status":"publish","type":"post","link":"https:\/\/www.diarioimagen.net\/?p=262262","title":{"rendered":"EPN: M\u00e9xico es potencia productora de alimentos"},"content":{"rendered":"<ul>\n<li><strong><em>Super\u00e1vit del sector agroalimentario<\/em><\/strong><\/li>\n<\/ul>\n<p>&nbsp;<\/p>\n<div id=\"attachment_262352\" style=\"width: 430px\" class=\"wp-caption aligncenter\"><a href=\"http:\/\/www.diarioimagen.net\/?attachment_id=262352\" rel=\"attachment wp-att-262352\"><img loading=\"lazy\" decoding=\"async\" aria-describedby=\"caption-attachment-262352\" class=\"size-large wp-image-262352\" src=\"http:\/\/www.diarioimagen.net\/wp-content\/uploads\/2016\/03\/epn-2835-420x236.jpg\" alt=\"Durante la inauguraci\u00f3n de una planta procesadora de productos c\u00e1rnicos en Durango, el presidente Enrique Pe\u00f1a Nieto destac\u00f3 el crecimiento del sector alimentario en M\u00e9xico.\" width=\"420\" height=\"236\" srcset=\"https:\/\/www.diarioimagen.net\/wp-content\/uploads\/2016\/03\/epn-2835-420x236.jpg 420w, https:\/\/www.diarioimagen.net\/wp-content\/uploads\/2016\/03\/epn-2835-240x135.jpg 240w, https:\/\/www.diarioimagen.net\/wp-content\/uploads\/2016\/03\/epn-2835-768x432.jpg 768w, https:\/\/www.diarioimagen.net\/wp-content\/uploads\/2016\/03\/epn-2835-480x270.jpg 480w, https:\/\/www.diarioimagen.net\/wp-content\/uploads\/2016\/03\/epn-2835-235x132.jpg 235w, https:\/\/www.diarioimagen.net\/wp-content\/uploads\/2016\/03\/epn-2835-202x114.jpg 202w, https:\/\/www.diarioimagen.net\/wp-content\/uploads\/2016\/03\/epn-2835-350x196.jpg 350w, https:\/\/www.diarioimagen.net\/wp-content\/uploads\/2016\/03\/epn-2835-220x123.jpg 220w, https:\/\/www.diarioimagen.net\/wp-content\/uploads\/2016\/03\/epn-2835-237x132.jpg 237w, https:\/\/www.diarioimagen.net\/wp-content\/uploads\/2016\/03\/epn-2835.jpg 1200w\" sizes=\"auto, (max-width: 420px) 100vw, 420px\" \/><\/a><p id=\"caption-attachment-262352\" class=\"wp-caption-text\">Durante la inauguraci\u00f3n de una planta procesadora de productos c\u00e1rnicos en Durango, el presidente Enrique Pe\u00f1a Nieto destac\u00f3 el crecimiento del sector alimentario en M\u00e9xico.<\/p><\/div>\n<p>&nbsp;<\/p>\n<p>La actividad agroalimentaria del pa\u00eds presenta un super\u00e1vit mayor que el crecimiento econ\u00f3mico promedio del pa\u00eds, destac\u00f3 el presidente Enrique Pe\u00f1a Nieto.<\/p>\n<p>Durante la inauguraci\u00f3n de una planta procesadora de productos c\u00e1rnicos en Durango, detall\u00f3 que el crecimiento del sector alimentario a enero de 2016 a tasa anual, fue de 4.3 por ciento, mientras que el crecimiento de la actividad econ\u00f3mica nacional fue de 2.9 por ciento.<\/p>\n<p>Refiri\u00f3 que esos niveles superavitarios no se hab\u00edan registrado hace 20 a\u00f1os, lo que significa que se exportan m\u00e1s productos de carne que los que se importan, con una derrama econ\u00f3mica del orden de 2 mil millones de d\u00f3lares.<\/p>\n<p>Acompa\u00f1ado por los gobernadores de Durango, Jorge Herrera Caldera, y de Coahuila, Rub\u00e9n Moreira, el mandatario federal apunt\u00f3 que este sector es el segundo generador de divisas, s\u00f3lo por debajo de las manufacturas y por encima de las remesas y exportaciones petroleras.<\/p>\n<p>En el acto al que asistieron los secretarios de Econom\u00eda, Ildefonso Guajardo Villarreal; de Desarrollo Social, Jos\u00e9 Antonio Meade Kuribre\u00f1a, y de Salud, Jos\u00e9 Narro Robles, el Presidente resalt\u00f3 que M\u00e9xico es el sexto productor mundial de carne de res.<\/p>\n<p>En la planta productora m\u00e1s grande de Am\u00e9rica Latina y ante empresarios y productores del sector, Pe\u00f1a Nieto subray\u00f3 adem\u00e1s que la transformaci\u00f3n del pa\u00eds no s\u00f3lo es trabajo del gobierno, sino que \u201ces m\u00e1s resultado de la sociedad, de lo que los hombres y mujeres est\u00e1n haciendo en su diario actuar\u201d.<\/p>\n<p>En este sentido, dijo que al gobierno le corresponde garantizar las condiciones para generar confianza y lleguen m\u00e1s inversiones, que existan mejores condiciones de cr\u00e9dito y mantener la estabilidad econ\u00f3mica, para que se pueda desarrollar cualquier proyecto.<\/p>\n<p style=\"text-align: center;\"><strong>Viaje a Washington<\/strong><\/p>\n<p>El Presidente viaj\u00f3 a Washington para participar en la cuarta Cumbre de Seguridad Nuclear, que fue convocada por su hom\u00f3logo de Estados Unidos, Barack Obama.<\/p>\n<p>El evento congregar\u00e1 a l\u00edderes de todo el mundo para dialogar sobre las medidas que pueden adoptarse para \u201cminimizar el uso de uranio altamente enriquecido, asegurar los materiales nucleares vulnerables, contrarrestar el contrabando nuclear y para impedir, detectar e interrumpir los intentos de terrorismo nuclear\u201d, asegur\u00f3 el gobierno de EU mediante un comunicado.<\/p>\n<p>&nbsp;<\/p>\n","protected":false},"excerpt":{"rendered":"<p>La actividad agroalimentaria del pa\u00eds presenta un super\u00e1vit mayor que el crecimiento econ\u00f3mico promedio del pa\u00eds, destac\u00f3 el presidente Enrique Pe\u00f1a Nieto.<\/p>\n","protected":false},"author":3,"featured_media":262352,"comment_status":"open","ping_status":"open","sticky":false,"template":"","format":"standard","meta":{"_monsterinsights_skip_tracking":false,"_monsterinsights_sitenote_active":false,"_monsterinsights_sitenote_note":"","_monsterinsights_sitenote_category":0,"footnotes":""},"categories":[3],"tags":[9735,43673],"class_list":["post-262262","post","type-post","status-publish","format-standard","has-post-thumbnail","hentry","category-nacional","tag-alimento","tag-nacional"],"_links":{"self":[{"href":"https:\/\/www.diarioimagen.net\/index.php?rest_route=\/wp\/v2\/posts\/262262","targetHints":{"allow":["GET"]}}],"collection":[{"href":"https:\/\/www.diarioimagen.net\/index.php?rest_route=\/wp\/v2\/posts"}],"about":[{"href":"https:\/\/www.diarioimagen.net\/index.php?rest_route=\/wp\/v2\/types\/post"}],"author":[{"embeddable":true,"href":"https:\/\/www.diarioimagen.net\/index.php?rest_route=\/wp\/v2\/users\/3"}],"replies":[{"embeddable":true,"href":"https:\/\/www.diarioimagen.net\/index.php?rest_route=%2Fwp%2Fv2%2Fcomments&post=262262"}],"version-history":[{"count":0,"href":"https:\/\/www.diarioimagen.net\/index.php?rest_route=\/wp\/v2\/posts\/262262\/revisions"}],"wp:featuredmedia":[{"embeddable":true,"href":"https:\/\/www.diarioimagen.net\/index.php?rest_route=\/wp\/v2\/media\/262352"}],"wp:attachment":[{"href":"https:\/\/www.diarioimagen.net\/index.php?rest_route=%2Fwp%2Fv2%2Fmedia&parent=262262"}],"wp:term":[{"taxonomy":"category","embeddable":true,"href":"https:\/\/www.diarioimagen.net\/index.php?rest_route=%2Fwp%2Fv2%2Fcategories&post=262262"},{"taxonomy":"post_tag","embeddable":true,"href":"https:\/\/www.diarioimagen.net\/index.php?rest_route=%2Fwp%2Fv2%2Ftags&post=262262"}],"curies":[{"name":"wp","href":"https:\/\/api.w.org\/{rel}","templated":true}]}}