{"id":262266,"date":"2016-03-31T00:06:08","date_gmt":"2016-03-31T06:06:08","guid":{"rendered":"http:\/\/www.diarioimagen.net\/?p=262266"},"modified":"2016-03-31T04:25:31","modified_gmt":"2016-03-31T10:25:31","slug":"en-tlalnepantla-se-impulsa-el-desarrollo-de-las-mujeres","status":"publish","type":"post","link":"https:\/\/www.diarioimagen.net\/?p=262266","title":{"rendered":"En Tlalnepantla se impulsa el desarrollo de las mujeres"},"content":{"rendered":"<ul>\n<li><strong><em>Convoca Denisse Ugalde a cerrar filas<\/em><\/strong><\/li>\n<\/ul>\n<p>&nbsp;<\/p>\n<div id=\"attachment_262326\" style=\"width: 430px\" class=\"wp-caption aligncenter\"><a href=\"http:\/\/www.diarioimagen.net\/?attachment_id=262326\" rel=\"attachment wp-att-262326\"><img loading=\"lazy\" decoding=\"async\" aria-describedby=\"caption-attachment-262326\" class=\"size-large wp-image-262326\" src=\"http:\/\/www.diarioimagen.net\/wp-content\/uploads\/2016\/03\/TLALNEPANTLA-2835-420x236.jpg\" alt=\"La alcaldesa Denisse Ugalde Alegr\u00eda agradeci\u00f3 al gobernador Eruviel \u00c1vila por los diversos programas sociales que implementa el\u00a0 gobierno estatal en el municipio.\" width=\"420\" height=\"236\" srcset=\"https:\/\/www.diarioimagen.net\/wp-content\/uploads\/2016\/03\/TLALNEPANTLA-2835-420x236.jpg 420w, https:\/\/www.diarioimagen.net\/wp-content\/uploads\/2016\/03\/TLALNEPANTLA-2835-240x135.jpg 240w, https:\/\/www.diarioimagen.net\/wp-content\/uploads\/2016\/03\/TLALNEPANTLA-2835-235x132.jpg 235w, https:\/\/www.diarioimagen.net\/wp-content\/uploads\/2016\/03\/TLALNEPANTLA-2835-202x114.jpg 202w, https:\/\/www.diarioimagen.net\/wp-content\/uploads\/2016\/03\/TLALNEPANTLA-2835-350x196.jpg 350w, https:\/\/www.diarioimagen.net\/wp-content\/uploads\/2016\/03\/TLALNEPANTLA-2835-220x123.jpg 220w, https:\/\/www.diarioimagen.net\/wp-content\/uploads\/2016\/03\/TLALNEPANTLA-2835-237x132.jpg 237w, https:\/\/www.diarioimagen.net\/wp-content\/uploads\/2016\/03\/TLALNEPANTLA-2835.jpg 480w\" sizes=\"auto, (max-width: 420px) 100vw, 420px\" \/><\/a><p id=\"caption-attachment-262326\" class=\"wp-caption-text\">La alcaldesa Denisse Ugalde Alegr\u00eda agradeci\u00f3 al gobernador Eruviel \u00c1vila por los diversos programas sociales que implementa el\u00a0 gobierno estatal en el municipio.<\/p><\/div>\n<p>&nbsp;<\/p>\n<p><strong>Tlalnepantla, Estado de M\u00e9xico<\/strong>.- Tras reconocer los buenos resultados del gobierno local en estos primeros meses, el gobernador del Estado de M\u00e9xico, Eruviel \u00c1vila, convoc\u00f3 a su equipo de gobierno \u201ca cerrar filas en torno a Tlalnepantla, lo que sin duda se traducir\u00e1 en mejores beneficios para las mujeres, ni\u00f1as y ni\u00f1os, personas con discapacidad y adultos mayores\u201d.<\/p>\n<p>Durante el evento \u201cAcciones para la Mujer\u201d, que se realiz\u00f3 en el Centro de Convenciones de esta ciudad, el mandatario estatal destac\u00f3 que la alcaldesa Denisse Ugalde Alegr\u00eda\u00a0es un ejemplo de que cuando alguien se propone algo lo logra, \u201ces una de las presidentas municipales m\u00e1s entusiastas, preparadas, comprometidas y que est\u00e1 dando resultados\u201d.<\/p>\n<p>Por su parte, Ugalde Alegr\u00eda agradeci\u00f3 al gobernador Eruviel \u00c1vila por los diversos programas sociales que implementa el\u00a0 gobierno estatal en el municipio. \u201cQueremos decirle \u2013enfatiz\u00f3- que aqu\u00ed en Tlalnepantla tiene aliadas para trabajar de la mano con su gobierno en favor de nuestra comunidad\u201d.<\/p>\n<p>La presidenta municipal afirm\u00f3 que \u201cun estado que impulsa el desarrollo de las mujeres,\u00a0fomenta\u00a0el crecimiento de esa comunidad, por ello en Tlalnepantla nos sumamos al esfuerzo del gobierno estatal implementando pol\u00edticas p\u00fablicas que les permitan acceder a una mejor calidad de vida\u201d.<\/p>\n<p>Detall\u00f3 que en los primeros tres meses de gobierno se ha trabajado en acciones concretas para la mujer, con el objetivo de lograr su empoderamiento en distintos rubros, generando as\u00ed m\u00e1s oportunidades de capacitaci\u00f3n y trabajo.<\/p>\n<p>&nbsp;<\/p>\n","protected":false},"excerpt":{"rendered":"<p>Tras reconocer los buenos resultados del gobierno local en estos primeros meses, el gobernador del Estado de M\u00e9xico, Eruviel \u00c1vila, convoc\u00f3 a su equipo de gobierno \u201ca cerrar filas en torno a Tlalnepantla, lo que sin duda se traducir\u00e1 en mejores beneficios para las mujeres, ni\u00f1as y ni\u00f1os, personas con discapacidad y adultos mayores\u201d.<\/p>\n","protected":false},"author":3,"featured_media":262326,"comment_status":"open","ping_status":"open","sticky":false,"template":"","format":"standard","meta":{"_monsterinsights_skip_tracking":false,"_monsterinsights_sitenote_active":false,"_monsterinsights_sitenote_note":"","_monsterinsights_sitenote_category":0,"footnotes":""},"categories":[35155],"tags":[15135,45490,43675,169],"class_list":["post-262266","post","type-post","status-publish","format-standard","has-post-thumbnail","hentry","category-estado-de-mexico-estado-de-mexico","tag-compromiso","tag-denisse-ugalde-alegria","tag-estado-de-mexico","tag-tlalnepantla"],"_links":{"self":[{"href":"https:\/\/www.diarioimagen.net\/index.php?rest_route=\/wp\/v2\/posts\/262266","targetHints":{"allow":["GET"]}}],"collection":[{"href":"https:\/\/www.diarioimagen.net\/index.php?rest_route=\/wp\/v2\/posts"}],"about":[{"href":"https:\/\/www.diarioimagen.net\/index.php?rest_route=\/wp\/v2\/types\/post"}],"author":[{"embeddable":true,"href":"https:\/\/www.diarioimagen.net\/index.php?rest_route=\/wp\/v2\/users\/3"}],"replies":[{"embeddable":true,"href":"https:\/\/www.diarioimagen.net\/index.php?rest_route=%2Fwp%2Fv2%2Fcomments&post=262266"}],"version-history":[{"count":0,"href":"https:\/\/www.diarioimagen.net\/index.php?rest_route=\/wp\/v2\/posts\/262266\/revisions"}],"wp:featuredmedia":[{"embeddable":true,"href":"https:\/\/www.diarioimagen.net\/index.php?rest_route=\/wp\/v2\/media\/262326"}],"wp:attachment":[{"href":"https:\/\/www.diarioimagen.net\/index.php?rest_route=%2Fwp%2Fv2%2Fmedia&parent=262266"}],"wp:term":[{"taxonomy":"category","embeddable":true,"href":"https:\/\/www.diarioimagen.net\/index.php?rest_route=%2Fwp%2Fv2%2Fcategories&post=262266"},{"taxonomy":"post_tag","embeddable":true,"href":"https:\/\/www.diarioimagen.net\/index.php?rest_route=%2Fwp%2Fv2%2Ftags&post=262266"}],"curies":[{"name":"wp","href":"https:\/\/api.w.org\/{rel}","templated":true}]}}