{"id":262269,"date":"2016-03-31T00:04:37","date_gmt":"2016-03-31T06:04:37","guid":{"rendered":"http:\/\/www.diarioimagen.net\/?p=262269"},"modified":"2016-03-31T04:30:31","modified_gmt":"2016-03-31T10:30:31","slug":"se-suma-coacalco-al-nuevo-hoy-no-circula-temporal","status":"publish","type":"post","link":"https:\/\/www.diarioimagen.net\/?p=262269","title":{"rendered":"Se suma Coacalco al nuevo Hoy No Circula temporal"},"content":{"rendered":"<ul>\n<li><strong><em>Restricci\u00f3n vehicular en el Valle de M\u00e9xico<\/em><\/strong><\/li>\n<\/ul>\n<h6>Dulce Correa<\/h6>\n<h6><\/h6>\n<div id=\"attachment_262332\" style=\"width: 430px\" class=\"wp-caption aligncenter\"><a href=\"http:\/\/www.diarioimagen.net\/?attachment_id=262332\" rel=\"attachment wp-att-262332\"><img loading=\"lazy\" decoding=\"async\" aria-describedby=\"caption-attachment-262332\" class=\"size-large wp-image-262332\" src=\"http:\/\/www.diarioimagen.net\/wp-content\/uploads\/2016\/03\/coacalco-2835-420x236.jpg\" alt=\"El presidente municipal, Erwin Castel\u00e1n, anuncia que acatar\u00e1n en Coacalco las restricciones vehiculares por modificaciones al Hoy No Circula.\" width=\"420\" height=\"236\" srcset=\"https:\/\/www.diarioimagen.net\/wp-content\/uploads\/2016\/03\/coacalco-2835-420x236.jpg 420w, https:\/\/www.diarioimagen.net\/wp-content\/uploads\/2016\/03\/coacalco-2835-240x135.jpg 240w, https:\/\/www.diarioimagen.net\/wp-content\/uploads\/2016\/03\/coacalco-2835-235x132.jpg 235w, https:\/\/www.diarioimagen.net\/wp-content\/uploads\/2016\/03\/coacalco-2835-202x114.jpg 202w, https:\/\/www.diarioimagen.net\/wp-content\/uploads\/2016\/03\/coacalco-2835-350x196.jpg 350w, https:\/\/www.diarioimagen.net\/wp-content\/uploads\/2016\/03\/coacalco-2835-220x123.jpg 220w, https:\/\/www.diarioimagen.net\/wp-content\/uploads\/2016\/03\/coacalco-2835-237x132.jpg 237w, https:\/\/www.diarioimagen.net\/wp-content\/uploads\/2016\/03\/coacalco-2835.jpg 480w\" sizes=\"auto, (max-width: 420px) 100vw, 420px\" \/><\/a><p id=\"caption-attachment-262332\" class=\"wp-caption-text\">El presidente municipal, Erwin Castel\u00e1n, anuncia que acatar\u00e1n en Coacalco las restricciones vehiculares por modificaciones al Hoy No Circula.<\/p><\/div>\n<p>&nbsp;<\/p>\n<p><strong>Coacalco, Estado de M\u00e9xico<\/strong>.- El gobierno de la ciudad se suma de manera irrestricta al dictamen emitido por la Comisi\u00f3n Ambiental de la Megal\u00f3polis (Came) en cuanto a la aplicaci\u00f3n del programa Hoy No Circula a todos los veh\u00edculos sin importar el holograma.<\/p>\n<p>La afirmaci\u00f3n fue hecha por el presidente municipal Erwin Castel\u00e1n en cuanto a las restricciones de circulaci\u00f3n vehicular a partir de este 5 de abril y hasta el pr\u00f3ximo 30 de junio, como lo anunciara la Came.<\/p>\n<p>El edil de Coacalco se\u00f1al\u00f3 que ha dado indicaciones a los mandos de la Direcci\u00f3n de Seguridad Ciudadana y Vial para que tomen las medidas necesarias con la finalidad que se respeten los acuerdos tomados por la Comisi\u00f3n Ambiental de la Megal\u00f3polis.<\/p>\n<p>Como se sabe, los veh\u00edculos con holograma de verificaci\u00f3n \u201c0\u201d y \u201c00\u201d dejar\u00e1n de circular el d\u00eda que les corresponde de acuerdo al color de calcoman\u00eda o terminaci\u00f3n de placas, as\u00ed como un s\u00e1bado al mes, como actualmente lo hacen los veh\u00edculos con hologramas \u201c1\u201d y \u201c2\u201d.<\/p>\n<p>&nbsp;<\/p>\n","protected":false},"excerpt":{"rendered":"<p>El gobierno de la ciudad se suma de manera irrestricta al dictamen emitido por la Comisi\u00f3n Ambiental de la Megal\u00f3polis (Came) en cuanto a la aplicaci\u00f3n del programa Hoy No Circula a todos los veh\u00edculos sin importar el holograma.<\/p>\n","protected":false},"author":3,"featured_media":262332,"comment_status":"open","ping_status":"open","sticky":false,"template":"","format":"standard","meta":{"_monsterinsights_skip_tracking":false,"_monsterinsights_sitenote_active":false,"_monsterinsights_sitenote_note":"","_monsterinsights_sitenote_category":0,"footnotes":""},"categories":[35155],"tags":[579,43675,27005],"class_list":["post-262269","post","type-post","status-publish","format-standard","has-post-thumbnail","hentry","category-estado-de-mexico-estado-de-mexico","tag-coacalco","tag-estado-de-mexico","tag-hoy-no-circula"],"_links":{"self":[{"href":"https:\/\/www.diarioimagen.net\/index.php?rest_route=\/wp\/v2\/posts\/262269","targetHints":{"allow":["GET"]}}],"collection":[{"href":"https:\/\/www.diarioimagen.net\/index.php?rest_route=\/wp\/v2\/posts"}],"about":[{"href":"https:\/\/www.diarioimagen.net\/index.php?rest_route=\/wp\/v2\/types\/post"}],"author":[{"embeddable":true,"href":"https:\/\/www.diarioimagen.net\/index.php?rest_route=\/wp\/v2\/users\/3"}],"replies":[{"embeddable":true,"href":"https:\/\/www.diarioimagen.net\/index.php?rest_route=%2Fwp%2Fv2%2Fcomments&post=262269"}],"version-history":[{"count":0,"href":"https:\/\/www.diarioimagen.net\/index.php?rest_route=\/wp\/v2\/posts\/262269\/revisions"}],"wp:featuredmedia":[{"embeddable":true,"href":"https:\/\/www.diarioimagen.net\/index.php?rest_route=\/wp\/v2\/media\/262332"}],"wp:attachment":[{"href":"https:\/\/www.diarioimagen.net\/index.php?rest_route=%2Fwp%2Fv2%2Fmedia&parent=262269"}],"wp:term":[{"taxonomy":"category","embeddable":true,"href":"https:\/\/www.diarioimagen.net\/index.php?rest_route=%2Fwp%2Fv2%2Fcategories&post=262269"},{"taxonomy":"post_tag","embeddable":true,"href":"https:\/\/www.diarioimagen.net\/index.php?rest_route=%2Fwp%2Fv2%2Ftags&post=262269"}],"curies":[{"name":"wp","href":"https:\/\/api.w.org\/{rel}","templated":true}]}}