{"id":262408,"date":"2016-04-01T00:02:54","date_gmt":"2016-04-01T06:02:54","guid":{"rendered":"http:\/\/www.diarioimagen.net\/?p=262408"},"modified":"2016-04-04T01:44:55","modified_gmt":"2016-04-04T06:44:55","slug":"aeropuerto-capitalino-listo-para-el-inicio-del-horario-de-verano","status":"publish","type":"post","link":"https:\/\/www.diarioimagen.net\/?p=262408","title":{"rendered":"Aeropuerto, listo para el Horario de Verano"},"content":{"rendered":"<ul>\n<li><strong><em>Se adelantan los relojes una hora este domingo<br \/>\n<\/em><\/strong><\/li>\n<\/ul>\n<p>&nbsp;<\/p>\n<div id=\"attachment_262409\" style=\"width: 430px\" class=\"wp-caption aligncenter\"><a href=\"http:\/\/www.diarioimagen.net\/?attachment_id=262409\" rel=\"attachment wp-att-262409\"><img loading=\"lazy\" decoding=\"async\" aria-describedby=\"caption-attachment-262409\" class=\"wp-image-262409 size-large\" src=\"http:\/\/www.diarioimagen.net\/wp-content\/uploads\/2016\/03\/HORARIO-portal-1-420x245.jpg\" alt=\"El Horario de Verano inicia en la mayor parte del pa\u00eds este domingo 3 de abril, por lo que se tiene que adelantar una hora los relojes.\" width=\"420\" height=\"245\" srcset=\"https:\/\/www.diarioimagen.net\/wp-content\/uploads\/2016\/03\/HORARIO-portal-1-420x245.jpg 420w, https:\/\/www.diarioimagen.net\/wp-content\/uploads\/2016\/03\/HORARIO-portal-1-240x140.jpg 240w, https:\/\/www.diarioimagen.net\/wp-content\/uploads\/2016\/03\/HORARIO-portal-1.jpg 480w\" sizes=\"auto, (max-width: 420px) 100vw, 420px\" \/><\/a><p id=\"caption-attachment-262409\" class=\"wp-caption-text\">El Horario de Verano inicia en la mayor parte del pa\u00eds este domingo 3 de abril, por lo que se tienen que adelantar una hora los relojes.<\/p><\/div>\n<p>&nbsp;<\/p>\n<p>Este domingo 3 de abril en punto de las 02:00 horas el Aeropuerto Internacional Benito Ju\u00e1rez de la Ciudad de M\u00e9xico (AICM) adelantar\u00e1 una hora todos los relojes en sus pantallas de informaci\u00f3n de vuelos, con motivo del inicio del Horario de Verano.<\/p>\n<p>El ajuste se har\u00e1 en las 447 pantallas, 268 en la Terminal 1 y 179 en la Terminal 2, que publican informaci\u00f3n de vuelos y se ubican en los pasillos de llegadas y salidas de pasajeros, tanto del \u00e1rea nacional como internacional, conocidos como ambulatorios; en salas de \u00faltima espera y espacios comerciales.<\/p>\n<p>Se anunci\u00f3 que las aerol\u00edneas nacionales y extranjeras reprogramaron con anticipaci\u00f3n sus itinerarios de vuelo, de acuerdo con el nuevo horario, e informar\u00e1n a sus pasajeros del cambio, y mediante su sistema de voceo comunicar\u00e1n la medida a los usuarios.<\/p>\n<p>La administraci\u00f3n del AICM anunci\u00f3 a trav\u00e9s de una circular sobre la medida a las aerol\u00edneas, prestadores de servicios, arrendatarios y subarrendatarios que operan en el aeropuerto, para que modifiquen sus dispositivos que marcan la hora.<\/p>\n<p>La disposici\u00f3n cumple con el decreto del Horario Estacional del pa\u00eds, del 1 de marzo de 2002, el cual establece el Horario de Verano del primer domingo de abril al \u00faltimo domingo de octubre.<\/p>\n<p style=\"text-align: center;\"><strong>Horario de Verano inicia este domingo <\/strong><\/p>\n<p>El Horario de Verano inicia en la mayor parte del pa\u00eds este domingo 3 de abril y concluye el \u00faltimo domingo de octubre, por lo que se tiene que adelantar una hora los relojes, refiri\u00f3 el Fideicomiso para el Ahorro de Energ\u00eda El\u00e9ctrica (FIDE).<\/p>\n<p>Se\u00f1ala que la medida no aplica en los 33 municipios de la franja fronteriza norte, donde el Horario de Verano inici\u00f3 el segundo domingo de marzo y concluye el primer domingo de noviembre, as\u00ed como en Sonora y Quintana Roo donde no procede.<\/p>\n<p>La aplicaci\u00f3n del Horario de Verano en 2015 en M\u00e9xico permiti\u00f3 un ahorro en el consumo de energ\u00eda el\u00e9ctrica de mil 46.47 gigawatts hora una demanda evitada de 672 megawatts, equivalente a mil 470 millones de pesos.<\/p>\n<p>De acuerdo con el FIDE, la medida evit\u00f3 la emisi\u00f3n de 466 mil toneladas de bi\u00f3xido de carbono equivalente, principal contaminante del efecto invernadero y la quema de 1.33 millones de barriles de petr\u00f3leo.<\/p>\n<p>El organismo explica que el ahorro de energ\u00eda ser\u00eda suficiente para abastecer el consumo el\u00e9ctrico de 602 mil casas habitaci\u00f3n durante todo un a\u00f1o o de 9.18 millones de l\u00e1mparas fluorescentes compactas autobalastradas prendidas las 24 horas durante un a\u00f1o.<\/p>\n<p>Refiere que el objetivo principal de la implementaci\u00f3n del Horario de Verano es ahorrar energ\u00eda el\u00e9ctrica haciendo un mejor uso de la luz natural.<\/p>\n<p>Durante los meses de verano, sobre todo en las regiones y pa\u00edses m\u00e1s alejados del Ecuador, hay una acentuada diferencia entre las horas de iluminaci\u00f3n natural y las noches, debido a la inclinaci\u00f3n de la Tierra, es decir, amanece m\u00e1s temprano y el Sol se oculta m\u00e1s tarde.<\/p>\n<p>El Horario de Verano consiste en adelantar una hora los relojes para modificar la hora de encendido de la luz en los intervalos en los que se muestra una variaci\u00f3n en el consumo de energ\u00eda.<\/p>\n","protected":false},"excerpt":{"rendered":"<p>Este domingo 3 de abril en punto de las 02:00 horas el Aeropuerto Internacional Benito Ju\u00e1rez de la Ciudad de M\u00e9xico (AICM) adelantar\u00e1 una hora todos los relojes en sus pantallas de informaci\u00f3n de vuelos, con motivo del inicio del Horario de Verano.<\/p>\n","protected":false},"author":5,"featured_media":262409,"comment_status":"open","ping_status":"open","sticky":false,"template":"","format":"standard","meta":{"_monsterinsights_skip_tracking":false,"_monsterinsights_sitenote_active":false,"_monsterinsights_sitenote_note":"","_monsterinsights_sitenote_category":0,"footnotes":""},"categories":[6],"tags":[14212,204,4659],"class_list":["post-262408","post","type-post","status-publish","format-standard","has-post-thumbnail","hentry","category-cd-de-mexico","tag-aeropuerto-internacional-benito-juarez","tag-ciudad-de-mexico","tag-horario-de-verano"],"_links":{"self":[{"href":"https:\/\/www.diarioimagen.net\/index.php?rest_route=\/wp\/v2\/posts\/262408","targetHints":{"allow":["GET"]}}],"collection":[{"href":"https:\/\/www.diarioimagen.net\/index.php?rest_route=\/wp\/v2\/posts"}],"about":[{"href":"https:\/\/www.diarioimagen.net\/index.php?rest_route=\/wp\/v2\/types\/post"}],"author":[{"embeddable":true,"href":"https:\/\/www.diarioimagen.net\/index.php?rest_route=\/wp\/v2\/users\/5"}],"replies":[{"embeddable":true,"href":"https:\/\/www.diarioimagen.net\/index.php?rest_route=%2Fwp%2Fv2%2Fcomments&post=262408"}],"version-history":[{"count":0,"href":"https:\/\/www.diarioimagen.net\/index.php?rest_route=\/wp\/v2\/posts\/262408\/revisions"}],"wp:featuredmedia":[{"embeddable":true,"href":"https:\/\/www.diarioimagen.net\/index.php?rest_route=\/wp\/v2\/media\/262409"}],"wp:attachment":[{"href":"https:\/\/www.diarioimagen.net\/index.php?rest_route=%2Fwp%2Fv2%2Fmedia&parent=262408"}],"wp:term":[{"taxonomy":"category","embeddable":true,"href":"https:\/\/www.diarioimagen.net\/index.php?rest_route=%2Fwp%2Fv2%2Fcategories&post=262408"},{"taxonomy":"post_tag","embeddable":true,"href":"https:\/\/www.diarioimagen.net\/index.php?rest_route=%2Fwp%2Fv2%2Ftags&post=262408"}],"curies":[{"name":"wp","href":"https:\/\/api.w.org\/{rel}","templated":true}]}}