{"id":262433,"date":"2016-03-31T23:55:59","date_gmt":"2016-04-01T05:55:59","guid":{"rendered":"http:\/\/www.diarioimagen.net\/?p=262433"},"modified":"2016-04-01T05:12:32","modified_gmt":"2016-04-01T11:12:32","slug":"iskander-hace-un-lunario-de-amor-y-raices","status":"publish","type":"post","link":"https:\/\/www.diarioimagen.net\/?p=262433","title":{"rendered":"Iskander hace un Lunario De amor y ra\u00edces"},"content":{"rendered":"<ul>\n<li><em><strong>El cantautor adem\u00e1s cont\u00f3 con invitados como Pambo, Kaay y Juan Solo<\/strong><\/em><\/li>\n<\/ul>\n<h6>Arturo Arellano<\/h6>\n<p>&nbsp;<\/p>\n<div id=\"attachment_262434\" style=\"width: 430px\" class=\"wp-caption aligncenter\"><a href=\"http:\/\/www.diarioimagen.net\/?attachment_id=262434\" rel=\"attachment wp-att-262434\"><img loading=\"lazy\" decoding=\"async\" aria-describedby=\"caption-attachment-262434\" class=\"size-large wp-image-262434\" src=\"http:\/\/www.diarioimagen.net\/wp-content\/uploads\/2016\/03\/iskander-portal-420x245.jpg\" alt=\"Iskander ofreci\u00f3 un concierto para recordarse, no s\u00f3lo por los grandes duetos, sino por la madurez y calidad interpretativa que el cantante demostr\u00f3 en el escenario. foto: Arturo Arellano\" width=\"420\" height=\"245\" srcset=\"https:\/\/www.diarioimagen.net\/wp-content\/uploads\/2016\/03\/iskander-portal-420x245.jpg 420w, https:\/\/www.diarioimagen.net\/wp-content\/uploads\/2016\/03\/iskander-portal-240x140.jpg 240w, https:\/\/www.diarioimagen.net\/wp-content\/uploads\/2016\/03\/iskander-portal.jpg 480w\" sizes=\"auto, (max-width: 420px) 100vw, 420px\" \/><\/a><p id=\"caption-attachment-262434\" class=\"wp-caption-text\">Iskander ofreci\u00f3 un concierto para recordarse, no s\u00f3lo por los grandes duetos, sino por la madurez y calidad interpretativa que el cantante demostr\u00f3 en el escenario. \/ Foto: Arturo Arellano.<\/p><\/div>\n<p>&nbsp;<\/p>\n<p>Recientemente fue lanzado al mercado el tercer disco en la carrera de Iskander, cantautor que avanza a pasos agigantados en la escena musical. El material llev\u00f3 por t\u00edtulo \u201cDe amor y ra\u00edces\u201d que fue justo de lo que hizo su presentaci\u00f3n en el Lunario del Auditorio Nacional, que estuvo repleto hasta el \u00faltimo rinc\u00f3n de sus allegados fans, que pagaron un boleto, ya sea sencillo o con disco e incluso algunos con la posibilidad de un meet &amp; greet al terminar el show.<\/p>\n<p>El cantautor sali\u00f3 al escenario portando su caracter\u00edstico sombrero y jeans, ante el aplauso y gritos de sus fans quienes fueron deleitados para empezar con \u201cHola bonita\u201d, \u201cSer el viento\u201d y \u201cAl sol\u201d, que bastaron para sacar a la gente de sus asientos para cantar y moverse al ritmo de la m\u00fasica.<\/p>\n<p>\u201cPinte\u201d y \u201ctiempo para enamorados\u201d fueron las que abrieron paso a un set list m\u00e1s \u00edntimo, rom\u00e1ntico y ac\u00fastico, perfecto para un espacio como el del Lunario, donde Iskander acompa\u00f1ado de su gente interpret\u00f3 \u201cEl regalo que esperabas\u201d, \u201cDe tu mano\u201d, \u201cLa forma exacta\u201d, \u201cDejar\u00e9\u201d y \u201cSin embargo\u201d, temas que permitieron poner a la gente en un estado lleno de suspiros. Aqu\u00ed el cantante agradeci\u00f3 a todos por asistir a la que defini\u00f3 como una noche m\u00e1gica y especial \u201cGracias a todos, amigos, familia, todos somos un equipo para lograr lo que esta noche disfrutamos\u201d.<\/p>\n<p>Dio paso a un bloque de canciones en su estilo com\u00fan pop band con el tema \u201cAlguien me dijo\u201d para despu\u00e9s sumar los sonidos del mariachi y comenzar con los duetos. En primera instancia llam\u00f3 al escenario a Kaay con quien cant\u00f3 \u201cM\u00edrame con los ojos cerrados\u201d, seguido de \u201cEpifan\u00eda de un caballero\u201d en compa\u00f1\u00eda de Juan Solo, con quien termin\u00f3 de enamorar a las chicas presentes. El tercer y \u00faltimo invitado en el escenario fue la bella cantautora Pambo, que hizo notoriamente del escenario y del tema algo hermoso, claramente dedic\u00f3 tiempo a preparar su dueto.<\/p>\n<p>Ya entrado a la recta final del concierto continu\u00f3 con \u201cUn d\u00eda de marzo gris\u201d, \u201cRobado amanecer\u201d, \u201cPudiste ser t\u00fa\u201d y \u201cB\u00e9same bonito\u201d, que fueron el pre\u00e1mbulo para su salida en falso, que ante el aplauso y silbidos le hicieron volver para terminar su show con \u201cA labio dulce\u201d, sin duda un concierto para recordarse, no solo por los grandes duetos sino por la madurez y calidad interpretativa que el cantante demostr\u00f3 en el escenario.<\/p>\n","protected":false},"excerpt":{"rendered":"<p>Recientemente fue lanzado al mercado el tercer disco en la carrera de Iskander, cantautor que avanza a pasos agigantados en la escena musical. El material llev\u00f3 por t\u00edtulo \u201cDe amor y ra\u00edces\u201d que fue justo de lo que hizo su presentaci\u00f3n en el Lunario del Auditorio Nacional, que estuvo repleto hasta el \u00faltimo rinc\u00f3n de sus allegados fans, que pagaron un boleto, ya sea sencillo o con disco e incluso algunos con la posibilidad de un meet &#038; greet al terminar el show.<\/p>\n","protected":false},"author":5,"featured_media":262434,"comment_status":"open","ping_status":"open","sticky":false,"template":"","format":"standard","meta":{"_monsterinsights_skip_tracking":false,"_monsterinsights_sitenote_active":false,"_monsterinsights_sitenote_note":"","_monsterinsights_sitenote_category":0,"footnotes":""},"categories":[17,12],"tags":[3703],"class_list":["post-262433","post","type-post","status-publish","format-standard","has-post-thumbnail","hentry","category-especiales","category-espectaculos","tag-lunario"],"_links":{"self":[{"href":"https:\/\/www.diarioimagen.net\/index.php?rest_route=\/wp\/v2\/posts\/262433","targetHints":{"allow":["GET"]}}],"collection":[{"href":"https:\/\/www.diarioimagen.net\/index.php?rest_route=\/wp\/v2\/posts"}],"about":[{"href":"https:\/\/www.diarioimagen.net\/index.php?rest_route=\/wp\/v2\/types\/post"}],"author":[{"embeddable":true,"href":"https:\/\/www.diarioimagen.net\/index.php?rest_route=\/wp\/v2\/users\/5"}],"replies":[{"embeddable":true,"href":"https:\/\/www.diarioimagen.net\/index.php?rest_route=%2Fwp%2Fv2%2Fcomments&post=262433"}],"version-history":[{"count":0,"href":"https:\/\/www.diarioimagen.net\/index.php?rest_route=\/wp\/v2\/posts\/262433\/revisions"}],"wp:featuredmedia":[{"embeddable":true,"href":"https:\/\/www.diarioimagen.net\/index.php?rest_route=\/wp\/v2\/media\/262434"}],"wp:attachment":[{"href":"https:\/\/www.diarioimagen.net\/index.php?rest_route=%2Fwp%2Fv2%2Fmedia&parent=262433"}],"wp:term":[{"taxonomy":"category","embeddable":true,"href":"https:\/\/www.diarioimagen.net\/index.php?rest_route=%2Fwp%2Fv2%2Fcategories&post=262433"},{"taxonomy":"post_tag","embeddable":true,"href":"https:\/\/www.diarioimagen.net\/index.php?rest_route=%2Fwp%2Fv2%2Ftags&post=262433"}],"curies":[{"name":"wp","href":"https:\/\/api.w.org\/{rel}","templated":true}]}}