{"id":262527,"date":"2016-04-01T00:10:12","date_gmt":"2016-04-01T06:10:12","guid":{"rendered":"http:\/\/www.diarioimagen.net\/?p=262527"},"modified":"2016-04-01T04:52:37","modified_gmt":"2016-04-01T10:52:37","slug":"pues-si-somos-impositivos","status":"publish","type":"post","link":"https:\/\/www.diarioimagen.net\/?p=262527","title":{"rendered":"\u201cPues s\u00ed, somos impositivos\u201d"},"content":{"rendered":"<h2>Tras la puerta del poder<\/h2>\n<h5>Roberto Vizca\u00edno<\/h5>\n<p>&nbsp;<\/p>\n<ul>\n<li><strong><em>Reconoce Mancera Espinosa que la medida de impedir la circulaci\u00f3n de veh\u00edculos es impopular<\/em><\/strong><\/li>\n<li><strong><em>Habr\u00e1 nuevos autobuses urbanos y camiones de la basura\u00a0 \u00a0<\/em><\/strong><\/li>\n<li><strong><em>La Comisi\u00f3n de Transparencia aprob\u00f3 por unanimidad la Ley Anticorrupci\u00f3n<\/em><\/strong><\/li>\n<\/ul>\n<p>&nbsp;<\/p>\n<div id=\"attachment_262580\" style=\"width: 430px\" class=\"wp-caption aligncenter\"><a href=\"http:\/\/www.diarioimagen.net\/?attachment_id=262580\" rel=\"attachment wp-att-262580\"><img loading=\"lazy\" decoding=\"async\" aria-describedby=\"caption-attachment-262580\" class=\"size-large wp-image-262580\" src=\"http:\/\/www.diarioimagen.net\/wp-content\/uploads\/2016\/04\/hipocritones-RAMON-2836-420x282.jpg\" alt=\"Hipocritones... | Ram\u00f3n\" width=\"420\" height=\"282\" srcset=\"https:\/\/www.diarioimagen.net\/wp-content\/uploads\/2016\/04\/hipocritones-RAMON-2836-420x282.jpg 420w, https:\/\/www.diarioimagen.net\/wp-content\/uploads\/2016\/04\/hipocritones-RAMON-2836-240x161.jpg 240w, https:\/\/www.diarioimagen.net\/wp-content\/uploads\/2016\/04\/hipocritones-RAMON-2836-768x515.jpg 768w, https:\/\/www.diarioimagen.net\/wp-content\/uploads\/2016\/04\/hipocritones-RAMON-2836.jpg 1200w\" sizes=\"auto, (max-width: 420px) 100vw, 420px\" \/><\/a><p id=\"caption-attachment-262580\" class=\"wp-caption-text\">Hipocritones&#8230; | Ram\u00f3n<\/p><\/div>\n<p>&nbsp;<\/p>\n<p>Recriminado y cuestionado desde todos los sectores, el Jefe de Gobierno de la Ciudad de M\u00e9xico, contra su estilo, estall\u00f3 ayer frente a sus cr\u00edticos y admiti\u00f3 que la medida de retirar diariamente de la circulaci\u00f3n a una quinta parte del parque vehicular, s\u00ed es una medida impositiva.<\/p>\n<p>Entrevistado al salir de la inauguraci\u00f3n de la segunda etapa de medicina f\u00edsica del hospital general de La Villa, el Jefe de Gobierno indic\u00f3 que \u00a0su \u00fanico delito es el de intentar hacer transitable a la ciudad\u2026<\/p>\n<p>\u201cSi somos impositivos, ni modo\u2026pero la Ciudad de M\u00e9xico es una ciudad donde est\u00e1n conviviendo 5 millones y medio de veh\u00edculos cada d\u00eda\u2026 donde tenemos 2 y medio millones de autos de la ciudad y los otros 2 y medio millones que vienen de muchas partes\u2026\u201d,<\/p>\n<p>Dijo saber que la decisi\u00f3n de retirar durante cada d\u00eda a todos los veh\u00edculos de acuerdo a su numeraci\u00f3n de placas es algo impopular, pero necesario\u2026 y por ello se va a aplicar con rigor la medida.<\/p>\n<p>Horas despu\u00e9s anunciar\u00eda que su gobierno realizar\u00eda una inversi\u00f3n de 500 millones de pesos en la compra de autobuses de transporte p\u00fablico con tecnolog\u00eda Euro V, que operar\u00e1n dentro del Sistema M1.<\/p>\n<p>Eso significa que entrar\u00e1n pronto en operaci\u00f3n entre 190 y 210 veh\u00edculos nuevos que vendr\u00e1n a reforzar al transporte p\u00fablico dentro de esta emergencia ambiental y dentro de una estrategia para mejorar la movilidad de los ciudadanos en la ciudad y, a trav\u00e9s de inhibir el uso de los autos particulares y contribuir en las reducciones de emisiones contaminantes.<\/p>\n<p>\u201cHe dado la instrucci\u00f3n ya, porque va a ser importante para toda la gente que lo requiere, de destinar otros 500 millones de pesos para la compra de autobuses nuevos\u201d, indic\u00f3.<\/p>\n<p>Y para reforzar esta estrategia, dijo, tambi\u00e9n se continuar\u00e1 con la renovaci\u00f3n de camiones de basura.<\/p>\n<p>\u201cTen\u00edamos camiones que datan de 1970. Un cami\u00f3n de 1970 contamina 80 veces m\u00e1s que cualquier otro veh\u00edculo.<\/p>\n<p>Entonces, tambi\u00e9n hemos dado la instrucci\u00f3n para que se realicen ya las inversiones y las compras lo antes posible\u201d, precis\u00f3.<\/p>\n<p style=\"text-align: center;\"><strong>HAY QUE IR A OTRAS MEDIDAS<\/strong><\/p>\n<p>Luego de llegar en bicicleta a San L\u00e1zaro acompa\u00f1ado por una treintena de otros diputados, el coordinador de los legisladores del PRI, el mexiquense C\u00e9sar Camacho, reconoci\u00f3 que la medida de retirar casi una quinta parte del parque vehicular diariamente de la circulaci\u00f3n, es \u201cevidentemente algo extremo, pero necesario\u201d.<\/p>\n<p>Coment\u00f3 que \u00e9l y los diputados de su bancada esperar\u00edan que de una medida circunstancial el Jefe de Gobierno de la capital pasara a la implementaci\u00f3n de programas ambientales menos restrictivos y m\u00e1s efectivos.<\/p>\n<p>Coment\u00f3 que pese a ser una medida de efectos inmediatos, la aplicada por las autoridades capitalinas no toca a fondo el problema ambiental de la Ciudad de M\u00e9xico.<\/p>\n<p>\u201cTendr\u00edan que pensar en implementar medidas de movilidad urbana que privilegien el transporte colectivo, un transporte que todos querr\u00edamos seguro, c\u00f3modo y barato; es decir, accesible para la econom\u00eda popular, de modo que la convivencia, el mundo de la econom\u00eda no se trastoque y pueda ser habitable y no padecible en la gran Ciudad de M\u00e9xico.<\/p>\n<p>\u201cPor ahora, me parece que por elemental sentido de responsabilidad, hay que asumir la medida\u2026 como una medida inmediata y extrema, pero s\u00ed habr\u00eda que pensar, insisto, en el muy corto plazo en las medidas adicionales que tuvi\u00e9ramos que tomar\u201d.<\/p>\n<p>Indic\u00f3 que los diputados federales est\u00e1n abiertos a recibir planteamientos del Jefe de Gobierno para trabajar en la emisi\u00f3n de Leyes y normas que repercutieran en un mejoramiento de la movilidad urbana.<\/p>\n<p>Record\u00f3 que los diputados del PRI y \u00e9l mismo usan la bicicleta para trasladarse a San L\u00e1zaro dos veces por mes desde hace 5 meses.<\/p>\n<p>\u201c\u2026 cada d\u00eda somos m\u00e1s, hoy \u00e9ramos una treintena y lo vamos a seguir haciendo, vamos a estimular el aprovechamiento del transporte p\u00fablico, y tambi\u00e9n dec\u00eda, la posibilidad de haya m\u00e1s de un legislador en un veh\u00edculo, de suerte que se reduzca sensiblemente el uso de los veh\u00edculos automotores\u201d.<\/p>\n<p style=\"text-align: center;\"><strong>VAN POR LEY DE TRANSPARENCIA<\/strong><\/p>\n<p>Presionados constantemente por sectores que les exigen abordar de una vez por todas las iniciativas sobre transparencia a fin de comenzar a atacar en serio la corrupci\u00f3n, los diputados del PRI, PAN, PRD, PVEM, PANAL y PES aprobaron ayer en la Comisi\u00f3n de Transparencia y Anticorrupci\u00f3n la iniciativa correspondiente.<\/p>\n<p>Todos coincidieron en que esta iniciativa ha sido ya suficientemente analizada y que contiene los elementos necesarios para garantizar su objetivo de transparencia.<\/p>\n<p>Lo anterior lo dieron a conocer durante una conferencia de prensa los diputados Pedro Luis Noble del PRI; Cecilia Romero Castillo del PAN; Omar Ortega \u00c1lvarez del PRD y Sharon Cuenca Ayala del PVEM.<\/p>\n<p>Los legisladores explicaron que la minuta de la Ley Federal de Transparencia y Acceso a la Informaci\u00f3n P\u00fablica Gubernamental, turnada por el Senado de la Rep\u00fablica a la C\u00e1mara de Diputados el 19 de noviembre anterior, ha sido ampliamente debatida, no s\u00f3lo en la comisi\u00f3n, sino en un amplio foro en el cual participaron todos los grupos parlamentarios.<\/p>\n<p>\u201cEste documento le brinda a la sociedad mexicana, transparencia para garantizar que cualquier ciudadano mexicano, tenga acceso a la informaci\u00f3n; adem\u00e1s contiene aspectos de gobierno y parlamento abierto. Somos sujetos obligados, diputados, grupos parlamentarios y tambi\u00e9n el pleno del Congreso\u201d, afirm\u00f3 el diputado priista Pedro Luis Noble.<\/p>\n<p>A su vez la diputada Sharon Cuenca inform\u00f3 que la minuta se aprob\u00f3 en lo general, por unanimidad con 23 votos a favor.<\/p>\n<p><em><a href=\"mailto:rvizcainoa@gmail.com\" target=\"_blank\">vizcainoa@gmail.com<\/a><\/em><br \/>\n<em><a href=\"http:\/\/www.endirecto.com.mx\/\" target=\"_blank\">www.endirecto.com.mx<\/a><\/em><br \/>\n<em><a href=\"https:\/\/twitter.com\/_rvizcaino\" target=\"_blank\">@_RVizcaino<\/a><\/em><br \/>\n<a href=\"https:\/\/www.facebook.com\/rvizcainoa\" target=\"_blank\">f<em>acebook.com\/rvizcainoa<\/em><\/a><\/p>\n","protected":false},"excerpt":{"rendered":"<p><span style=\"color: #005497;\"><strong>Roberto Vizca\u00edno<\/strong><\/span><br \/>\n<br \/>\nRecriminado y cuestionado desde todos los sectores, el Jefe de Gobierno de la Ciudad de M\u00e9xico, contra su estilo, estall\u00f3 ayer frente a sus cr\u00edticos y admiti\u00f3 que la medida de retirar diariamente de la circulaci\u00f3n a una quinta parte del parque vehicular, s\u00ed es una medida impositiva.<\/p>\n","protected":false},"author":3,"featured_media":262580,"comment_status":"open","ping_status":"open","sticky":false,"template":"","format":"standard","meta":{"_monsterinsights_skip_tracking":false,"_monsterinsights_sitenote_active":false,"_monsterinsights_sitenote_note":"","_monsterinsights_sitenote_category":0,"footnotes":""},"categories":[136],"tags":[43674,93,94],"class_list":["post-262527","post","type-post","status-publish","format-standard","has-post-thumbnail","hentry","category-roberto-vizcaino-opinion","tag-opinion","tag-roberto-vizcaino","tag-tras-la-puerta-del-poder"],"_links":{"self":[{"href":"https:\/\/www.diarioimagen.net\/index.php?rest_route=\/wp\/v2\/posts\/262527","targetHints":{"allow":["GET"]}}],"collection":[{"href":"https:\/\/www.diarioimagen.net\/index.php?rest_route=\/wp\/v2\/posts"}],"about":[{"href":"https:\/\/www.diarioimagen.net\/index.php?rest_route=\/wp\/v2\/types\/post"}],"author":[{"embeddable":true,"href":"https:\/\/www.diarioimagen.net\/index.php?rest_route=\/wp\/v2\/users\/3"}],"replies":[{"embeddable":true,"href":"https:\/\/www.diarioimagen.net\/index.php?rest_route=%2Fwp%2Fv2%2Fcomments&post=262527"}],"version-history":[{"count":0,"href":"https:\/\/www.diarioimagen.net\/index.php?rest_route=\/wp\/v2\/posts\/262527\/revisions"}],"wp:featuredmedia":[{"embeddable":true,"href":"https:\/\/www.diarioimagen.net\/index.php?rest_route=\/wp\/v2\/media\/262580"}],"wp:attachment":[{"href":"https:\/\/www.diarioimagen.net\/index.php?rest_route=%2Fwp%2Fv2%2Fmedia&parent=262527"}],"wp:term":[{"taxonomy":"category","embeddable":true,"href":"https:\/\/www.diarioimagen.net\/index.php?rest_route=%2Fwp%2Fv2%2Fcategories&post=262527"},{"taxonomy":"post_tag","embeddable":true,"href":"https:\/\/www.diarioimagen.net\/index.php?rest_route=%2Fwp%2Fv2%2Ftags&post=262527"}],"curies":[{"name":"wp","href":"https:\/\/api.w.org\/{rel}","templated":true}]}}