{"id":262654,"date":"2016-04-04T00:01:51","date_gmt":"2016-04-04T05:01:51","guid":{"rendered":"http:\/\/www.diarioimagen.net\/?p=262654"},"modified":"2016-04-05T03:39:57","modified_gmt":"2016-04-05T08:39:57","slug":"luis-francisco-arroyo-deslumbra-en-una-familia-de-tantas","status":"publish","type":"post","link":"https:\/\/www.diarioimagen.net\/?p=262654","title":{"rendered":"Luis Francisco Arroyo deslumbra en \u201cUna familia de tantas\u201d"},"content":{"rendered":"<ul>\n<li><em><strong>La obra enfrenta el papel que han llevado las mujeres en las familias y c\u00f3mo se pudo haber roto su yugo en la sociedad<\/strong><\/em><\/li>\n<\/ul>\n<h6>Arturo Arellano<\/h6>\n<p>&nbsp;<\/p>\n<div id=\"attachment_262655\" style=\"width: 430px\" class=\"wp-caption aligncenter\"><a href=\"http:\/\/www.diarioimagen.net\/?attachment_id=262655\" rel=\"attachment wp-att-262655\"><img loading=\"lazy\" decoding=\"async\" aria-describedby=\"caption-attachment-262655\" class=\"size-large wp-image-262655\" src=\"http:\/\/www.diarioimagen.net\/wp-content\/uploads\/2016\/04\/tres-portal-420x245.jpg\" alt=\"El talentoso actor Luis Francisco Arroyo concedi\u00f3 una entrevista para las p\u00e1ginas de DIARIO IMAGEN. fotos: Arturo Arellano\" width=\"420\" height=\"245\" srcset=\"https:\/\/www.diarioimagen.net\/wp-content\/uploads\/2016\/04\/tres-portal-420x245.jpg 420w, https:\/\/www.diarioimagen.net\/wp-content\/uploads\/2016\/04\/tres-portal-240x140.jpg 240w, https:\/\/www.diarioimagen.net\/wp-content\/uploads\/2016\/04\/tres-portal.jpg 480w\" sizes=\"auto, (max-width: 420px) 100vw, 420px\" \/><\/a><p id=\"caption-attachment-262655\" class=\"wp-caption-text\">El talentoso actor Luis Francisco Arroyo concedi\u00f3 una entrevista para las p\u00e1ginas de <strong>DIARIO IMAGEN<\/strong>. \/ Fotos: Arturo Arellano.<\/p><\/div>\n<p>&nbsp;<\/p>\n<p>\u201cUna familia de tantas\u201d fue una pel\u00edcula protagonizada por Fernando Soler, David Silva, Martha Roth, Eugenia Galindo y Felipe de Alba, en 1948 y su primera adaptaci\u00f3n en teatro tuvo su estreno el pasado viernes en la Carpa Geod\u00e9sica (Avenida de los Insurgentes Sur 2135, San \u00c1ngel, en la ciudad de M\u00e9xico) una obra que se sit\u00faa en la d\u00e9cada de los 40\u2019s cuando la mujer ten\u00eda un papel limitado en las familias, exclusivo para labores dom\u00e9sticas y con una opini\u00f3n sin valor alguno para el padre de familia.<\/p>\n<p>Con esta obra se pretende retratar el yugo que sufrieron las mujeres durante varias generaciones, pero tambi\u00e9n c\u00f3mo a partir de la valent\u00eda y amor propio de algunas pocas se pudo ir rompiendo con este estereotipo.<\/p>\n<p>\u201cUna familia de tantas\u201d cuenta con la participaci\u00f3n de Alicia Camps, Mois\u00e9s Cardez, Luis Francisco Arroyo, Gabriela Ortiz, Eduardo Rosas, Beylin Sabeth, Monse Hern\u00e1ndez, Iv\u00e1n Raday, Guadalupe Rammath y Dante.<\/p>\n<p>Luego de una funci\u00f3n de exitoso estreno y para ofrecer m\u00e1s detalles al respecto, Luis Francisco Arroyo concedi\u00f3 una entrevista para las p\u00e1ginas de <strong>DIARIO IMAGEN<\/strong>, durante la que se dijo emocionado y cont\u00f3 \u201ctodo comenz\u00f3 con el casting que vine a hacer y gracias a Dios me escogi\u00f3 Liliana Xo que es la directora de este proyecto que ven\u00eda horneando desde hace dos a\u00f1os. La puesta en escena se sit\u00faa en un tiempo lejano, cuando las costumbres eran distintas. El reto que tuve en mi personaje (Roberto del Hierro, vendedor de puerta en puerta) fueron los modismos que se usaban antes, realmente ya no existen vendedores de este tipo. Lo que les puede dejar esta obra es recobrar el valor del n\u00facleo familiar que hoy en d\u00eda se est\u00e1 perdiendo porque ya los hijos sobrepasan a los padres y es simplemente porque no se dan cuenta del sacrificio que hacen para educarlos y sostenerlos. En la obra no nos ponemos del lado de los padres sino que tratamos de mediar el asunto y que sea una familia con mucha comunicaci\u00f3n\u201d.<\/p>\n<p>Se\u00f1al\u00f3 que si bien se vive en medio de la actual revoluci\u00f3n tecnol\u00f3gica \u201chay mucho contenido multimedia, pero el teatro se tiene que adaptar, las grandes producciones por ejemplo tienen muchas luces, escenograf\u00eda, sonido, proyectores. Sin embargo, en este caso lo el p\u00fablico que nos acompa\u00f1e ver\u00e1 algo retro, es lo que les va a llamar a atenci\u00f3n. Curiosamente con lo que batallamos un poco fue con la escenograf\u00eda porque hay muebles que ya no se hacen y si se hacen es muy caro porque son retro (risas)\u201d.<\/p>\n<p>Como aprendizaje con este papel reconoci\u00f3 \u201cyo no mantengo a mi mam\u00e1 porque no puedo, pero alg\u00fan d\u00eda lo har\u00e9, pero mi personaje s\u00ed lo hace y m\u00e1s all\u00e1 de eso es un ejemplo de comunicaci\u00f3n, lo dice en el texto, que tiene mucha comunicaci\u00f3n con su mam\u00e1 que es viuda, a \u00e9l lo cri\u00f3 sola y \u00e9l sabe la importancia de que una mujer sea independiente, que tengan sus propios sue\u00f1os, su propio trabajo y se le tiene que tomar en cuenta a la mujer, porque tambi\u00e9n son el motor de una sociedad\u201d.<\/p>\n<p>No obstante a nivel sociedad denunci\u00f3 que se debe tener m\u00e1s congruencia en la manera de buscar la equidad de g\u00e9nero \u201cse contradice mucho lo que est\u00e1 pasando en el tema de equidad, vi una imagen en internet por ejemplo que dec\u00eda \u2018Ni m\u00e1s, ni menos. Igualdad\u2019, pero despu\u00e9s me subo al Metrob\u00fas y aparece una divisi\u00f3n, una imagen con la indicaci\u00f3n de que las mujeres a la izquierda y los hombres a la derecha, ah\u00ed hay una incongruencia grave porque no se est\u00e1 siendo iguales. Una cosa es proteger a la mujer y otra es estar a la par o segregar\u201d.<\/p>\n<p>La obra es una comedia con tintes dram\u00e1ticos, por lo que el joven actor se ha preparado con mucho tiempo de antelaci\u00f3n para enfrentarse al personaje, teniendo como referentes a Tin-Tan, Pedro Infante, Jorge Negrete, Los Galindo. \u201cEl humor es una manera muy eficaz de llevar un mensaje, pero en este caso tambi\u00e9n es muy fuerte porque por ejemplo las parejas que se embarazan muy j\u00f3venes no tienen la experiencia para sacar adelante a un ni\u00f1o y termina yendo en malos pasos. Yo como comediante creo que no ando tan mal, s\u00ed me defiendo (risas)\u201d y vaya que lo demostr\u00f3 cautivando al p\u00fablico de principio a fin, llev\u00e1ndose sin duda la noche completa entre aplausos, risas y lo m\u00e1s importante dejando un mensaje en cada espectador.<\/p>\n<p>La puesta en escena \u201cUna familia de tantas\u201d se seguir\u00e1 presentando en la Carpa Geod\u00e9sica (Avenida de los Insurgentes Sur 2135, San \u00c1ngel, en la Ciudad de M\u00e9xico) los viernes a las 21:00 horas y s\u00e1bados a las 20:00 horas.<\/p>\n","protected":false},"excerpt":{"rendered":"<p>\u201cUna familia de tantas\u201d fue una pel\u00edcula protagonizada por Fernando Soler, David Silva, Martha Roth, Eugenia Galindo y Felipe de Alba, en 1948 y su primera adaptaci\u00f3n en teatro tuvo su estreno el pasado viernes en la Carpa Geod\u00e9sica (Avenida de los Insurgentes Sur 2135, San \u00c1ngel, en la ciudad de M\u00e9xico) una obra que se sit\u00faa en la d\u00e9cada de los 40\u2019s cuando la mujer ten\u00eda un papel limitado en las familias, exclusivo para labores dom\u00e9sticas y con una opini\u00f3n sin valor alguno para el padre de familia.<\/p>\n","protected":false},"author":5,"featured_media":262655,"comment_status":"open","ping_status":"open","sticky":false,"template":"","format":"standard","meta":{"_monsterinsights_skip_tracking":false,"_monsterinsights_sitenote_active":false,"_monsterinsights_sitenote_note":"","_monsterinsights_sitenote_category":0,"footnotes":""},"categories":[12],"tags":[43682],"class_list":["post-262654","post","type-post","status-publish","format-standard","has-post-thumbnail","hentry","category-espectaculos","tag-espectaculos"],"_links":{"self":[{"href":"https:\/\/www.diarioimagen.net\/index.php?rest_route=\/wp\/v2\/posts\/262654","targetHints":{"allow":["GET"]}}],"collection":[{"href":"https:\/\/www.diarioimagen.net\/index.php?rest_route=\/wp\/v2\/posts"}],"about":[{"href":"https:\/\/www.diarioimagen.net\/index.php?rest_route=\/wp\/v2\/types\/post"}],"author":[{"embeddable":true,"href":"https:\/\/www.diarioimagen.net\/index.php?rest_route=\/wp\/v2\/users\/5"}],"replies":[{"embeddable":true,"href":"https:\/\/www.diarioimagen.net\/index.php?rest_route=%2Fwp%2Fv2%2Fcomments&post=262654"}],"version-history":[{"count":0,"href":"https:\/\/www.diarioimagen.net\/index.php?rest_route=\/wp\/v2\/posts\/262654\/revisions"}],"wp:featuredmedia":[{"embeddable":true,"href":"https:\/\/www.diarioimagen.net\/index.php?rest_route=\/wp\/v2\/media\/262655"}],"wp:attachment":[{"href":"https:\/\/www.diarioimagen.net\/index.php?rest_route=%2Fwp%2Fv2%2Fmedia&parent=262654"}],"wp:term":[{"taxonomy":"category","embeddable":true,"href":"https:\/\/www.diarioimagen.net\/index.php?rest_route=%2Fwp%2Fv2%2Fcategories&post=262654"},{"taxonomy":"post_tag","embeddable":true,"href":"https:\/\/www.diarioimagen.net\/index.php?rest_route=%2Fwp%2Fv2%2Ftags&post=262654"}],"curies":[{"name":"wp","href":"https:\/\/api.w.org\/{rel}","templated":true}]}}