{"id":262658,"date":"2016-04-03T23:50:04","date_gmt":"2016-04-04T04:50:04","guid":{"rendered":"http:\/\/www.diarioimagen.net\/?p=262658"},"modified":"2016-04-04T04:33:32","modified_gmt":"2016-04-04T09:33:32","slug":"pesado-rinde-tributo-a-los-alegres-de-teran","status":"publish","type":"post","link":"https:\/\/www.diarioimagen.net\/?p=262658","title":{"rendered":"Pesado rinde tributo a Los Alegres de Ter\u00e1n"},"content":{"rendered":"<ul>\n<li><em><strong>El grupo de m\u00fasica norte\u00f1a presenta su m\u00e1s reciente material discogr\u00e1fico, en el que reviven las ra\u00edces del acorde\u00f3n y el bajosexto, con el primer sencillo \u201cMoneda sin valor\u201d<\/strong><\/em><\/li>\n<\/ul>\n<h6>Asael Grande<\/h6>\n<p>&nbsp;<\/p>\n<div id=\"attachment_262659\" style=\"width: 430px\" class=\"wp-caption aligncenter\"><a href=\"http:\/\/www.diarioimagen.net\/?attachment_id=262659\" rel=\"attachment wp-att-262659\"><img loading=\"lazy\" decoding=\"async\" aria-describedby=\"caption-attachment-262659\" class=\"size-large wp-image-262659\" src=\"http:\/\/www.diarioimagen.net\/wp-content\/uploads\/2016\/04\/pesado-portal-420x245.jpg\" alt=\"\u201cLos Alegres de Ter\u00e1n tuvieron cientos de canciones y nosotros apenas logramos elegir 30 temas, de los cuales 15 est\u00e1n ya en este disco y los otros vendr\u00e1n en el segundo volumen, para luego hacer otro material con temas in\u00e9ditos\u201d, se\u00f1al\u00f3 la agrupaci\u00f3n en conferencia de prensa. foto: Asael Grande\" width=\"420\" height=\"245\" srcset=\"https:\/\/www.diarioimagen.net\/wp-content\/uploads\/2016\/04\/pesado-portal-420x245.jpg 420w, https:\/\/www.diarioimagen.net\/wp-content\/uploads\/2016\/04\/pesado-portal-240x140.jpg 240w, https:\/\/www.diarioimagen.net\/wp-content\/uploads\/2016\/04\/pesado-portal.jpg 480w\" sizes=\"auto, (max-width: 420px) 100vw, 420px\" \/><\/a><p id=\"caption-attachment-262659\" class=\"wp-caption-text\">\u201cLos Alegres de Ter\u00e1n tuvieron cientos de canciones y nosotros apenas logramos elegir 30 temas, de los cuales 15 est\u00e1n ya en este disco y los otros vendr\u00e1n en el segundo volumen, para luego hacer otro material con temas in\u00e9ditos\u201d, se\u00f1al\u00f3 la agrupaci\u00f3n en conferencia de prensa. \/ Foto: Asael Grande.<\/p><\/div>\n<p>&nbsp;<\/p>\n<p>Grupo Pesado vuelve a ponerle sabor a la m\u00fasica norte\u00f1a, volviendo a las ra\u00edces regionales del acorde\u00f3n y bajosexto, con grandes cl\u00e1sicos de anta\u00f1o, siendo en esta ocasi\u00f3n los grandes \u00e9xitos del legendario grupo Los Alegres de Ter\u00e1n en un disco de colecci\u00f3n: \u201cla idea surgi\u00f3 porque Los Alegres de Ter\u00e1n son la ra\u00edz de la m\u00fasica norte\u00f1a en la mayor parte del mundo y esta es la oportunidad de dar a conocer m\u00e1s su m\u00fasica, sentimos que era muy necesario hacer este homenaje porque son los abuelos de la m\u00fasica norte\u00f1a, su m\u00fasica ha pasado de generaci\u00f3n en generaci\u00f3n, que se sigue escuchando, en la actualidad la gente tiene acceso a otro tipo de m\u00fasica, y mientras no le pongas este tipo de destino musical, los j\u00f3venes no van a saber que existe\u201d, coment\u00f3 en rueda de prensa, Mario Zapa, primera voz de Grupo Pesado.<\/p>\n<p>Tributo a Los Alegres de Ter\u00e1n es un \u00e1lbum grabado en la plaza principal de Terpan, N.L, cuna y lugar emblem\u00e1tico del inicio de la carrera de Los Alegres de Ter\u00e1n, y que forma parte del Cd y Dvd que Pesado lanza con bombo y platillo. Temas como \u201cLos ojos de Pancha\u201d, \u201cMoneda sin valor\u201d, \u201cPrenda del alma\u201d, \u201cLa borrachera\u201d, \u201cLos chismes\u201d, \u201cCarta jugada\u201d, \u201cEl amor no se vende\u201d, \u201cMi castigo\u201d, \u201cA\u00fan se acuerda de m\u00ed\u201d, \u201cNoche de estrellas\u201d, \u201cCarga blanca\u201d, \u201cFlorita del alma\u201d, \u201cHermos\u00edsimo lucero\u201d, \u201cDelante de m\u00ed\u201d, \u201cEl mene\u00edto\u201d, son parte del disco que Pesado presenta en tributo a Los Alegres de Ter\u00e1n.<\/p>\n<p>Con este disco \u2018El grupo que vale lo que pesa\u2019, da continuidad al estilo musical que tanto \u00e9xito les dio en su disco Desde la cantina, ya que retoma el estilo cl\u00e1sico norte\u00f1o en temas que son \u00edconos musicales que han formado parte de la vida de generaciones de escuchas: \u201crespetamos lo que hacen los gruperos del gremio grupero, siempre hemos mantenido nuestra l\u00ednea en nuestros gustos musicales, en este disco vienen corridos, nuestros fans siguen respetando nuestra m\u00fasica, las ra\u00edces de la m\u00fasica norte\u00f1a son muy importantes, con este disco acordamos volver a lo b\u00e1sico, a la esencia de los sonidos con los que se realiz\u00f3 este sonido hace m\u00e1s de medio siglo, nos hemos mantenido con nuestro estilo, Los Alegres de Ter\u00e1n grabaron alrededor de mil canciones, nosotros grabamos alrededor de treinta melod\u00edas en esa tarde noche que grabamos el disco, nos dio dolor dejar tantas canciones afuera, pero viene un nuevo material de lo que ser\u00e1 un disco in\u00e9dito de Pesado\u201d, comparti\u00f3 Jos\u00e9 Mario Elizondo, cantante de Pesado.<\/p>\n<p>Mario Zapa manifest\u00f3 que \u201capenas tenemos 22 a\u00f1os de carrera, ojal\u00e1 sean muchos, nos faltan muchas cosas por hacer, seguir insistiendo en m\u00e1s plazas de muchos pa\u00edses, es muy probable que este a\u00f1o vayamos a Colombia, nos faltan conquistar m\u00e1s lugares, queremos seguir haciendo m\u00e1s m\u00fasica y seguir creciendo como grupo, y dejar un ejemplo en la m\u00fasica norte\u00f1a en general, dejar un legado\u201d, concluy\u00f3.<\/p>\n","protected":false},"excerpt":{"rendered":"<p>Grupo Pesado vuelve a ponerle sabor a la m\u00fasica norte\u00f1a, volviendo a las ra\u00edces regionales del acorde\u00f3n y bajosexto, con grandes cl\u00e1sicos de anta\u00f1o, siendo en esta ocasi\u00f3n los grandes \u00e9xitos del legendario grupo Los Alegres de Ter\u00e1n en un disco de colecci\u00f3n: \u201cla idea surgi\u00f3 porque Los Alegres de Ter\u00e1n son la ra\u00edz de la m\u00fasica norte\u00f1a en la mayor parte del mundo y esta es la oportunidad de dar a conocer m\u00e1s su m\u00fasica, sentimos que era muy necesario hacer este homenaje porque son los abuelos de la m\u00fasica norte\u00f1a, su m\u00fasica ha pasado de generaci\u00f3n en generaci\u00f3n, que se sigue escuchando, en la actualidad la gente tiene acceso a otro tipo de m\u00fasica, y mientras no le pongas este tipo de destino musical, los j\u00f3venes no van a saber que existe\u201d, coment\u00f3 en rueda de prensa, Mario Zapa, primera voz de Grupo Pesado.<\/p>\n","protected":false},"author":5,"featured_media":262659,"comment_status":"open","ping_status":"open","sticky":false,"template":"","format":"standard","meta":{"_monsterinsights_skip_tracking":false,"_monsterinsights_sitenote_active":false,"_monsterinsights_sitenote_note":"","_monsterinsights_sitenote_category":0,"footnotes":""},"categories":[12],"tags":[43682],"class_list":["post-262658","post","type-post","status-publish","format-standard","has-post-thumbnail","hentry","category-espectaculos","tag-espectaculos"],"_links":{"self":[{"href":"https:\/\/www.diarioimagen.net\/index.php?rest_route=\/wp\/v2\/posts\/262658","targetHints":{"allow":["GET"]}}],"collection":[{"href":"https:\/\/www.diarioimagen.net\/index.php?rest_route=\/wp\/v2\/posts"}],"about":[{"href":"https:\/\/www.diarioimagen.net\/index.php?rest_route=\/wp\/v2\/types\/post"}],"author":[{"embeddable":true,"href":"https:\/\/www.diarioimagen.net\/index.php?rest_route=\/wp\/v2\/users\/5"}],"replies":[{"embeddable":true,"href":"https:\/\/www.diarioimagen.net\/index.php?rest_route=%2Fwp%2Fv2%2Fcomments&post=262658"}],"version-history":[{"count":0,"href":"https:\/\/www.diarioimagen.net\/index.php?rest_route=\/wp\/v2\/posts\/262658\/revisions"}],"wp:featuredmedia":[{"embeddable":true,"href":"https:\/\/www.diarioimagen.net\/index.php?rest_route=\/wp\/v2\/media\/262659"}],"wp:attachment":[{"href":"https:\/\/www.diarioimagen.net\/index.php?rest_route=%2Fwp%2Fv2%2Fmedia&parent=262658"}],"wp:term":[{"taxonomy":"category","embeddable":true,"href":"https:\/\/www.diarioimagen.net\/index.php?rest_route=%2Fwp%2Fv2%2Fcategories&post=262658"},{"taxonomy":"post_tag","embeddable":true,"href":"https:\/\/www.diarioimagen.net\/index.php?rest_route=%2Fwp%2Fv2%2Ftags&post=262658"}],"curies":[{"name":"wp","href":"https:\/\/api.w.org\/{rel}","templated":true}]}}