{"id":262761,"date":"2016-04-04T00:01:56","date_gmt":"2016-04-04T05:01:56","guid":{"rendered":"http:\/\/www.diarioimagen.net\/?p=262761"},"modified":"2016-04-04T03:58:24","modified_gmt":"2016-04-04T08:58:24","slug":"hyatt-regency-mexico-city-celebra-en-sus-instalaciones-el-trade-show-de-los-hoteles-place-y-house","status":"publish","type":"post","link":"https:\/\/www.diarioimagen.net\/?p=262761","title":{"rendered":"<em>Hyatt Regency Mexico City<\/em> celebra en sus instalaciones el <em>Trade Show<\/em> de los hoteles <em>Place y House<\/em>"},"content":{"rendered":"<h2>De cinco estrellas<\/h2>\n<h5>Victoria Gonz\u00e1lez Prado<\/h5>\n<p>&nbsp;<\/p>\n<ul>\n<li><strong>Astrid\u00a0y\u00a0Gast\u00f3n\u00a0M\u00e9xico<\/strong><em><strong> celebran la primavera con nueva terraza\u00a0y\u00a0barra de ceviche 5&#215;5<\/strong><\/em><\/li>\n<li><em><strong>La organizaci\u00f3n de turismo Mundo Joven dio a conocer que adquiri\u00f3 el 30 por ciento de\u00a0<\/strong><\/em><strong>Nomad Republic<\/strong><\/li>\n<li><em><strong>La Ciudad de M\u00e9xico y Torre\u00f3n se conectan cinco veces por semana con Volaris<\/strong><\/em><\/li>\n<\/ul>\n<p>&nbsp;<\/p>\n<div id=\"attachment_262811\" style=\"width: 430px\" class=\"wp-caption aligncenter\"><a href=\"http:\/\/www.diarioimagen.net\/?attachment_id=262811\" rel=\"attachment wp-att-262811\"><img loading=\"lazy\" decoding=\"async\" aria-describedby=\"caption-attachment-262811\" class=\"size-large wp-image-262811\" src=\"http:\/\/www.diarioimagen.net\/wp-content\/uploads\/2016\/04\/turismo-2837-420x236.jpg\" alt=\"El Hyatt Place, en La Paz, Baja California Sur.\" width=\"420\" height=\"236\" srcset=\"https:\/\/www.diarioimagen.net\/wp-content\/uploads\/2016\/04\/turismo-2837-420x236.jpg 420w, https:\/\/www.diarioimagen.net\/wp-content\/uploads\/2016\/04\/turismo-2837-240x135.jpg 240w, https:\/\/www.diarioimagen.net\/wp-content\/uploads\/2016\/04\/turismo-2837-480x270.jpg 480w, https:\/\/www.diarioimagen.net\/wp-content\/uploads\/2016\/04\/turismo-2837-235x132.jpg 235w, https:\/\/www.diarioimagen.net\/wp-content\/uploads\/2016\/04\/turismo-2837-202x114.jpg 202w, https:\/\/www.diarioimagen.net\/wp-content\/uploads\/2016\/04\/turismo-2837-350x196.jpg 350w, https:\/\/www.diarioimagen.net\/wp-content\/uploads\/2016\/04\/turismo-2837-220x123.jpg 220w, https:\/\/www.diarioimagen.net\/wp-content\/uploads\/2016\/04\/turismo-2837-237x132.jpg 237w, https:\/\/www.diarioimagen.net\/wp-content\/uploads\/2016\/04\/turismo-2837.jpg 700w\" sizes=\"auto, (max-width: 420px) 100vw, 420px\" \/><\/a><p id=\"caption-attachment-262811\" class=\"wp-caption-text\">El Hyatt Place, en La Paz, Baja California Sur.<\/p><\/div>\n<p>&nbsp;<\/p>\n<p>El hotel, ubicado en el coraz\u00f3n de Polanco, que ofrece 755 habitaciones, <em>Hyatt Regency Mexico City,<\/em> fue el anfitri\u00f3n del espectacular <em>Trade Show<\/em>, con el que las marcas <em>Hyatt Place<\/em> y <em>Hyatt House<\/em> consintieron a algunos de sus principales clientes.<\/p>\n<p>En el marco de este evento, <em>Hyatt Place<\/em> present\u00f3 los nueve puntos b\u00e1sicos de su propuesta para viajeros de negocios o con estilo de vida muy ocupado, entre los que destaca la amplitud de sus espacios para dormir y trabajar, as\u00ed como opciones para disfrutar lo mejor de la gastronom\u00eda local en cada uno de los destinos en los que se encuentra presente las 24 horas del d\u00eda.<\/p>\n<p>Actualmente, este inmueble se encuentra en Ciudad del Carmen, La Paz, Tijuana y Los Cabos, por lo que de manera especial se destacaron las\u00a0ventajas de la regi\u00f3n de Baja California como un punto de acceso ideal para atracciones tur\u00edsticas naturales, la frontera con Estados Unidos y la cada vez m\u00e1s en boga propuesta gastron\u00f3mica de la regi\u00f3n con\u00a0restaurantes de clase mundial, grandes bodegas\u00a0vin\u00edcolas y destacados fabricantes de cerveza artesanal.<\/p>\n<p>Por otra parte, <em>Hyatt House,<\/em> el innovador concepto de residencias y estad\u00edas de larga duraci\u00f3n, confirm\u00f3 la apertura de su primer hotel en\u00a0Latinoam\u00e9rica para agosto de este a\u00f1o en la zona de negocios de Santa Fe, en la Ciudad de M\u00e9xico. Sus residencias est\u00e1n pensadas para ofrecer a sus\u00a0hu\u00e9spedes y residentes todas las ventajas de estar en casa.<\/p>\n<p>Durante el evento, <strong>Kevin Kelli<\/strong>, vicepresidente de ventas de los hoteles en Am\u00e9rica,\u00a0dio la\u00a0bienvenida a importantes clientes de la marca, entre los que destacaron algunos de los principales operadores tur\u00edsticos.\u00a0\u201cEstamos orgullosos de ofrecer una opci\u00f3n\u00a0distinta, c\u00f3moda y con todo el respaldo de <em>Hyatt<\/em>, para los viajeros a los que\u00a0eficiente su tiempo, es su mayor preocupaci\u00f3n\u201d.<\/p>\n<p>Con el apoyo a este <em>Trade Show,<\/em> el hotel en Polanco impulsa la presencia de otras marcas de <em>Hyatt <\/em>a nivel global en el pa\u00eds,\u00a0celebrando la diversidad de opciones para enriquecer los destinos\u00a0tur\u00edsticos del pa\u00eds en beneficio de visitantes nacionales e internacionales.<\/p>\n<p>\u2730\u2730\u2730\u2730\u2730 Los chefs <strong>Gast\u00f3n Acurio<\/strong> y <strong>Astrid Gutsche<\/strong> fueron los fundadores de Astrid y Gast\u00f3n M\u00e9xico, restaurante de gastronom\u00eda peruana, que tuvo sus inicios en Lima, Per\u00fa, recibe a la primavera con una renovada terraza para disfrutar todos los d\u00edas y una barra de ceviches para convertir los domingos en una deliciosa experiencia gastron\u00f3mica.<\/p>\n<p>La terraza de Astrid y Gast\u00f3n M\u00e9xico, uno de los lugares m\u00e1s rom\u00e1nticos en el coraz\u00f3n de Polanco, fue renovada a principios de a\u00f1o para ofrecer mayor comodidad a sus comensales, manteniendo la calidez de su chimenea que la han hecho favorita para celebraciones especiales y momentos rom\u00e1nticos.<\/p>\n<p>Para celebrarlo y recibir la primavera, su chef ejecutiva, <strong>Y\u00e9rika Mu\u00f1oz<\/strong>, dise\u00f1\u00f3 una barra de ceviche 5&#215;5, en la que los comensales pueden elegir, todos los domingos, una de cinco prote\u00ednas disponibles como salm\u00f3n, camar\u00f3n, at\u00fan, extraviado o pulpo y cinco frutas para servir de base a deliciosos ceviches peruanos. Para complementarlos, la chef <strong>Y\u00e9rika<\/strong> dispone de leches de tigre de distintos sabores, adem\u00e1s de los cl\u00e1sicos acompa\u00f1amientos como cebolla morada, br\u00f3coli, camote y cancha.<\/p>\n<p>Esta modalidad permite a los comensales dise\u00f1ar su propio ceviche y compartir sus creaciones con los familiares y amigos que los acompa\u00f1an. El costo de la barra es de 220 pesos por ceviche y est\u00e1 disponible todos los domingos de la temporada durante todo el horario de funcionamiento del restaurante.<\/p>\n<p>La chef <strong>Y\u00e9rika Mu\u00f1oz<\/strong> ha montado este tipo de barra en ocasiones especiales y en su experiencia, \u201cCrear tu propio platillo es una experiencia que transforma el sabor de tu comida, observar todo el proceso, permite a los comensales acercarse a preguntarnos m\u00e1s sobre la leche de tigre, el origen de nuestros productos y sobre la cocina de Per\u00fa en general\u201d.<\/p>\n<p>\u2730\u2730\u2730\u2730\u2730 La organizaci\u00f3n de turismo educativo y esparcimiento, Mundo Joven, dio a conocer que adquiri\u00f3 el 30 por ciento de\u00a0<em>Nomad Republic<\/em>, la empresa especializada en fomentar el esp\u00edritu solidario de turistas en\u00a0ciertas comunidades que requieren de ayuda.<\/p>\n<p>Fundada en el a\u00f1o 2012 por dos estudiantes universitarios, <em>Nomad Republic<\/em>\u00a0fue la primera empresa en detectar las tendencias globales de los\u00a0<em>millennials<\/em>, que\u00a0buscan tener un impacto social mediante el turismo, por lo que ofrece experiencias nacionales en la zona maya, chiapaneca, huasteca y Sierra Gorda, as\u00ed como en proyectos\u00a0internacionales de rescate ecol\u00f3gico y de fauna, trabajo comunitario y social \u00a0en Costa Rica, Tailandia, Sud\u00e1frica, Italia o Nepal, entre otras opciones.<\/p>\n<p>\u201cBuscamos las necesidades de cada comunidad mediante el di\u00e1logo con sus habitantes para a partir de ah\u00ed generar programas y establecer objetivos en conjunto\u201d, dijo <strong>Sebasti\u00e1n Garc\u00eda L\u00f3pez<\/strong>, cofundador de <em>Nomad Republic.<\/em><\/p>\n<p>Por su parte, <strong>Jordi Llorens<\/strong>, CEO de Mundo Joven Group, destac\u00f3: \u201cdamos un paso adelante en la forma de hacer turismo no tradicional bajo dos esquemas: trabajando en comunidades y con personas (voluntariado social) y colaborando en el rescate del medio ambiente y del mundo animal (voluntariado ambiental).<\/p>\n<p>Asegur\u00f3 que esta alianza les permitir\u00e1 aprovechar la experiencia de 21 a\u00f1os de la agencia de viajes, para crecer a nivel internacional. \u201cEn una fase de prueba, crecimos casi un 700 por ciento en dos meses, lo cual nos tiene muy contentos a ambas partes\u201d, agreg\u00f3 <strong>Garc\u00eda L\u00f3pez<\/strong>, quien ya despacha desde las oficinas de Mundo Joven.<\/p>\n<p>Cabe mencionar que, aunque el servicio se otorga de manera individual, tambi\u00e9n lo promover\u00e1n con las familias y a nivel corporativo, en este \u00faltimo rubro han cerrado ya varios contratos con empresas que buscan que sus empleados se involucren con las comunidades en proyectos espec\u00edficos.<\/p>\n<p>\u2730\u2730\u2730\u2730\u2730 La aerol\u00ednea mexicana de ultra-bajo costo, Volaris, inaugur\u00f3 la nueva ruta de la Ciudad de M\u00e9xico a Torre\u00f3n, Coahuila con cinco frecuencias a la semana.\u00a0 <strong>Ricardo Rivera<\/strong>, gerente ejecutivo de Marketing se\u00f1al\u00f3: \u201cestamos muy contentos de poder ofrecer a los coahuilenses una ruta m\u00e1s que estamos seguros ser\u00e1 excelente opci\u00f3n para conectar a estos dos importantes centros de negocios del pa\u00eds\u201d.<\/p>\n<p>La aerol\u00ednea\u00a0contin\u00faa incrementando su conectividad, en este caso, agregando una ruta, uno de los diez estados que m\u00e1s aporta a la econom\u00eda nacional, de acuerdo al INEGI, gracias a las tarifas m\u00e1s bajas del mercado que ofrece la compa\u00f1\u00eda a\u00e9rea.<\/p>\n<p>En\u00a0Volaris\u00a0tenemos el firme compromiso de que todo el mundo vuele, y el norte del pa\u00eds juega un rol fundamental en nuestra red de rutas. Tan s\u00f3lo en la ciudad de los grandes esfuerzos, como se le conoce a Torre\u00f3n, ya operamos dos rutas adicionales adem\u00e1s de la Ciudad de M\u00e9xico, que son Guadalajara y Tijuana, dijo el ejecutivo de la aerol\u00ednea.<\/p>\n<p>Los interesados en volar en esta ruta podr\u00e1n disponer de los siguientes horarios y frecuencias: Ciudad de M\u00e9xico\u2013Torre\u00f3n, Coahuila (lunes a viernes), saliendo a las 19:26 horas, llegando a Torre\u00f3n a las 21:11 horas. De Torre\u00f3n la salida es a las 21:46 horas llegando a la Ciudad de M\u00e9xico a las 23:16 horas.<\/p>\n<p>Gracias al innovador esquema \u201cT\u00fa decides\u201d s\u00f3lo pagar\u00e1s por los servicios que necesitas. Los boletos puedes adquirirlos en:\u00a0Volaris:\u00a0<a href=\"http:\/\/www.volaris.com\" target=\"_blank\">http:\/\/www.volaris.com<\/a>, o llamando al 01-800-122-8000. En Estados Unidos al 1-866-988-3527 y agencias de viajes autorizadas.<\/p>\n<p><em><i><a href=\"mailto:victoriagprado@gmail.com\" target=\"_blank\">victoriagprado@gmail.com<\/a><\/i><\/em><br \/>\nTwitter: <a href=\"https:\/\/twitter.com\/victoriagprado\" target=\"_blank\">@victoriagprado<\/a><\/p>\n<p>&nbsp;<\/p>\n","protected":false},"excerpt":{"rendered":"<p>El hotel, ubicado en el coraz\u00f3n de Polanco, que ofrece 755 habitaciones, <em>Hyatt Regency Mexico City,<\/em> fue el anfitri\u00f3n del espectacular <em>Trade Show<\/em>, con el que las marcas <em>Hyatt Place<\/em> y <em>Hyatt House<\/em> consintieron a algunos de sus principales clientes.<\/p>\n","protected":false},"author":3,"featured_media":262811,"comment_status":"open","ping_status":"open","sticky":false,"template":"","format":"standard","meta":{"_monsterinsights_skip_tracking":false,"_monsterinsights_sitenote_active":false,"_monsterinsights_sitenote_note":"","_monsterinsights_sitenote_category":0,"footnotes":""},"categories":[11],"tags":[],"class_list":["post-262761","post","type-post","status-publish","format-standard","has-post-thumbnail","hentry","category-turismo"],"_links":{"self":[{"href":"https:\/\/www.diarioimagen.net\/index.php?rest_route=\/wp\/v2\/posts\/262761","targetHints":{"allow":["GET"]}}],"collection":[{"href":"https:\/\/www.diarioimagen.net\/index.php?rest_route=\/wp\/v2\/posts"}],"about":[{"href":"https:\/\/www.diarioimagen.net\/index.php?rest_route=\/wp\/v2\/types\/post"}],"author":[{"embeddable":true,"href":"https:\/\/www.diarioimagen.net\/index.php?rest_route=\/wp\/v2\/users\/3"}],"replies":[{"embeddable":true,"href":"https:\/\/www.diarioimagen.net\/index.php?rest_route=%2Fwp%2Fv2%2Fcomments&post=262761"}],"version-history":[{"count":0,"href":"https:\/\/www.diarioimagen.net\/index.php?rest_route=\/wp\/v2\/posts\/262761\/revisions"}],"wp:featuredmedia":[{"embeddable":true,"href":"https:\/\/www.diarioimagen.net\/index.php?rest_route=\/wp\/v2\/media\/262811"}],"wp:attachment":[{"href":"https:\/\/www.diarioimagen.net\/index.php?rest_route=%2Fwp%2Fv2%2Fmedia&parent=262761"}],"wp:term":[{"taxonomy":"category","embeddable":true,"href":"https:\/\/www.diarioimagen.net\/index.php?rest_route=%2Fwp%2Fv2%2Fcategories&post=262761"},{"taxonomy":"post_tag","embeddable":true,"href":"https:\/\/www.diarioimagen.net\/index.php?rest_route=%2Fwp%2Fv2%2Ftags&post=262761"}],"curies":[{"name":"wp","href":"https:\/\/api.w.org\/{rel}","templated":true}]}}