{"id":263081,"date":"2016-04-06T00:02:38","date_gmt":"2016-04-06T05:02:38","guid":{"rendered":"http:\/\/www.diarioimagen.net\/?p=263081"},"modified":"2016-04-07T00:17:13","modified_gmt":"2016-04-07T05:17:13","slug":"cambia-epn-a-embajador-en-eu-nombra-a-sada-solana","status":"publish","type":"post","link":"https:\/\/www.diarioimagen.net\/?p=263081","title":{"rendered":"Cambia el Presidente al embajador en EU"},"content":{"rendered":"<ul>\n<li><strong><em>Carre\u00f1o King, subsecretario para Am\u00e9rica del Norte<br \/>\n<\/em><\/strong><\/li>\n<\/ul>\n<p>&nbsp;<\/p>\n<div id=\"attachment_263082\" style=\"width: 430px\" class=\"wp-caption aligncenter\"><a href=\"http:\/\/www.diarioimagen.net\/?attachment_id=263082\" rel=\"attachment wp-att-263082\"><img loading=\"lazy\" decoding=\"async\" aria-describedby=\"caption-attachment-263082\" class=\"wp-image-263082 size-large\" src=\"http:\/\/www.diarioimagen.net\/wp-content\/uploads\/2016\/04\/EMBAJADOR-portal-420x245.jpg\" alt=\"La SRE anunci\u00f3 el nombramiento de Carlos Manuel Sada Solana como embajador de M\u00e9xico en Estados Unidos.\" width=\"420\" height=\"245\" srcset=\"https:\/\/www.diarioimagen.net\/wp-content\/uploads\/2016\/04\/EMBAJADOR-portal-420x245.jpg 420w, https:\/\/www.diarioimagen.net\/wp-content\/uploads\/2016\/04\/EMBAJADOR-portal-240x140.jpg 240w, https:\/\/www.diarioimagen.net\/wp-content\/uploads\/2016\/04\/EMBAJADOR-portal.jpg 480w\" sizes=\"auto, (max-width: 420px) 100vw, 420px\" \/><\/a><p id=\"caption-attachment-263082\" class=\"wp-caption-text\">La SRE anunci\u00f3 el nombramiento de Carlos Manuel Sada Solana como embajador de M\u00e9xico en Estados Unidos.<\/p><\/div>\n<p>La Secretar\u00eda de Relaciones Exteriores anunci\u00f3 los nombramientos de Carlos Manuel Sada Solana como embajador de M\u00e9xico en Estados Unidos y el de Jos\u00e9 Paulo Carre\u00f1o King como subsecretario para Am\u00e9rica del Norte.<\/p>\n<p>Sada Solana tiene una amplia experiencia en el trabajo consular y en la protecci\u00f3n de los derechos de los mexicanos en Norteam\u00e9rica, as\u00ed como en la defensa de los intereses de M\u00e9xico en el exterior.<\/p>\n<p>De abril de 2011 a julio de 2013 se desempe\u00f1\u00f3 como c\u00f3nsul general en Nueva York, y desde abril de 2013 hasta la fecha ha fungido como c\u00f3nsul general de M\u00e9xico en Los \u00c1ngeles.<\/p>\n<p>Tambi\u00e9n fue presidente municipal de la de Ciudad de Oaxaca y secretario de Desarrollo Social y Econ\u00f3mico del estado de Oaxaca.<\/p>\n<p>En un comunicado, la canciller\u00eda indic\u00f3 que la propuesta de Carlos Sada ser\u00e1 enviada al gobierno de Estados Unidos para su benepl\u00e1cito y, de conformidad con la Constituci\u00f3n, se someter\u00e1 a la consideraci\u00f3n del Senado de la Rep\u00fablica para su ratificaci\u00f3n.<\/p>\n<p>En cuanto a Carre\u00f1o King, cuyo nombramiento fue otorgado por instrucciones del presidente Enrique Pe\u00f1a Nieto, tiene amplia experiencia en la promoci\u00f3n de M\u00e9xico en el mundo en la relaci\u00f3n con medios internacionales e instituciones acad\u00e9micas y empresariales.<\/p>\n<p>Desde 2015 es coordinador de Marca Pa\u00eds y Medios Internacionales de la Presidencia de la Rep\u00fablica, cargo desde el cual desarroll\u00f3 y puso en marcha una estrategia integral de promoci\u00f3n de M\u00e9xico en econom\u00edas clave.<\/p>\n<p>Maestro en Derecho Internacional P\u00fablico con especialidad en Derechos Humanos, en enero de 2015 el nuevo subsecretario para Am\u00e9rica del Norte concluy\u00f3 una destacada etapa profesional, de m\u00e1s de diez a\u00f1os, en el sector financiero en M\u00e9xico.<\/p>\n<p>En su m\u00e1s reciente encargo se desempe\u00f1\u00f3 como director ejecutivo de Comunicaci\u00f3n y Relaciones Institucionales de Grupo Financiero Banamex y fungi\u00f3 como vocero en M\u00e9xico de Citigroup, el banco global con mayor presencia en el mundo.<\/p>\n","protected":false},"excerpt":{"rendered":"<p>La Secretar\u00eda de Relaciones Exteriores anunci\u00f3 los nombramientos de Carlos Manuel Sada Solana como embajador de M\u00e9xico en Estados Unidos y el de Jos\u00e9 Paulo Carre\u00f1o King como subsecretario para Am\u00e9rica del Norte.<\/p>\n","protected":false},"author":5,"featured_media":263082,"comment_status":"open","ping_status":"open","sticky":false,"template":"","format":"standard","meta":{"_monsterinsights_skip_tracking":false,"_monsterinsights_sitenote_active":false,"_monsterinsights_sitenote_note":"","_monsterinsights_sitenote_category":0,"footnotes":""},"categories":[3],"tags":[18,177],"class_list":["post-263081","post","type-post","status-publish","format-standard","has-post-thumbnail","hentry","category-nacional","tag-enrique-pena-nieto","tag-estados-unidos"],"_links":{"self":[{"href":"https:\/\/www.diarioimagen.net\/index.php?rest_route=\/wp\/v2\/posts\/263081","targetHints":{"allow":["GET"]}}],"collection":[{"href":"https:\/\/www.diarioimagen.net\/index.php?rest_route=\/wp\/v2\/posts"}],"about":[{"href":"https:\/\/www.diarioimagen.net\/index.php?rest_route=\/wp\/v2\/types\/post"}],"author":[{"embeddable":true,"href":"https:\/\/www.diarioimagen.net\/index.php?rest_route=\/wp\/v2\/users\/5"}],"replies":[{"embeddable":true,"href":"https:\/\/www.diarioimagen.net\/index.php?rest_route=%2Fwp%2Fv2%2Fcomments&post=263081"}],"version-history":[{"count":0,"href":"https:\/\/www.diarioimagen.net\/index.php?rest_route=\/wp\/v2\/posts\/263081\/revisions"}],"wp:featuredmedia":[{"embeddable":true,"href":"https:\/\/www.diarioimagen.net\/index.php?rest_route=\/wp\/v2\/media\/263082"}],"wp:attachment":[{"href":"https:\/\/www.diarioimagen.net\/index.php?rest_route=%2Fwp%2Fv2%2Fmedia&parent=263081"}],"wp:term":[{"taxonomy":"category","embeddable":true,"href":"https:\/\/www.diarioimagen.net\/index.php?rest_route=%2Fwp%2Fv2%2Fcategories&post=263081"},{"taxonomy":"post_tag","embeddable":true,"href":"https:\/\/www.diarioimagen.net\/index.php?rest_route=%2Fwp%2Fv2%2Ftags&post=263081"}],"curies":[{"name":"wp","href":"https:\/\/api.w.org\/{rel}","templated":true}]}}