{"id":263351,"date":"2016-04-07T00:10:26","date_gmt":"2016-04-07T05:10:26","guid":{"rendered":"http:\/\/www.diarioimagen.net\/?p=263351"},"modified":"2016-04-07T05:20:32","modified_gmt":"2016-04-07T10:20:32","slug":"amplia-plan-tres-acciones-para-abatir-delincuencia","status":"publish","type":"post","link":"https:\/\/www.diarioimagen.net\/?p=263351","title":{"rendered":"Ampl\u00eda Plan Tres acciones para abatir delincuencia"},"content":{"rendered":"<ul>\n<li><strong><em>Tambi\u00e9n sancionar\u00e1 a veh\u00edculos ostensiblemente contaminantes<\/em><\/strong><\/li>\n<\/ul>\n<p>&nbsp;<\/p>\n<div id=\"attachment_263459\" style=\"width: 430px\" class=\"wp-caption aligncenter\"><a href=\"http:\/\/www.diarioimagen.net\/?attachment_id=263459\" rel=\"attachment wp-att-263459\"><img loading=\"lazy\" decoding=\"async\" aria-describedby=\"caption-attachment-263459\" class=\"size-large wp-image-263459\" src=\"http:\/\/www.diarioimagen.net\/wp-content\/uploads\/2016\/04\/plan-3-2840-420x236.jpg\" alt=\"En el Plan Tres ahora se incluyen puntos de revisi\u00f3n con los que se busca detectar y retirar unidades irregulares, as\u00ed como sancionar veh\u00edculos sin verificaci\u00f3n u ostensiblemente contaminantes.\" width=\"420\" height=\"236\" srcset=\"https:\/\/www.diarioimagen.net\/wp-content\/uploads\/2016\/04\/plan-3-2840-420x236.jpg 420w, https:\/\/www.diarioimagen.net\/wp-content\/uploads\/2016\/04\/plan-3-2840-240x135.jpg 240w, https:\/\/www.diarioimagen.net\/wp-content\/uploads\/2016\/04\/plan-3-2840-235x132.jpg 235w, https:\/\/www.diarioimagen.net\/wp-content\/uploads\/2016\/04\/plan-3-2840-202x114.jpg 202w, https:\/\/www.diarioimagen.net\/wp-content\/uploads\/2016\/04\/plan-3-2840-350x196.jpg 350w, https:\/\/www.diarioimagen.net\/wp-content\/uploads\/2016\/04\/plan-3-2840-220x123.jpg 220w, https:\/\/www.diarioimagen.net\/wp-content\/uploads\/2016\/04\/plan-3-2840-237x132.jpg 237w, https:\/\/www.diarioimagen.net\/wp-content\/uploads\/2016\/04\/plan-3-2840.jpg 480w\" sizes=\"auto, (max-width: 420px) 100vw, 420px\" \/><\/a><p id=\"caption-attachment-263459\" class=\"wp-caption-text\">En el Plan Tres ahora se incluyen puntos de revisi\u00f3n con los que se busca detectar y retirar unidades irregulares, as\u00ed como sancionar veh\u00edculos sin verificaci\u00f3n u ostensiblemente contaminantes.<\/p><\/div>\n<p>&nbsp;<\/p>\n<p><strong>Naucalpan, Estado de M\u00e9xico<\/strong>.- Para fortalecer el Plan Tres (Transporte Estatal Seguro) del Estado de M\u00e9xico y con ello brindar m\u00e1s seguridad a los pasajeros y cuidar el medio ambiente, ahora se incluyen puntos de revisi\u00f3n con los que se busca combatir a la delincuencia, detectar y retirar unidades irregulares, as\u00ed como sancionar veh\u00edculos sin verificaci\u00f3n u ostensiblemente contaminantes.<\/p>\n<p>Al realizar un recorrido de supervisi\u00f3n, en las calles 16 de Septiembre y Calle 1, en la zona industrial Alce Blanco, en Naucalpan,\u00a0 el secretario general de Gobierno, Jos\u00e9 Manzur Quiroga, se\u00f1al\u00f3 que esta nueva estrategia se pone en marcha por instrucciones del gobernador Eruviel \u00c1vila Villegas, como respuesta a las peticiones de la ciudadan\u00eda y, en especial, de los usuarios de transporte p\u00fablico.<\/p>\n<p>\u201cEn el Estado de M\u00e9xico se trabaja en equipo y el compromiso con la ciudadan\u00eda es permanente. La instrucci\u00f3n es privilegiar el trabajo de campo y en este af\u00e1n todos los servidores p\u00fablicos se deben involucrar en beneficio de la gente\u201d, afirm\u00f3 Jos\u00e9 Manzur acompa\u00f1ado del secretario de Movilidad, Isidro Pastor Medrano; de Eduardo Valiente Hern\u00e1ndez, comisionado estatal de Seguridad Ciudadana, y de Susana Libi\u00e9n D\u00edaz Gonz\u00e1lez, directora general de Prevenci\u00f3n y Control de la Contaminaci\u00f3n Atmosf\u00e9rica de la Secretar\u00eda del Medio Ambiente estatal.<\/p>\n<p>Inform\u00f3 que se han implementado 34 puestos de revisi\u00f3n (11 en el Valle de M\u00e9xico, 13 en Toluca y 10 en la zona oriente) y, en los \u00faltimos tres d\u00edas, en operativos matutinos y vespertinos, se ha detenido a 14 presuntos delincuentes.<\/p>\n<p>En el mismo lapso se detuvieron 243 unidades que se encontraban fuera de norma o no contaban con placas para circular como transporte p\u00fablico, en los municipios de La Paz, Chalco, Ixtapaluca, Tultitl\u00e1n y Ecatepec.<\/p>\n<p>Record\u00f3 que el primero de febrero del a\u00f1o pasado se puso en marcha el Plan Tres para supervisar y garantizar la seguridad de los pasajeros en taxis, peseros, microbuses y autobuses urbanos y estatales.<\/p>\n<p>Posteriormente, en octubre de 2015, con el fin de combatir actos delictivos, se puso en marcha el Plan Tres AS (Autob\u00fas Seguro) que contempla el acompa\u00f1amiento de dos oficiales de polic\u00eda a bordo de autobuses urbanos durante toda la ruta.<\/p>\n<p>Y ahora, derivado de la contingencia ambiental y como una medida para proteger y fortalecer el medio ambiente, desde la semana pasada se aplican revisiones con equipos especializados para retirar de la circulaci\u00f3n veh\u00edculos contaminantes.<\/p>\n<p>&nbsp;<\/p>\n","protected":false},"excerpt":{"rendered":"<p>Para fortalecer el Plan Tres (Transporte Estatal Seguro) del Estado de M\u00e9xico y con ello brindar m\u00e1s seguridad a los pasajeros y cuidar el medio ambiente, ahora se incluyen puntos de revisi\u00f3n con los que se busca combatir a la delincuencia, detectar y retirar unidades irregulares, as\u00ed como sancionar veh\u00edculos sin verificaci\u00f3n u ostensiblemente contaminantes.<\/p>\n","protected":false},"author":3,"featured_media":263459,"comment_status":"open","ping_status":"open","sticky":false,"template":"","format":"standard","meta":{"_monsterinsights_skip_tracking":false,"_monsterinsights_sitenote_active":false,"_monsterinsights_sitenote_note":"","_monsterinsights_sitenote_category":0,"footnotes":""},"categories":[5],"tags":[45431,8654,43675,970],"class_list":["post-263351","post","type-post","status-publish","format-standard","has-post-thumbnail","hentry","category-estado-de-mexico","tag-combatir","tag-delincuencia","tag-estado-de-mexico","tag-naucalpan"],"_links":{"self":[{"href":"https:\/\/www.diarioimagen.net\/index.php?rest_route=\/wp\/v2\/posts\/263351","targetHints":{"allow":["GET"]}}],"collection":[{"href":"https:\/\/www.diarioimagen.net\/index.php?rest_route=\/wp\/v2\/posts"}],"about":[{"href":"https:\/\/www.diarioimagen.net\/index.php?rest_route=\/wp\/v2\/types\/post"}],"author":[{"embeddable":true,"href":"https:\/\/www.diarioimagen.net\/index.php?rest_route=\/wp\/v2\/users\/3"}],"replies":[{"embeddable":true,"href":"https:\/\/www.diarioimagen.net\/index.php?rest_route=%2Fwp%2Fv2%2Fcomments&post=263351"}],"version-history":[{"count":0,"href":"https:\/\/www.diarioimagen.net\/index.php?rest_route=\/wp\/v2\/posts\/263351\/revisions"}],"wp:featuredmedia":[{"embeddable":true,"href":"https:\/\/www.diarioimagen.net\/index.php?rest_route=\/wp\/v2\/media\/263459"}],"wp:attachment":[{"href":"https:\/\/www.diarioimagen.net\/index.php?rest_route=%2Fwp%2Fv2%2Fmedia&parent=263351"}],"wp:term":[{"taxonomy":"category","embeddable":true,"href":"https:\/\/www.diarioimagen.net\/index.php?rest_route=%2Fwp%2Fv2%2Fcategories&post=263351"},{"taxonomy":"post_tag","embeddable":true,"href":"https:\/\/www.diarioimagen.net\/index.php?rest_route=%2Fwp%2Fv2%2Ftags&post=263351"}],"curies":[{"name":"wp","href":"https:\/\/api.w.org\/{rel}","templated":true}]}}