{"id":263413,"date":"2016-04-07T00:09:35","date_gmt":"2016-04-07T05:09:35","guid":{"rendered":"http:\/\/www.diarioimagen.net\/?p=263413"},"modified":"2016-04-07T05:57:49","modified_gmt":"2016-04-07T10:57:49","slug":"ya-le-tienen-miedo-al-miedo","status":"publish","type":"post","link":"https:\/\/www.diarioimagen.net\/?p=263413","title":{"rendered":"Ya le tienen miedo al miedo"},"content":{"rendered":"<h2>\u00cdndice pol\u00edtico<\/h2>\n<h5>Francisco Rodr\u00edguez<\/h5>\n<p>&nbsp;<\/p>\n<div id=\"attachment_263519\" style=\"width: 430px\" class=\"wp-caption aligncenter\"><a href=\"http:\/\/www.diarioimagen.net\/?attachment_id=263519\" rel=\"attachment wp-att-263519\"><img loading=\"lazy\" decoding=\"async\" aria-describedby=\"caption-attachment-263519\" class=\"size-large wp-image-263519\" src=\"http:\/\/www.diarioimagen.net\/wp-content\/uploads\/2016\/04\/SIGUE-LA-CONTAMINACIoN-jose-luis-2840-420x287.jpg\" alt=\"Sigue la contaminaci\u00f3n... | Jos\u00e9 Luis\" width=\"420\" height=\"287\" srcset=\"https:\/\/www.diarioimagen.net\/wp-content\/uploads\/2016\/04\/SIGUE-LA-CONTAMINACIoN-jose-luis-2840-420x287.jpg 420w, https:\/\/www.diarioimagen.net\/wp-content\/uploads\/2016\/04\/SIGUE-LA-CONTAMINACIoN-jose-luis-2840-240x164.jpg 240w, https:\/\/www.diarioimagen.net\/wp-content\/uploads\/2016\/04\/SIGUE-LA-CONTAMINACIoN-jose-luis-2840-768x524.jpg 768w, https:\/\/www.diarioimagen.net\/wp-content\/uploads\/2016\/04\/SIGUE-LA-CONTAMINACIoN-jose-luis-2840.jpg 1200w\" sizes=\"auto, (max-width: 420px) 100vw, 420px\" \/><\/a><p id=\"caption-attachment-263519\" class=\"wp-caption-text\">Sigue la contaminaci\u00f3n&#8230; | Jos\u00e9 Luis<\/p><\/div>\n<p>&nbsp;<\/p>\n<p>El miedo se ha convertido en la mejor arma a la mano de los indolentes y prevaricadores para provocar en la poblaci\u00f3n el desasosiego, la intranquilidad, el terror y la angustia, en el caldo de cultivo propicio para todo tipo de atracos, amenazas, despojos a gran escala y, obviamente, para la depredaci\u00f3n.<\/p>\n<p>El miedo es el mejor aliado de sus manipuladores para vencer en lides electorales, para afianzar a un gobernador desvalido, para armarse hasta los dientes con buques, aeronaves y helic\u00f3pteros artillados, en nombre de la guerra contra el narcotr\u00e1fico, cuando para lo \u00fanico que sirve es para agenciarse gigantescas ganancias en las negociaciones de compra.<\/p>\n<p>El miedo es el sustrato de los grandes negocios. Quebrar psicol\u00f3gicamente cualquier industria del estado, para propiciar su venta a las empresas trasnacionales o lo que es lo mismo, a los prestanombres que se benefician de esas operaciones.<\/p>\n<p>Es, en palabras del gran Voltaire, la antesala favorita del autoritarismo y del despotismo rampl\u00f3n. Una aut\u00e9ntica \u00f3pera bufa para espantar a los desinformados y sacar provecho de sus bolsillos o del patrimonio nacional. El ejemplo cl\u00e1sico son las rondas de hidrocarburos donde, en verdad, lo que se vendieron fueron pedazos ricos, enormes, de nuestra geograf\u00eda, a los peores postores, a los enemigos de la naci\u00f3n.<\/p>\n<p>Es el mismo cuento con el que se deshicieron de todas las boyantes industrias estatales: la azufrera, la azucarera, la agropecuaria, la petrolera, y todas las que usted pueda imaginarse. El miedo siempre se sustentaba en lo mismo: los precios internacionales van p\u2019abajo, si seguimos as\u00ed, vamos al desastre.<\/p>\n<p>Sin tomar en cuenta que los grandes inversores en materia de\u00a0commodities, nunca se dejan llevar por el corto plazo. Si fuera as\u00ed, por ejemplo, la explotaci\u00f3n del colt\u00e1n belga, del litio tibetano, del esta\u00f1o boliviano, hubiera sido abandonada.<\/p>\n<p>Desafortunadamente para el pueblo de M\u00e9xico, las trasnacionales no piensan en el corte de caja del d\u00eda, como lo hace cualquier abarrotero de la esquina. Como las grandes empresas van por todo, siempre tienen con qu\u00e9 esperar a que caigan las derramas, independientemente del tiempo que duren.<\/p>\n<p>A falta de argumentos, de persuasi\u00f3n c\u00edvica, de datos duros, el Estado y sus petimetres acudieron a lo que estir\u00f3 su ignorancia: hacer triunfar el miedo sobre la raz\u00f3n. Hacer prevalecer lo emotivo, sobre lo racional, la propaganda rupestre, contra los valores nacionales.<\/p>\n<p>Eso es lo nocivo, lo vulgar, lo antipatri\u00f3tico de los comentaristas de los foros televisivos privados: prestarse conscientemente a un juego de enga\u00f1os, con voces engoladas, para acabar apostando por los verdugos de sus hijos, y de los hijos de \u00e9stos. Noche a noche, inculcaron en la mente de los ciudadanos las supuestas bondades de las reformas.<\/p>\n<p>Como ya cobraron el pago a su ignominia, ahora hay algunos que se retractan de lo que dijeron y espantan con el petate del muerto de lanzarse como candidatos \u201cindependientes\u201d, cuando todo mundo sabe que son t\u00edteres de su patr\u00f3n: es el caso del indeseable Jorge Casta\u00f1eda, quien s\u00f3lo obedece a las consignas de Carlos Salinas de Gortari.<\/p>\n<p>De estrellas del comentario \u00f1o\u00f1o de foristas, a gatos de tercer tal\u00f3n de las redes informales de poder, que nadie se explica en base a qu\u00e9 miedo que han infundido, todav\u00eda se hacen presentes.<\/p>\n<p style=\"text-align: center;\"><strong>Agresores de periodistas<\/strong><\/p>\n<p>Ahora resulta que la valiente organizaci\u00f3n Art\u00edculo 19, Oficina para M\u00e9xico y Centroam\u00e9rica, informa que el 50% de las 397 agresiones mortales contra periodistas ha sido ordenada, con datos comprobados, por alg\u00fan\u00a0funcionario.<\/p>\n<p>Las desapariciones forzadas, las ejecuciones extrajudiciales, la tortura y el abuso de autoridad contra compa\u00f1eros periodistas, ha instalado el miedo en las salas de redacci\u00f3n. Que la impunidad, opacidad, debilidad estatal y falta de democracia, hacen imposible el ejercicio en M\u00e9xico del periodismo de inter\u00e9s p\u00fablico.<\/p>\n<p>El expediente de vincular a los compa\u00f1eros de la tecla con el crimen organizado, para justificar los cr\u00edmenes es una arma poderosa para acallar a la prensa.<\/p>\n<p>Se agradece la ayuda de Art\u00edculo 19. Pero, \u00a1brincos dieran! La prensa l\u00facida y comprometida sigue expres\u00e1ndose con enjundia en todas las redes independientes, que son actualmente las que forman opini\u00f3n, no la que se destila en el periodismo \u201cinstitucional\u201d, para llamarlo de alg\u00fan modo.<\/p>\n<p>El verdadero miedo, lo que se llama miedo, se ha posesionado de los cerebritos de sus instigadores. No hay un solo gerifalte que no est\u00e9 atrapado por el miedo al hoy y, m\u00e1s todav\u00eda, al ma\u00f1ana. Los asusta el veredicto del ciudadano sobre su entreguista posici\u00f3n. Le tienen miedo a lo peor: le tienen miedo al miedo.<\/p>\n<p>Por eso, reaccionan as\u00ed, con la amenaza de una fuerza inexistente del Estado para acallar la opini\u00f3n p\u00fablica; para luchar contra lo que es un grito popular a voz en cuello: sus fraudes, robos y latrocinios, no tienen comparaci\u00f3n con ning\u00fan momento de nuestra estoica historia. Hemos sufrido rateros, traidores, descarados, y, en primer lugar, est\u00e1n ellos.<\/p>\n<p>Por eso transmutan su odio en bajas pasiones. Les pasa el s\u00edndrome de los torturadores, convertidos en homosexuales, seg\u00fan el conocido relato del genial Istvan Szabo sobre el coronel Redl, aqu\u00e9l jefe de torturadores del imperio de Francisco Jos\u00e9, que acab\u00f3 suicid\u00e1ndose cuando se revelaron sus verdaderas relaciones sentimentales.<\/p>\n<p>En mayor medida, el miedo tiene como presas favoritas a los loros de la tele, envejecidos y ricos, con una soledad de opini\u00f3n abominable y a algunas cabinas de medios radioel\u00e9ctricos que dependen de la publicidad oficial para subsistir. Afuera, en las redes digitales, se halla la verdadera independencia de criterio, el sustrato de la aut\u00e9ntica libertad de opini\u00f3n y expresi\u00f3n, la savia de una sociedad democr\u00e1tica.<\/p>\n<p>Con miedo o sin miedo, \u201cpara m\u00ed que todos son ojetes, mi Paco\u201d, cual contest\u00f3 Luis Castillo, famoso peso mosca, llamado <em>El acorazado de bolsillo<\/em>, cuando el locutor Francisco Rubiales (Paco Malgesto)\u00a0le pregunt\u00f3 qui\u00e9n era mejor, si\u00a0<em>El Pajarito<\/em>\u00a0Moreno o\u00a0<em>El Rat\u00f3n<\/em>\u00a0Mac\u00edas.<\/p>\n<p><strong><em>\u00cdndice Flam\u00edgero:<\/em><\/strong> El miedo a Donald Trump oblig\u00f3 a la defenestraci\u00f3n del embajador en Washington, aunque en los corrillos se diga \u2013haz fama y \u00e9chate a dormir\u2014 que la abrupta salida de Miguel Bas\u00e1\u00f1ez del edificio de Pennsylvania Avenue fue porque no les convid\u00f3 en alg\u00fan \u201cbisne\u201d o, ben\u00e9volamente, que porque se los orden\u00f3 el Departamento de Estado ahora que el fin de semana pasado estuvieron de paseo por la capital imperial. + + + Correspondencia de don Alfredo \u00c1lvarez Barr\u00f3n, sobre los #PapelesPanam\u00e1: \u201cCon respecto al tema del d\u00eda me cuestiona una distinguida profesionista: \u2018\u00bfY qu\u00e9 sigue?\u2019 En M\u00e9xico, por desgracia, no va a pasar nada pues, como ya lo dijo un periodista que usa corbata de mo\u00f1ito, \u2018abrir una empresa o fideicomiso offshore no es un delito, ni siquiera si se hace en un para\u00edso fiscal, que no es otra cosa que un pa\u00eds con impuestos m\u00e1s bajos\u2019. Pero bueno, en otros pa\u00edses donde tampoco es un delito y no existen, por fortuna, periodistas de su talla, ya empezaron a caer algunos peces gordos\u201d. Al respecto, El Poeta del Nopal apunta: \u201cSaltan los perros de presa \/ sobre un humilde Raj\u00e1 \/ que guardaba en Panam\u00e1 \/ vestigios de su riqueza; \/ aqu\u00ed, los hombres de empresa, \/ y otros distinguidos clientes \/\u00a0se han declarado inocentes \/ y exigen una disculpa; \/ (el que est\u00e9 libre de culpa \/ tan s\u00f3lo d\u00e9 un paso al frente).\u00a0\u00a0Servida, contadora Delia Patricia M\u00e1rquez\u201d.<\/p>\n<p><a href=\"http:\/\/www.indicepolitico.com\/\" target=\"_blank\"><em>www.indicepolitico.com<\/em><\/a><br \/>\n<em><a href=\"mailto:pacorodriguez@journalist.com\" target=\"_blank\">pacorodriguez@journalist.com<\/a><\/em><br \/>\n<em><a href=\"https:\/\/twitter.com\/pacorodriguez\" target=\"_blank\">@pacorodriguez<\/a><\/em><\/p>\n","protected":false},"excerpt":{"rendered":"<p><span style=\"color: #005497;\"><strong>Francisco Rodr\u00edguez<\/strong><\/span><br \/>\n<br \/>\nEl miedo se ha convertido en la mejor arma a la mano de los indolentes y prevaricadores para provocar en la poblaci\u00f3n el desasosiego, la intranquilidad, el terror y la angustia, en el caldo de cultivo propicio para todo tipo de atracos, amenazas, despojos a gran escala y, obviamente, para la depredaci\u00f3n.<\/p>\n","protected":false},"author":3,"featured_media":263519,"comment_status":"open","ping_status":"open","sticky":false,"template":"","format":"standard","meta":{"_monsterinsights_skip_tracking":false,"_monsterinsights_sitenote_active":false,"_monsterinsights_sitenote_note":"","_monsterinsights_sitenote_category":0,"footnotes":""},"categories":[549],"tags":[43689,550,43674],"class_list":["post-263413","post","type-post","status-publish","format-standard","has-post-thumbnail","hentry","category-francisco-rodriguez","tag-francisco-rodriguez","tag-indice-politico","tag-opinion"],"_links":{"self":[{"href":"https:\/\/www.diarioimagen.net\/index.php?rest_route=\/wp\/v2\/posts\/263413","targetHints":{"allow":["GET"]}}],"collection":[{"href":"https:\/\/www.diarioimagen.net\/index.php?rest_route=\/wp\/v2\/posts"}],"about":[{"href":"https:\/\/www.diarioimagen.net\/index.php?rest_route=\/wp\/v2\/types\/post"}],"author":[{"embeddable":true,"href":"https:\/\/www.diarioimagen.net\/index.php?rest_route=\/wp\/v2\/users\/3"}],"replies":[{"embeddable":true,"href":"https:\/\/www.diarioimagen.net\/index.php?rest_route=%2Fwp%2Fv2%2Fcomments&post=263413"}],"version-history":[{"count":0,"href":"https:\/\/www.diarioimagen.net\/index.php?rest_route=\/wp\/v2\/posts\/263413\/revisions"}],"wp:featuredmedia":[{"embeddable":true,"href":"https:\/\/www.diarioimagen.net\/index.php?rest_route=\/wp\/v2\/media\/263519"}],"wp:attachment":[{"href":"https:\/\/www.diarioimagen.net\/index.php?rest_route=%2Fwp%2Fv2%2Fmedia&parent=263413"}],"wp:term":[{"taxonomy":"category","embeddable":true,"href":"https:\/\/www.diarioimagen.net\/index.php?rest_route=%2Fwp%2Fv2%2Fcategories&post=263413"},{"taxonomy":"post_tag","embeddable":true,"href":"https:\/\/www.diarioimagen.net\/index.php?rest_route=%2Fwp%2Fv2%2Ftags&post=263413"}],"curies":[{"name":"wp","href":"https:\/\/api.w.org\/{rel}","templated":true}]}}