{"id":263795,"date":"2016-04-11T00:05:10","date_gmt":"2016-04-11T05:05:10","guid":{"rendered":"http:\/\/www.diarioimagen.net\/?p=263795"},"modified":"2016-04-11T02:56:22","modified_gmt":"2016-04-11T07:56:22","slug":"hombres-g-apadrinara-en-mexico-marta-tiene-un-marcapasos","status":"publish","type":"post","link":"https:\/\/www.diarioimagen.net\/?p=263795","title":{"rendered":"Hombres G apadrinar\u00e1 en M\u00e9xico \u201cMarta tiene un marcapasos\u201d"},"content":{"rendered":"<ul>\n<li><em><strong>El musical, que ser\u00e1 un espect\u00e1culo multimedia, se estrenar\u00e1 el 13 de mayo en el Centro Cultural Teatro 2<\/strong><\/em><\/li>\n<\/ul>\n<h6>Asael Grande<\/h6>\n<p>&nbsp;<\/p>\n<div id=\"attachment_263796\" style=\"width: 430px\" class=\"wp-caption aligncenter\"><a href=\"http:\/\/www.diarioimagen.net\/?attachment_id=263796\" rel=\"attachment wp-att-263796\"><img loading=\"lazy\" decoding=\"async\" aria-describedby=\"caption-attachment-263796\" class=\"size-large wp-image-263796\" src=\"http:\/\/www.diarioimagen.net\/wp-content\/uploads\/2016\/04\/marta-portal-420x245.jpg\" alt=\"El musical \u201cMarta tiene un marcapasos\u201d, basado en la m\u00fasica de los Hombres G, iniciar\u00e1 temporada el 13 de mayo, en el Centro Cultural II, y tiene como actores principales a Christian Ch\u00e1vez, Alex Sirvent, Mar Contreras y Alejandra Garc\u00eda. (Fotos: Asael Grande)\" width=\"420\" height=\"245\" srcset=\"https:\/\/www.diarioimagen.net\/wp-content\/uploads\/2016\/04\/marta-portal-420x245.jpg 420w, https:\/\/www.diarioimagen.net\/wp-content\/uploads\/2016\/04\/marta-portal-240x140.jpg 240w, https:\/\/www.diarioimagen.net\/wp-content\/uploads\/2016\/04\/marta-portal.jpg 480w\" sizes=\"auto, (max-width: 420px) 100vw, 420px\" \/><\/a><p id=\"caption-attachment-263796\" class=\"wp-caption-text\">El musical \u201cMarta tiene un marcapasos\u201d, basado en la m\u00fasica de los Hombres G, iniciar\u00e1 temporada el 13 de mayo, en el Centro Cultural II, y tiene como actores principales a Christian Ch\u00e1vez, Alex Sirvent, Mar Contreras y Alejandra Garc\u00eda.\u00a0 \/ Foto: Asael Grande.<\/p><\/div>\n<p>&nbsp;<\/p>\n<p>Uno de los musicales m\u00e1s esperados en M\u00e9xico que se estrenar\u00e1 al p\u00fablico el pr\u00f3ximo 13 de mayo, \u201cMarta tiene un marcapasos\u201d (espect\u00e1culo musical que toma su nombre de la canci\u00f3n hom\u00f3nima de 1986 del grupo de pop espa\u00f1ol Hombres G), present\u00f3 su elenco de actores que dar\u00e1n vida a esta puesta en escena producida por Gerardo Quiroz, y que pisar\u00e1 por seis meses el escenario del Centro Cultural Teatro 2.<\/p>\n<p>En conferencia de prensa, el productor Gerardo Quiroz, quien rompi\u00f3 r\u00e9cord de taquilla por la producci\u00f3n del musical \u201cLa Era\u201d del Rock\u201d, coment\u00f3 sobre \u201cMarta tiene un marcapasos\u201d: \u201cHombres G en M\u00e9xico, como ustedes saben es ya un cl\u00e1sico del rock de los 80, y \u2018Marta tiene un marcapasos\u2019 es un musical de rockola, es un musical con gran mensaje, habla de amor, de reconciliaci\u00f3n, de perd\u00f3n, pero tambi\u00e9n habla de alegr\u00eda y de las ganas de vivir, los Hombres G ser\u00e1n nuestros padrinos de estreno el 13 de mayo, m\u00e1s de cien personas estamos trabajando para este musical, que es un espect\u00e1culo multimedia, hay artes esc\u00e9nicas, hay canto acrobacia, el p\u00fablico pasar\u00e1 dos horas incre\u00edbles\u201d.<\/p>\n<p>El productor Gerardo Quiroz agreg\u00f3 a DIARIO IMAGEN que para este musical se interpretar\u00e1n \u201c20 temas, es un espect\u00e1culo que tiene una historia, la m\u00fasica de Hombres G te llega, todas sus melod\u00edas las han escuchado todos, sin importar la edad, y lo m\u00e1s importante es que el tener una orquesta en vivo y hacer un ensamble de este tama\u00f1o lo \u00fanico que va a provocar es que el p\u00fablico venga a una fiesta, desde el looby, vivir\u00e1n una experiencia\u201d.<\/p>\n<p>El ex RBD, Christian Ch\u00e1vez, quien forma parte del elenco, manifest\u00f3 que para \u00e9l \u201cha sido incre\u00edble, desde que empiezas a escuchar las primeras notas de la obertura es maravilloso, Hombres G se escucha en los mejores lugares y eventos, entonces la verdad estar participando con un gran elenco y tan dedicado es incre\u00edble, espero que la gente lo pueda disfrutar mucho\u201d.<\/p>\n<p>Por su parte, el actor y cantante, Alex Sirvent coment\u00f3 en entrevista con DIARIO IMAGEN que: \u201cme toc\u00f3 crecer con la m\u00fasica de Hombres G, me cuesta trabajo creer el estar en este musical, siento que, en un momento en el que el p\u00fablico necesita diversi\u00f3n y re\u00edr, la obra ser\u00e1 la puesta en escena del verano, mi personaje se llama Indiana, quien es el chavo que llega y le hace bullying a Memo y Poncho, entonces trata de ligarse a Marta y a Bel\u00e9n, las chavas que llegan a la playa, y mi personaje es un junior, de alguna manera es como el rival de Poncho para quedarse con Marta\u201d.<\/p>\n<p>Conductor y actor, Paco de la O, quien interpretar\u00e1 a Gerardo dijo a esta casa editorial que con este musical \u201cregreso a los a\u00f1os 80 con m\u00e1s claridad, porque antes era uno de esos chavitos con locura escuchando esos grupos de los a\u00f1os 80, como Hombres G, The Cure, mi personaje (Gerardo) es el due\u00f1o del lugar, es un tipo muy entra\u00f1able, amoroso, es parte fundamental dentro del desarrollo de \u2018Marta tiene un marcapasos\u2019\u201d.<\/p>\n<p>Producido por Gerardo Quiroz, el espect\u00e1culo \u2018Marta tiene un marcapasos\u2019 har\u00e1 un repaso a lo m\u00e1s destacado de la discograf\u00eda del grupo Hombres G, incluyendo en nuestro pa\u00eds con las actuaciones de Christian Ch\u00e1vez, Alex Sirvent, Paco de la O, Yago Mu\u00f1oz, Mar Contreras, Alejandra Garza, Alejandra Garc\u00eda (como Marta), Natalia Varela, P\u00eda Sanz, Cinthia Lecuona, Daniel Barona, Lisette Garz\u00f3n, Lizenka Simonne, Marisol Magdaleno y Omar Hern\u00e1ndez.<\/p>\n<p>El esperado musical \u201cMarta tiene un marcapasos\u201d (que habla de sentimientos y vivencias universales, se estren\u00f3 en Madrid el 10 de abril de 2013, donde estuvo una corta temporada con un enorme \u00e9xito. Su estreno en nuestro pa\u00eds en el Centro Cultural 2 ser\u00e1 el pr\u00f3ximo 13 de mayo.<\/p>\n<p>Tentativamente, el musical \u201cMarta tiene un marcapasos\u201d, estar\u00e1 seis meses en la ciudad de M\u00e9xico, pero podr\u00eda extenderse de acuerdo a la respuesta del p\u00fablico. \u201cPorque adem\u00e1s ya tenemos propuestas de hacer una gira por el interior del pa\u00eds, as\u00ed como ir a Centro y Sudam\u00e9rica.<\/p>\n","protected":false},"excerpt":{"rendered":"<p>Uno de los musicales m\u00e1s esperados en M\u00e9xico que se estrenar\u00e1 al p\u00fablico el pr\u00f3ximo 13 de mayo, \u201cMarta tiene un marcapasos\u201d (espect\u00e1culo musical que toma su nombre de la canci\u00f3n hom\u00f3nima de 1986 del grupo de pop espa\u00f1ol Hombres G), present\u00f3 su elenco de actores que dar\u00e1n vida a esta puesta en escena producida por Gerardo Quiroz, y que pisar\u00e1 por seis meses el escenario del Centro Cultural Teatro 2.<\/p>\n","protected":false},"author":5,"featured_media":263796,"comment_status":"open","ping_status":"open","sticky":false,"template":"","format":"standard","meta":{"_monsterinsights_skip_tracking":false,"_monsterinsights_sitenote_active":false,"_monsterinsights_sitenote_note":"","_monsterinsights_sitenote_category":0,"footnotes":""},"categories":[12],"tags":[49314,43682,32468],"class_list":["post-263795","post","type-post","status-publish","format-standard","has-post-thumbnail","hentry","category-espectaculos","tag-centro-cultural-teatro-2","tag-espectaculos","tag-hombres-g"],"_links":{"self":[{"href":"https:\/\/www.diarioimagen.net\/index.php?rest_route=\/wp\/v2\/posts\/263795","targetHints":{"allow":["GET"]}}],"collection":[{"href":"https:\/\/www.diarioimagen.net\/index.php?rest_route=\/wp\/v2\/posts"}],"about":[{"href":"https:\/\/www.diarioimagen.net\/index.php?rest_route=\/wp\/v2\/types\/post"}],"author":[{"embeddable":true,"href":"https:\/\/www.diarioimagen.net\/index.php?rest_route=\/wp\/v2\/users\/5"}],"replies":[{"embeddable":true,"href":"https:\/\/www.diarioimagen.net\/index.php?rest_route=%2Fwp%2Fv2%2Fcomments&post=263795"}],"version-history":[{"count":0,"href":"https:\/\/www.diarioimagen.net\/index.php?rest_route=\/wp\/v2\/posts\/263795\/revisions"}],"wp:featuredmedia":[{"embeddable":true,"href":"https:\/\/www.diarioimagen.net\/index.php?rest_route=\/wp\/v2\/media\/263796"}],"wp:attachment":[{"href":"https:\/\/www.diarioimagen.net\/index.php?rest_route=%2Fwp%2Fv2%2Fmedia&parent=263795"}],"wp:term":[{"taxonomy":"category","embeddable":true,"href":"https:\/\/www.diarioimagen.net\/index.php?rest_route=%2Fwp%2Fv2%2Fcategories&post=263795"},{"taxonomy":"post_tag","embeddable":true,"href":"https:\/\/www.diarioimagen.net\/index.php?rest_route=%2Fwp%2Fv2%2Ftags&post=263795"}],"curies":[{"name":"wp","href":"https:\/\/api.w.org\/{rel}","templated":true}]}}