{"id":263987,"date":"2016-04-12T00:05:03","date_gmt":"2016-04-12T05:05:03","guid":{"rendered":"http:\/\/www.diarioimagen.net\/?p=263987"},"modified":"2016-04-12T23:46:23","modified_gmt":"2016-04-13T04:46:23","slug":"cesaran-a-mil-300-maestros-de-guerrero-anuncia-nuno","status":"publish","type":"post","link":"https:\/\/www.diarioimagen.net\/?p=263987","title":{"rendered":"Cesar\u00e1n a mil 300 maestros de Guerrero, anuncia Nu\u00f1o"},"content":{"rendered":"<ul>\n<li><strong><em>Participaci\u00f3n de 76% en evaluaci\u00f3n docente<\/em><\/strong><\/li>\n<\/ul>\n<p>&nbsp;<\/p>\n<div id=\"attachment_263988\" style=\"width: 430px\" class=\"wp-caption aligncenter\"><a href=\"http:\/\/www.diarioimagen.net\/?attachment_id=263988\" rel=\"attachment wp-att-263988\"><img loading=\"lazy\" decoding=\"async\" aria-describedby=\"caption-attachment-263988\" class=\"wp-image-263988 size-large\" src=\"http:\/\/www.diarioimagen.net\/wp-content\/uploads\/2016\/04\/MAESTROS-portal-420x245.jpg\" alt=\"El secretario de Educaci\u00f3n, Aurelio Nu\u00f1o, asegur\u00f3 que en mayo se notificar\u00e1 y despedir\u00e1 a los mil 300 profesores de Guerrero que no realizaron la evaluaci\u00f3n.\" width=\"420\" height=\"245\" srcset=\"https:\/\/www.diarioimagen.net\/wp-content\/uploads\/2016\/04\/MAESTROS-portal-420x245.jpg 420w, https:\/\/www.diarioimagen.net\/wp-content\/uploads\/2016\/04\/MAESTROS-portal-240x140.jpg 240w, https:\/\/www.diarioimagen.net\/wp-content\/uploads\/2016\/04\/MAESTROS-portal.jpg 480w\" sizes=\"auto, (max-width: 420px) 100vw, 420px\" \/><\/a><p id=\"caption-attachment-263988\" class=\"wp-caption-text\">El secretario de Educaci\u00f3n, Aurelio Nu\u00f1o, asegur\u00f3 que en mayo se notificar\u00e1 y despedir\u00e1 a los mil 300 profesores de Guerrero que no realizaron la evaluaci\u00f3n.<\/p><\/div>\n<p>&nbsp;<\/p>\n<p>El secretario de Educaci\u00f3n P\u00fablica, Aurelio Nu\u00f1o Mayer, afirm\u00f3 que aproximadamente mil 300 maestros de Guerrero que no acudieron a la evaluaci\u00f3n del pasado fin de semana ser\u00e1n dados de baja en mayo.<\/p>\n<p>El funcionario federal destac\u00f3 la asistencia de maestros y directores que participaron en la evaluaci\u00f3n del desempe\u00f1o docente, as\u00ed como la homologaci\u00f3n de la nueva ley de educaci\u00f3n de Oaxaca.<\/p>\n<p>\u201cEn Guerrero tuvimos una participaci\u00f3n de 76 por ciento de quienes fueron convocados\u201d, expres\u00f3 el funcionario federal quien resalt\u00f3 que las cifras son positivas y dan muestra de que la reforma educativa sigue dando resultados.<\/p>\n<p>Nu\u00f1o Mayer record\u00f3 que Guerrero es el estado 29 en que se da por concluido el proceso de evaluaci\u00f3n y \u201csi sumamos la participaci\u00f3n que hubo en Guerrero en la evaluaci\u00f3n de noviembre m\u00e1s la evaluaci\u00f3n de este fin de semana estamos teniendo una participaci\u00f3n de 76 por ciento de quienes fueron convocados a la evaluaci\u00f3n, es decir poco m\u00e1s de cuatro mil maestros de m\u00e1s de cinco mil convocados\u201d.<\/p>\n<p>Reconoci\u00f3 en entrevista radiof\u00f3nica que Guerrero junto con Michoac\u00e1n, Oaxaca y Chiapas son los cuatro estados donde ha habido m\u00e1s resistencia a la reforma, por lo que es positivo el hecho de que en esa entidad, en el balance final, se tengan tres de cada cuatro maestros evaluados.<\/p>\n<p>Me parece que esta cifra final de 76 por ciento en Guerrero sin duda es positiva y da muestra de que la reforma educativa sigue avanzando, insisti\u00f3 el secretario.<\/p>\n<p>En ese sentido, Aurelio Nu\u00f1o tambi\u00e9n destac\u00f3 la aprobaci\u00f3n, este fin de semana, de la ley de educaci\u00f3n del estado de Oaxaca que hizo el congreso estatal, con lo que queda totalmente alineada a la reforma en materia educativa.<\/p>\n<p style=\"text-align: center;\"><strong>Positiva, la evaluaci\u00f3n de maestros <\/strong><\/p>\n<p>Nu\u00f1o Mayer asegur\u00f3 que con este proceso en Guerrero concluye el proceso de evaluaci\u00f3n en este estado, de manera que ya son 29 las entidades que tienen completamente concluido su proceso de evaluaci\u00f3n.<\/p>\n<p>En conferencia al terminar la visita a la escuela primaria Emperador Cuauht\u00e9moc, ubicada cerca del Aeropuerto Internacional de la Ciudad de M\u00e9xico, reiter\u00f3 que quienes no se presentaron a la evaluaci\u00f3n ser\u00e1n dados de baja.<\/p>\n<p>En el caso de Guerrero, el funcionario aclar\u00f3 que ser\u00e1n un promedio de mil 300 maestros los que se encuentran en esta situaci\u00f3n, como en el caso de los casi 3 mil 400 profesores de las otras 28 entidades.<\/p>\n<p>\u201cAhora sigue la evaluaci\u00f3n en Michoac\u00e1n y tambi\u00e9n tendremos reposici\u00f3n en Oaxaca y Chiapas, con lo que se concluir\u00e1 por completo el proceso de evaluaci\u00f3n\u201d, coment\u00f3.<\/p>\n<p>Nu\u00f1o Mayer agreg\u00f3 que se seguir\u00e1 trabajando en Oaxaca con el gobierno local para que la reforma educativa contin\u00fae avanzando, a lo que sum\u00f3 su benepl\u00e1cito a la reciente aprobaci\u00f3n de la Ley Estatal de Salud el pasado fin de semana.<\/p>\n<p>Aclar\u00f3 que continuar\u00e1 la aplicaci\u00f3n de la ley de manera irrestricta, en forma que los maestros que dejen a sus alumnos sin clases tendr\u00e1n su descuento y quienes no acudan a su evaluaci\u00f3n ser\u00e1n dados de baja, \u201cno vamos a dar marcha atr\u00e1s\u201d.<\/p>\n<p>Por ello, invit\u00f3 a la Coordinadora Nacional de Trabajadores de la Educaci\u00f3n (CNTE) a caminar por la ruta de la reforma educativa, en la que hay un gran espacio para platicar de manera conjunta y construir a favor de M\u00e9xico.<\/p>\n<p>Quienes quieran seguirse oponiendo a la reforma educativa y muestren desacuerdo a los cambios \u201cvan a encontrar una autoridad firme y fuerte, como se ha encontrado hasta este momento\u201d, concluy\u00f3.<\/p>\n","protected":false},"excerpt":{"rendered":"<p>El secretario de Educaci\u00f3n P\u00fablica, Aurelio Nu\u00f1o Mayer, afirm\u00f3 que aproximadamente mil 300 maestros de Guerrero que no acudieron a la evaluaci\u00f3n del pasado fin de semana ser\u00e1n dados de baja en mayo. El funcionario federal destac\u00f3 la asistencia de maestros y directores que participaron en la evaluaci\u00f3n del desempe\u00f1o docente, as\u00ed como la homologaci\u00f3n de la nueva ley de educaci\u00f3n de Oaxaca.<\/p>\n","protected":false},"author":5,"featured_media":263988,"comment_status":"open","ping_status":"open","sticky":false,"template":"","format":"standard","meta":{"_monsterinsights_skip_tracking":false,"_monsterinsights_sitenote_active":false,"_monsterinsights_sitenote_note":"","_monsterinsights_sitenote_category":0,"footnotes":""},"categories":[3],"tags":[30144,3244,2574,459],"class_list":["post-263987","post","type-post","status-publish","format-standard","has-post-thumbnail","hentry","category-nacional","tag-aurelio-nuno-mayer","tag-guerrero","tag-maestros","tag-sep"],"_links":{"self":[{"href":"https:\/\/www.diarioimagen.net\/index.php?rest_route=\/wp\/v2\/posts\/263987","targetHints":{"allow":["GET"]}}],"collection":[{"href":"https:\/\/www.diarioimagen.net\/index.php?rest_route=\/wp\/v2\/posts"}],"about":[{"href":"https:\/\/www.diarioimagen.net\/index.php?rest_route=\/wp\/v2\/types\/post"}],"author":[{"embeddable":true,"href":"https:\/\/www.diarioimagen.net\/index.php?rest_route=\/wp\/v2\/users\/5"}],"replies":[{"embeddable":true,"href":"https:\/\/www.diarioimagen.net\/index.php?rest_route=%2Fwp%2Fv2%2Fcomments&post=263987"}],"version-history":[{"count":0,"href":"https:\/\/www.diarioimagen.net\/index.php?rest_route=\/wp\/v2\/posts\/263987\/revisions"}],"wp:featuredmedia":[{"embeddable":true,"href":"https:\/\/www.diarioimagen.net\/index.php?rest_route=\/wp\/v2\/media\/263988"}],"wp:attachment":[{"href":"https:\/\/www.diarioimagen.net\/index.php?rest_route=%2Fwp%2Fv2%2Fmedia&parent=263987"}],"wp:term":[{"taxonomy":"category","embeddable":true,"href":"https:\/\/www.diarioimagen.net\/index.php?rest_route=%2Fwp%2Fv2%2Fcategories&post=263987"},{"taxonomy":"post_tag","embeddable":true,"href":"https:\/\/www.diarioimagen.net\/index.php?rest_route=%2Fwp%2Fv2%2Ftags&post=263987"}],"curies":[{"name":"wp","href":"https:\/\/api.w.org\/{rel}","templated":true}]}}