{"id":264260,"date":"2016-04-13T00:09:15","date_gmt":"2016-04-13T05:09:15","guid":{"rendered":"http:\/\/www.diarioimagen.net\/?p=264260"},"modified":"2016-04-13T01:58:38","modified_gmt":"2016-04-13T06:58:38","slug":"comienza-aplicacion-de-planea-en-prepas","status":"publish","type":"post","link":"https:\/\/www.diarioimagen.net\/?p=264260","title":{"rendered":"Comienza aplicaci\u00f3n de Planea en \u201cprepas\u201d"},"content":{"rendered":"<h2>Arco Norte<\/h2>\n<h5>Jos\u00e9 Luis Monta\u00f1ez Aguilar<\/h5>\n<p>&nbsp;<\/p>\n<p><a href=\"http:\/\/www.diarioimagen.net\/?attachment_id=264316\" rel=\"attachment wp-att-264316\"><img loading=\"lazy\" decoding=\"async\" class=\"aligncenter size-large wp-image-264316\" src=\"http:\/\/www.diarioimagen.net\/wp-content\/uploads\/2016\/04\/planea-2844-420x236.jpg\" alt=\"planea-2844\" width=\"420\" height=\"236\" srcset=\"https:\/\/www.diarioimagen.net\/wp-content\/uploads\/2016\/04\/planea-2844-420x236.jpg 420w, https:\/\/www.diarioimagen.net\/wp-content\/uploads\/2016\/04\/planea-2844-240x135.jpg 240w, https:\/\/www.diarioimagen.net\/wp-content\/uploads\/2016\/04\/planea-2844-235x132.jpg 235w, https:\/\/www.diarioimagen.net\/wp-content\/uploads\/2016\/04\/planea-2844-202x114.jpg 202w, https:\/\/www.diarioimagen.net\/wp-content\/uploads\/2016\/04\/planea-2844-350x196.jpg 350w, https:\/\/www.diarioimagen.net\/wp-content\/uploads\/2016\/04\/planea-2844-220x123.jpg 220w, https:\/\/www.diarioimagen.net\/wp-content\/uploads\/2016\/04\/planea-2844-237x132.jpg 237w, https:\/\/www.diarioimagen.net\/wp-content\/uploads\/2016\/04\/planea-2844.jpg 480w\" sizes=\"auto, (max-width: 420px) 100vw, 420px\" \/><\/a><\/p>\n<p>&nbsp;<\/p>\n<p>Poco m\u00e1s de 74 mil alumnos del \u00faltimo grado de educaci\u00f3n media superior, de mil 443 escuelas del Estado de M\u00e9xico, participan en la aplicaci\u00f3n de los instrumentos del Plan nacional para la Evaluaci\u00f3n de los Aprendizajes, Planea, que inici\u00f3 ayer y concluir\u00e1 este jueves 14. Sim\u00f3n Iv\u00e1n Villar Mart\u00ednez, titular de la Secretar\u00eda de Educaci\u00f3n (Seduc) inform\u00f3 que el prop\u00f3sito de esta evaluaci\u00f3n es conocer la medida en la que los estudiantes logran los aprendizajes esenciales al t\u00e9rmino de su preparaci\u00f3n en el bachillerato, as\u00ed como ofrecer informaci\u00f3n contextualizada para la mejora de los procesos de ense\u00f1anza en los centros escolares.<\/p>\n<p>El perfil de la prueba est\u00e1 alineado a la Reforma Integral de la Educaci\u00f3n Media Superior, que establece las competencias b\u00e1sicas caracter\u00edsticas que debe tener el alumno al egresar de este nivel educativo y eval\u00faa dos campos disciplinares que son Matem\u00e1ticas y Lenguaje y Comunicaci\u00f3n (comprensi\u00f3n lectora). Precis\u00f3 que los instrumentos se aplicar\u00e1n en todas las escuelas seleccionadas de control federal, estatal o aut\u00f3nomo, ya sea p\u00fablicas o privadas; asimismo el tercer d\u00eda alumnos de una muestra controlada aplicar\u00e1n una prueba extra y un cuestionario de contexto.<\/p>\n<p>Destac\u00f3 que de esta forma se podr\u00e1 contar con informaci\u00f3n sobre el estado que guarda la educaci\u00f3n en t\u00e9rminos del logro del aprendizaje de los estudiantes, lo que permitir\u00e1 a las autoridades educativas tener datos relevantes para realizar labores de monitoreo, planeaci\u00f3n, programaci\u00f3n y operaci\u00f3n del sistema educativo y de los centros escolares.<\/p>\n<p><em><a href=\"mailto:montanezaguilar@gmail.com\" target=\"_blank\">montanezaguilar@gmail.com<\/a><\/em><\/p>\n","protected":false},"excerpt":{"rendered":"<p><span style=\"color: #005497;\">Jos\u00e9 Luis Monta\u00f1ez Aguilar<\/span><br \/>\n<br \/>\nPoco m\u00e1s de 74 mil alumnos del \u00faltimo grado de educaci\u00f3n media superior, de mil 443 escuelas del Estado de M\u00e9xico, participan en la aplicaci\u00f3n de los instrumentos del Plan nacional para la Evaluaci\u00f3n de los Aprendizajes, Planea, que inici\u00f3 ayer y concluir\u00e1 este jueves 14. Sim\u00f3n Iv\u00e1n Villar Mart\u00ednez, titular de la Secretar\u00eda de Educaci\u00f3n (Seduc) inform\u00f3 que el prop\u00f3sito de esta evaluaci\u00f3n es conocer la medida en la que los estudiantes logran los aprendizajes esenciales al t\u00e9rmino de su preparaci\u00f3n en el bachillerato, as\u00ed como ofrecer informaci\u00f3n contextualizada para la mejora de los procesos de ense\u00f1anza en los centros escolares.<\/p>\n","protected":false},"author":3,"featured_media":264316,"comment_status":"open","ping_status":"open","sticky":false,"template":"","format":"standard","meta":{"_monsterinsights_skip_tracking":false,"_monsterinsights_sitenote_active":false,"_monsterinsights_sitenote_note":"","_monsterinsights_sitenote_category":0,"footnotes":""},"categories":[5],"tags":[13284,43704,43674],"class_list":["post-264260","post","type-post","status-publish","format-standard","has-post-thumbnail","hentry","category-estado-de-mexico","tag-arco-norte","tag-jose-luis-montanez-aguilar","tag-opinion"],"_links":{"self":[{"href":"https:\/\/www.diarioimagen.net\/index.php?rest_route=\/wp\/v2\/posts\/264260","targetHints":{"allow":["GET"]}}],"collection":[{"href":"https:\/\/www.diarioimagen.net\/index.php?rest_route=\/wp\/v2\/posts"}],"about":[{"href":"https:\/\/www.diarioimagen.net\/index.php?rest_route=\/wp\/v2\/types\/post"}],"author":[{"embeddable":true,"href":"https:\/\/www.diarioimagen.net\/index.php?rest_route=\/wp\/v2\/users\/3"}],"replies":[{"embeddable":true,"href":"https:\/\/www.diarioimagen.net\/index.php?rest_route=%2Fwp%2Fv2%2Fcomments&post=264260"}],"version-history":[{"count":0,"href":"https:\/\/www.diarioimagen.net\/index.php?rest_route=\/wp\/v2\/posts\/264260\/revisions"}],"wp:featuredmedia":[{"embeddable":true,"href":"https:\/\/www.diarioimagen.net\/index.php?rest_route=\/wp\/v2\/media\/264316"}],"wp:attachment":[{"href":"https:\/\/www.diarioimagen.net\/index.php?rest_route=%2Fwp%2Fv2%2Fmedia&parent=264260"}],"wp:term":[{"taxonomy":"category","embeddable":true,"href":"https:\/\/www.diarioimagen.net\/index.php?rest_route=%2Fwp%2Fv2%2Fcategories&post=264260"},{"taxonomy":"post_tag","embeddable":true,"href":"https:\/\/www.diarioimagen.net\/index.php?rest_route=%2Fwp%2Fv2%2Ftags&post=264260"}],"curies":[{"name":"wp","href":"https:\/\/api.w.org\/{rel}","templated":true}]}}