{"id":264273,"date":"2016-04-13T00:05:26","date_gmt":"2016-04-13T05:05:26","guid":{"rendered":"http:\/\/www.diarioimagen.net\/?p=264273"},"modified":"2016-04-13T02:03:03","modified_gmt":"2016-04-13T07:03:03","slug":"caravana-de-la-salud-invadio-coacalco","status":"publish","type":"post","link":"https:\/\/www.diarioimagen.net\/?p=264273","title":{"rendered":"Caravana de la Salud \u201cinvadi\u00f3\u201d Coacalco"},"content":{"rendered":"<ul>\n<li><strong><em>Servicios gratuitos<\/em><\/strong><\/li>\n<\/ul>\n<p>&nbsp;<\/p>\n<div id=\"attachment_264328\" style=\"width: 430px\" class=\"wp-caption aligncenter\"><a href=\"http:\/\/www.diarioimagen.net\/?attachment_id=264328\" rel=\"attachment wp-att-264328\"><img loading=\"lazy\" decoding=\"async\" aria-describedby=\"caption-attachment-264328\" class=\"size-large wp-image-264328\" src=\"http:\/\/www.diarioimagen.net\/wp-content\/uploads\/2016\/04\/COACALCO-2844-420x236.jpg\" alt=\"El presidente municipal, Erwin Castel\u00e1n, inaugur\u00f3 la \u201cFeria de la Salud\u201d en la Plaza Zaragoza, en la colonia Villa de las Flores.\" width=\"420\" height=\"236\" srcset=\"https:\/\/www.diarioimagen.net\/wp-content\/uploads\/2016\/04\/COACALCO-2844-420x236.jpg 420w, https:\/\/www.diarioimagen.net\/wp-content\/uploads\/2016\/04\/COACALCO-2844-240x135.jpg 240w, https:\/\/www.diarioimagen.net\/wp-content\/uploads\/2016\/04\/COACALCO-2844-235x132.jpg 235w, https:\/\/www.diarioimagen.net\/wp-content\/uploads\/2016\/04\/COACALCO-2844-202x114.jpg 202w, https:\/\/www.diarioimagen.net\/wp-content\/uploads\/2016\/04\/COACALCO-2844-350x196.jpg 350w, https:\/\/www.diarioimagen.net\/wp-content\/uploads\/2016\/04\/COACALCO-2844-220x123.jpg 220w, https:\/\/www.diarioimagen.net\/wp-content\/uploads\/2016\/04\/COACALCO-2844-237x132.jpg 237w, https:\/\/www.diarioimagen.net\/wp-content\/uploads\/2016\/04\/COACALCO-2844.jpg 480w\" sizes=\"auto, (max-width: 420px) 100vw, 420px\" \/><\/a><p id=\"caption-attachment-264328\" class=\"wp-caption-text\">El presidente municipal, Erwin Castel\u00e1n, inaugur\u00f3 la \u201cFeria de la Salud\u201d en la Plaza Zaragoza, en la colonia Villa de las Flores.<\/p><\/div>\n<p>&nbsp;<\/p>\n<p><strong>Coacalco, Estado de M\u00e9xico<\/strong>.- El lunes y martes pasados centenares de habitantes de la demarcaci\u00f3n contaron con los servicios gratuitos de la \u201cFeria de la Salud\u201d que el gobierno mexiquense trajo a Plaza Zaragoza, colonia Villa de las Flores.<\/p>\n<p>En coordinaci\u00f3n con el DIF municipal y con el Ayuntamiento de Coacalco, las unidades m\u00f3viles de la Secretar\u00eda de Salud que encabeza C\u00e9sar Nomar G\u00f3mez Monge, ofrecieron mastograf\u00edas, estudios cl\u00ednicos, radiograf\u00edas, consultas y una gama de servicios gratuitos.<\/p>\n<p>Tambi\u00e9n se ofrecieron servicios dentales, para la vista, de vacunaci\u00f3n y de esterilizaci\u00f3n de perros y gatos, entre muchos otros.<\/p>\n<p>Al inaugurar la \u201cFeria de la Salud\u201d, el presidente municipal, Erwin Castel\u00e1n, resalt\u00f3 el apoyo del gobernador Eruviel \u00c1vila, para que Coacalco cuente con habitantes m\u00e1s sanos.<\/p>\n<p>&nbsp;<\/p>\n","protected":false},"excerpt":{"rendered":"<p>El lunes y martes pasados centenares de habitantes de la demarcaci\u00f3n contaron con los servicios gratuitos de la \u201cFeria de la Salud\u201d que el gobierno mexiquense trajo a Plaza Zaragoza, colonia Villa de las Flores.<\/p>\n","protected":false},"author":3,"featured_media":264328,"comment_status":"open","ping_status":"open","sticky":false,"template":"","format":"standard","meta":{"_monsterinsights_skip_tracking":false,"_monsterinsights_sitenote_active":false,"_monsterinsights_sitenote_note":"","_monsterinsights_sitenote_category":0,"footnotes":""},"categories":[35155],"tags":[46112,579,43675],"class_list":["post-264273","post","type-post","status-publish","format-standard","has-post-thumbnail","hentry","category-estado-de-mexico-estado-de-mexico","tag-atiende","tag-coacalco","tag-estado-de-mexico"],"_links":{"self":[{"href":"https:\/\/www.diarioimagen.net\/index.php?rest_route=\/wp\/v2\/posts\/264273","targetHints":{"allow":["GET"]}}],"collection":[{"href":"https:\/\/www.diarioimagen.net\/index.php?rest_route=\/wp\/v2\/posts"}],"about":[{"href":"https:\/\/www.diarioimagen.net\/index.php?rest_route=\/wp\/v2\/types\/post"}],"author":[{"embeddable":true,"href":"https:\/\/www.diarioimagen.net\/index.php?rest_route=\/wp\/v2\/users\/3"}],"replies":[{"embeddable":true,"href":"https:\/\/www.diarioimagen.net\/index.php?rest_route=%2Fwp%2Fv2%2Fcomments&post=264273"}],"version-history":[{"count":0,"href":"https:\/\/www.diarioimagen.net\/index.php?rest_route=\/wp\/v2\/posts\/264273\/revisions"}],"wp:featuredmedia":[{"embeddable":true,"href":"https:\/\/www.diarioimagen.net\/index.php?rest_route=\/wp\/v2\/media\/264328"}],"wp:attachment":[{"href":"https:\/\/www.diarioimagen.net\/index.php?rest_route=%2Fwp%2Fv2%2Fmedia&parent=264273"}],"wp:term":[{"taxonomy":"category","embeddable":true,"href":"https:\/\/www.diarioimagen.net\/index.php?rest_route=%2Fwp%2Fv2%2Fcategories&post=264273"},{"taxonomy":"post_tag","embeddable":true,"href":"https:\/\/www.diarioimagen.net\/index.php?rest_route=%2Fwp%2Fv2%2Ftags&post=264273"}],"curies":[{"name":"wp","href":"https:\/\/api.w.org\/{rel}","templated":true}]}}