{"id":264293,"date":"2016-04-13T00:08:07","date_gmt":"2016-04-13T05:08:07","guid":{"rendered":"http:\/\/www.diarioimagen.net\/?p=264293"},"modified":"2016-04-13T02:15:01","modified_gmt":"2016-04-13T07:15:01","slug":"reconocen-al-issste-por-sus-buenas-practicas","status":"publish","type":"post","link":"https:\/\/www.diarioimagen.net\/?p=264293","title":{"rendered":"Reconocen al ISSSTE por sus buenas pr\u00e1cticas"},"content":{"rendered":"<ul>\n<li><strong><em>Recibe reconocimiento internacional<\/em><\/strong><\/li>\n<\/ul>\n<p>&nbsp;<\/p>\n<div id=\"attachment_264349\" style=\"width: 430px\" class=\"wp-caption aligncenter\"><a href=\"http:\/\/www.diarioimagen.net\/?attachment_id=264349\" rel=\"attachment wp-att-264349\"><img loading=\"lazy\" decoding=\"async\" aria-describedby=\"caption-attachment-264349\" class=\"size-large wp-image-264349\" src=\"http:\/\/www.diarioimagen.net\/wp-content\/uploads\/2016\/04\/ISSSTE-2844-420x236.jpg\" alt=\"El director general del ISSSTE, Jos\u00e9 Reyes Baeza Terrazas, recibi\u00f3 siete certificados de reconocimiento a sus buenas pr\u00e1cticas, en beneficio de sus 13 millones de afiliados.\" width=\"420\" height=\"236\" srcset=\"https:\/\/www.diarioimagen.net\/wp-content\/uploads\/2016\/04\/ISSSTE-2844-420x236.jpg 420w, https:\/\/www.diarioimagen.net\/wp-content\/uploads\/2016\/04\/ISSSTE-2844-240x135.jpg 240w, https:\/\/www.diarioimagen.net\/wp-content\/uploads\/2016\/04\/ISSSTE-2844-235x132.jpg 235w, https:\/\/www.diarioimagen.net\/wp-content\/uploads\/2016\/04\/ISSSTE-2844-202x114.jpg 202w, https:\/\/www.diarioimagen.net\/wp-content\/uploads\/2016\/04\/ISSSTE-2844-350x196.jpg 350w, https:\/\/www.diarioimagen.net\/wp-content\/uploads\/2016\/04\/ISSSTE-2844-220x123.jpg 220w, https:\/\/www.diarioimagen.net\/wp-content\/uploads\/2016\/04\/ISSSTE-2844-237x132.jpg 237w, https:\/\/www.diarioimagen.net\/wp-content\/uploads\/2016\/04\/ISSSTE-2844.jpg 480w\" sizes=\"auto, (max-width: 420px) 100vw, 420px\" \/><\/a><p id=\"caption-attachment-264349\" class=\"wp-caption-text\">El director general del ISSSTE, Jos\u00e9 Reyes Baeza Terrazas, recibi\u00f3 siete certificados de reconocimiento a sus buenas pr\u00e1cticas, en beneficio de sus 13 millones de afiliados.<\/p><\/div>\n<p>&nbsp;<\/p>\n<p>La Asociaci\u00f3n Internacional de Seguridad Social (AISS) entreg\u00f3 al ISSSTE siete certificados de reconocimiento a sus buenas pr\u00e1cticas en beneficio de sus 13 millones de afiliados, gracias a su trabajo eficaz y efectivo que ha originado resultados tangibles para su derechohabiencia.<\/p>\n<p>El jurado internacional independiente se reuni\u00f3 en octubre de 2015 para evaluar las 53 buenas pr\u00e1cticas presentadas por 17 miembros de la AISS de nueve pa\u00edses de la regi\u00f3n, dio a conocer el Instituto de Seguridad y Servicios Sociales de los Trabajadores del Estado (ISSSTE).<\/p>\n<p>Como resultado del proceso de selecci\u00f3n, dijo en un comunicado, se concedieron al ISSSTE en las siete buenas pr\u00e1cticas presentadas los reconocimientos por Eliminaci\u00f3n de la Vigencia de Derechos Presencial de la Poblaci\u00f3n Pensionaria y Centro de Atenci\u00f3n de Pr\u00e9stamos Personales (CAPP).<\/p>\n<p>Adem\u00e1s, por su Formato de Pagos Individuales (FOPI) Electr\u00f3nico; Curso de Apoyo para Cuidadores Informales de Personas Envejecidas; Cita M\u00e9dica Telef\u00f3nica e Internet del ISSSTE; Programa de Prevenci\u00f3n y Regresi\u00f3n del Sobrepeso y Obesidad para Adultos (PPRESyO), y Programa de Receta Resurtible.<\/p>\n<p>Durante la ceremonia de premiaci\u00f3n, el director general del ISSSTE, Jos\u00e9 Reyes Baeza Terrazas, se congratul\u00f3 de la deferencia que le otorg\u00f3 al Instituto un organismo internacional como la IASS, por buenas pr\u00e1cticas en esta administraci\u00f3n.<\/p>\n<p>\u201cNos motiva a seguir esforz\u00e1ndonos por mejorar cada d\u00eda la prestaci\u00f3n de los servicios de pensiones, en materia de seguros de salud, cr\u00e9ditos hipotecarios que inciden en la mejor calidad de vida de nuestros 13 millones de derechohabientes. Esto nos compromete a seguir construyendo un ISSSTE m\u00e1s moderno y m\u00e1s c\u00e1lido\u201d, concluy\u00f3.<\/p>\n<p>&nbsp;<\/p>\n","protected":false},"excerpt":{"rendered":"<p>La Asociaci\u00f3n Internacional de Seguridad Social (AISS) entreg\u00f3 al ISSSTE siete certificados de reconocimiento a sus buenas pr\u00e1cticas en beneficio de sus 13 millones de afiliados, gracias a su trabajo eficaz y efectivo que ha originado resultados tangibles para su derechohabiencia. El jurado internacional independiente se reuni\u00f3 en octubre de 2015 para evaluar las 53 buenas pr\u00e1cticas presentadas por 17 miembros de la AISS de nueve pa\u00edses de la regi\u00f3n, dio a conocer el Instituto de Seguridad y Servicios Sociales de los Trabajadores del Estado (ISSSTE).<\/p>\n","protected":false},"author":3,"featured_media":264349,"comment_status":"open","ping_status":"open","sticky":false,"template":"","format":"standard","meta":{"_monsterinsights_skip_tracking":false,"_monsterinsights_sitenote_active":false,"_monsterinsights_sitenote_note":"","_monsterinsights_sitenote_category":0,"footnotes":""},"categories":[3],"tags":[952,43673],"class_list":["post-264293","post","type-post","status-publish","format-standard","has-post-thumbnail","hentry","category-nacional","tag-issste","tag-nacional"],"_links":{"self":[{"href":"https:\/\/www.diarioimagen.net\/index.php?rest_route=\/wp\/v2\/posts\/264293","targetHints":{"allow":["GET"]}}],"collection":[{"href":"https:\/\/www.diarioimagen.net\/index.php?rest_route=\/wp\/v2\/posts"}],"about":[{"href":"https:\/\/www.diarioimagen.net\/index.php?rest_route=\/wp\/v2\/types\/post"}],"author":[{"embeddable":true,"href":"https:\/\/www.diarioimagen.net\/index.php?rest_route=\/wp\/v2\/users\/3"}],"replies":[{"embeddable":true,"href":"https:\/\/www.diarioimagen.net\/index.php?rest_route=%2Fwp%2Fv2%2Fcomments&post=264293"}],"version-history":[{"count":0,"href":"https:\/\/www.diarioimagen.net\/index.php?rest_route=\/wp\/v2\/posts\/264293\/revisions"}],"wp:featuredmedia":[{"embeddable":true,"href":"https:\/\/www.diarioimagen.net\/index.php?rest_route=\/wp\/v2\/media\/264349"}],"wp:attachment":[{"href":"https:\/\/www.diarioimagen.net\/index.php?rest_route=%2Fwp%2Fv2%2Fmedia&parent=264293"}],"wp:term":[{"taxonomy":"category","embeddable":true,"href":"https:\/\/www.diarioimagen.net\/index.php?rest_route=%2Fwp%2Fv2%2Fcategories&post=264293"},{"taxonomy":"post_tag","embeddable":true,"href":"https:\/\/www.diarioimagen.net\/index.php?rest_route=%2Fwp%2Fv2%2Ftags&post=264293"}],"curies":[{"name":"wp","href":"https:\/\/api.w.org\/{rel}","templated":true}]}}