{"id":264489,"date":"2016-04-14T00:09:08","date_gmt":"2016-04-14T05:09:08","guid":{"rendered":"http:\/\/www.diarioimagen.net\/?p=264489"},"modified":"2016-04-14T02:12:32","modified_gmt":"2016-04-14T07:12:32","slug":"un-gobierno-digital-y-mas-cercano-a-la-ciudadania","status":"publish","type":"post","link":"https:\/\/www.diarioimagen.net\/?p=264489","title":{"rendered":"Un gobierno digital y m\u00e1s cercano a la ciudadan\u00eda"},"content":{"rendered":"<h2>Arco Norte<\/h2>\n<h5>Jos\u00e9 Luis Monta\u00f1ez Aguilar<\/h5>\n<p>&nbsp;<\/p>\n<div id=\"attachment_264580\" style=\"width: 430px\" class=\"wp-caption aligncenter\"><a href=\"http:\/\/www.diarioimagen.net\/?attachment_id=264580\" rel=\"attachment wp-att-264580\"><img loading=\"lazy\" decoding=\"async\" aria-describedby=\"caption-attachment-264580\" class=\"size-large wp-image-264580\" src=\"http:\/\/www.diarioimagen.net\/wp-content\/uploads\/2016\/04\/arco-2845-420x236.jpg\" alt=\"Eruviel \u00c1vila - Toma de protesta de las Autoridades Auxiliares de Toluca, Tultitl\u00e1n y La Paz.\" width=\"420\" height=\"236\" srcset=\"https:\/\/www.diarioimagen.net\/wp-content\/uploads\/2016\/04\/arco-2845-420x236.jpg 420w, https:\/\/www.diarioimagen.net\/wp-content\/uploads\/2016\/04\/arco-2845-240x135.jpg 240w, https:\/\/www.diarioimagen.net\/wp-content\/uploads\/2016\/04\/arco-2845-768x432.jpg 768w, https:\/\/www.diarioimagen.net\/wp-content\/uploads\/2016\/04\/arco-2845-480x270.jpg 480w, https:\/\/www.diarioimagen.net\/wp-content\/uploads\/2016\/04\/arco-2845-235x132.jpg 235w, https:\/\/www.diarioimagen.net\/wp-content\/uploads\/2016\/04\/arco-2845-202x114.jpg 202w, https:\/\/www.diarioimagen.net\/wp-content\/uploads\/2016\/04\/arco-2845-350x196.jpg 350w, https:\/\/www.diarioimagen.net\/wp-content\/uploads\/2016\/04\/arco-2845-220x123.jpg 220w, https:\/\/www.diarioimagen.net\/wp-content\/uploads\/2016\/04\/arco-2845-237x132.jpg 237w, https:\/\/www.diarioimagen.net\/wp-content\/uploads\/2016\/04\/arco-2845.jpg 1200w\" sizes=\"auto, (max-width: 420px) 100vw, 420px\" \/><\/a><p id=\"caption-attachment-264580\" class=\"wp-caption-text\">Eruviel \u00c1vila &#8211; Toma de protesta de las Autoridades Auxiliares de Toluca, Tultitl\u00e1n y La Paz.<\/p><\/div>\n<p>&nbsp;<\/p>\n<p>Al tomar protesta a autoridades auxiliares para el periodo 2016-2018 del municipio de Toluca y, simult\u00e1neamente, de Tultitl\u00e1n y La Paz, el gobernador Eruviel \u00c1vila Villegas exhort\u00f3 a los 15 mil integrantes de Consejos de Participaci\u00f3n Ciudadana, Delegados y Subdelegados municipales de todo el Estado de M\u00e9xico, a hacer uso de las tecnolog\u00edas de la informaci\u00f3n y las redes sociales, para impulsar gobiernos digitales y m\u00e1s cercanos a la gente.<\/p>\n<p>En un acto realizado en el Teatro Morelos, en la capital mexiquense, y transmitido en vivo de manera simult\u00e1nea en La Paz y Tultitl\u00e1n, expuso que, a trav\u00e9s de la Ley de Gobierno Digital, pueden realizar tr\u00e1mites a trav\u00e9s de internet para realizar las gestiones y solicitudes de una manera m\u00e1s pr\u00e1ctica y con ello evitar traslados o esperas en las oficinas gubernamentales, por ello, inst\u00f3 a los ayuntamientos mexiquenses a dar pl\u00e1ticas a las autoridades auxiliares acerca de los beneficios de esta modalidad.<\/p>\n<p>Eruviel \u00c1vila felicit\u00f3 a los Consejos de Participaci\u00f3n Ciudadana (Copaci), Delegaciones y Subdelegaciones en todo el Estado de M\u00e9xico, quienes trabajar\u00e1n sin recibir sueldo, motivados por apoyar el desarrollo de sus comunidades y de sus vecinos, por lo que los invit\u00f3 a estar al pendiente de la cuenta de Facebook y Twitter del gobernador y los integrantes de la administraci\u00f3n estatal, para conocer las acciones que se llevan a cabo en el Edom\u00e9x, y tambi\u00e9n para se\u00f1alar y dar a conocer necesidades o aspectos en los que se tenga que redoblar el trabajo.<\/p>\n<p><em><a href=\"mailto:montanezaguilar@gmail.com\" target=\"_blank\">montanezaguilar@gmail.com<\/a><\/em><\/p>\n","protected":false},"excerpt":{"rendered":"<p><span style=\"color: #005497;\">Jos\u00e9 Luis Monta\u00f1ez Aguilar<\/span><br \/>\n<br \/>\nAl tomar protesta a autoridades auxiliares para el periodo 2016-2018 del municipio de Toluca y, simult\u00e1neamente, de Tultitl\u00e1n y La Paz, el gobernador Eruviel \u00c1vila Villegas exhort\u00f3 a los 15 mil integrantes de Consejos de Participaci\u00f3n Ciudadana, Delegados y Subdelegados municipales de todo el Estado de M\u00e9xico, a hacer uso de las tecnolog\u00edas de la informaci\u00f3n y las redes sociales, para impulsar gobiernos digitales y m\u00e1s cercanos a la gente.<\/p>\n","protected":false},"author":3,"featured_media":264580,"comment_status":"open","ping_status":"open","sticky":false,"template":"","format":"standard","meta":{"_monsterinsights_skip_tracking":false,"_monsterinsights_sitenote_active":false,"_monsterinsights_sitenote_note":"","_monsterinsights_sitenote_category":0,"footnotes":""},"categories":[5],"tags":[13284,43704,43674],"class_list":["post-264489","post","type-post","status-publish","format-standard","has-post-thumbnail","hentry","category-estado-de-mexico","tag-arco-norte","tag-jose-luis-montanez-aguilar","tag-opinion"],"_links":{"self":[{"href":"https:\/\/www.diarioimagen.net\/index.php?rest_route=\/wp\/v2\/posts\/264489","targetHints":{"allow":["GET"]}}],"collection":[{"href":"https:\/\/www.diarioimagen.net\/index.php?rest_route=\/wp\/v2\/posts"}],"about":[{"href":"https:\/\/www.diarioimagen.net\/index.php?rest_route=\/wp\/v2\/types\/post"}],"author":[{"embeddable":true,"href":"https:\/\/www.diarioimagen.net\/index.php?rest_route=\/wp\/v2\/users\/3"}],"replies":[{"embeddable":true,"href":"https:\/\/www.diarioimagen.net\/index.php?rest_route=%2Fwp%2Fv2%2Fcomments&post=264489"}],"version-history":[{"count":0,"href":"https:\/\/www.diarioimagen.net\/index.php?rest_route=\/wp\/v2\/posts\/264489\/revisions"}],"wp:featuredmedia":[{"embeddable":true,"href":"https:\/\/www.diarioimagen.net\/index.php?rest_route=\/wp\/v2\/media\/264580"}],"wp:attachment":[{"href":"https:\/\/www.diarioimagen.net\/index.php?rest_route=%2Fwp%2Fv2%2Fmedia&parent=264489"}],"wp:term":[{"taxonomy":"category","embeddable":true,"href":"https:\/\/www.diarioimagen.net\/index.php?rest_route=%2Fwp%2Fv2%2Fcategories&post=264489"},{"taxonomy":"post_tag","embeddable":true,"href":"https:\/\/www.diarioimagen.net\/index.php?rest_route=%2Fwp%2Fv2%2Ftags&post=264489"}],"curies":[{"name":"wp","href":"https:\/\/api.w.org\/{rel}","templated":true}]}}