{"id":264706,"date":"2016-04-15T00:09:21","date_gmt":"2016-04-15T05:09:21","guid":{"rendered":"http:\/\/www.diarioimagen.net\/?p=264706"},"modified":"2016-04-15T02:52:35","modified_gmt":"2016-04-15T07:52:35","slug":"signa-la-uaem-historico-convenio-con-9-municipios","status":"publish","type":"post","link":"https:\/\/www.diarioimagen.net\/?p=264706","title":{"rendered":"Signa la UAEM hist\u00f3rico convenio con 9 municipios"},"content":{"rendered":"<ul>\n<li><strong><em>Para fortalecer cobertura educativa<\/em><\/strong><\/li>\n<\/ul>\n<p>&nbsp;<\/p>\n<div id=\"attachment_264800\" style=\"width: 430px\" class=\"wp-caption aligncenter\"><a href=\"http:\/\/www.diarioimagen.net\/?attachment_id=264800\" rel=\"attachment wp-att-264800\"><img loading=\"lazy\" decoding=\"async\" aria-describedby=\"caption-attachment-264800\" class=\"size-large wp-image-264800\" src=\"http:\/\/www.diarioimagen.net\/wp-content\/uploads\/2016\/04\/UAEM-2846-420x236.jpg\" alt=\"El rector de la UAEM, Jorge Olvera, afirm\u00f3 que la instituci\u00f3n \u201cquiere crecer, tener infraestructura, m\u00e1s bibliotecas, m\u00e1s libros y deportes, pero esto s\u00f3lo se podr\u00e1 lograr si juntos, gobiernos municipales y universidad, colaboramos a trav\u00e9s de convenios como \u00e9ste\u201d.\" width=\"420\" height=\"236\" srcset=\"https:\/\/www.diarioimagen.net\/wp-content\/uploads\/2016\/04\/UAEM-2846-420x236.jpg 420w, https:\/\/www.diarioimagen.net\/wp-content\/uploads\/2016\/04\/UAEM-2846-240x135.jpg 240w, https:\/\/www.diarioimagen.net\/wp-content\/uploads\/2016\/04\/UAEM-2846-235x132.jpg 235w, https:\/\/www.diarioimagen.net\/wp-content\/uploads\/2016\/04\/UAEM-2846-202x114.jpg 202w, https:\/\/www.diarioimagen.net\/wp-content\/uploads\/2016\/04\/UAEM-2846-350x196.jpg 350w, https:\/\/www.diarioimagen.net\/wp-content\/uploads\/2016\/04\/UAEM-2846-220x123.jpg 220w, https:\/\/www.diarioimagen.net\/wp-content\/uploads\/2016\/04\/UAEM-2846-237x132.jpg 237w, https:\/\/www.diarioimagen.net\/wp-content\/uploads\/2016\/04\/UAEM-2846.jpg 480w\" sizes=\"auto, (max-width: 420px) 100vw, 420px\" \/><\/a><p id=\"caption-attachment-264800\" class=\"wp-caption-text\">El rector de la UAEM, Jorge Olvera, afirm\u00f3 que la instituci\u00f3n \u201cquiere crecer, tener infraestructura, m\u00e1s bibliotecas, m\u00e1s libros y deportes, pero esto s\u00f3lo se podr\u00e1 lograr si juntos, gobiernos municipales y universidad, colaboramos a trav\u00e9s de convenios como \u00e9ste\u201d.<\/p><\/div>\n<p>&nbsp;<\/p>\n<p>Con el compromiso, gesti\u00f3n y colaboraci\u00f3n de los ayuntamientos es posible atender las demandas de cobertura de educaci\u00f3n media y superior en el Estado de M\u00e9xico, sostuvo el rector de la Universidad Aut\u00f3noma del Estado de M\u00e9xico, Jorge Olvera Garc\u00eda, durante la Firma del Convenio General de Colaboraci\u00f3n entre esta casa de estudios y los ayuntamiento de Joquicingo, Ixtapan de la Sal, Malinalco, Ocuilan, Santiago Tianguistenco, Temoaya, Tonatico, Zumpanhuac\u00e1n y Tenancingo.<\/p>\n<p>En el auditorio \u201cIng. Jos\u00e9 Yurrieta Vald\u00e9s\u201d del Edificio Administrativo de la UAEM, acompa\u00f1ado por la directora del Centro Universitario UAEM Tenancingo, Michelle Valdesp\u00edn Vald\u00e9s, el rector afirm\u00f3 que la m\u00e1xima casa de estudios mexiquense \u201cquiere crecer, tener infraestructura, m\u00e1s bibliotecas, m\u00e1s libros y deportes, pero esto s\u00f3lo se podr\u00e1 lograr si juntos, gobiernos municipales y universidad, colaboramos a trav\u00e9s de convenios como \u00e9ste\u201d.<\/p>\n<p>Ante los alcaldes de Joquicingo, Alma Delia Pallares Casta\u00f1eda; Ixtapan de la Sal, Julio C\u00e9sar Sergio Becerril Rom\u00e1n; Malinalco, Gerardo Baldemar Chaqueco Reynoso; Oculilan, F\u00e9lix Alberto Linares Gonz\u00e1lez; Santiago Tianguistenco, Fernando \u00c1lvaro G\u00f3mez; Temoaya, Apolinar Escobedo Idelfonso; Tonatico, Ana Cecilia Peralta Cano, y Zumpahuac\u00e1n, Alejandro Acosta Medina, el de Tenancingo, Roberto S\u00e1nchez Pompa, refiri\u00f3 que\u00a0 dicho convenio busca traducirse en acciones de intercambio acad\u00e9mico eficiente, investigaci\u00f3n y estudios avanzados; difusi\u00f3n y extensi\u00f3n; servicio social y pr\u00e1cticas profesionales; servicios acad\u00e9micos y mejora de los sistemas de informaci\u00f3n municipales.<\/p>\n<p>En representaci\u00f3n de los nueve municipios que signaron este documento, S\u00e1nchez Pompa agradeci\u00f3 a la m\u00e1xima casa de estudios mexiquense su disposici\u00f3n para generar estrategias encaminadas a la colaboraci\u00f3n mutua y a la superaci\u00f3n acad\u00e9mica de los universitarios y en estos municipios.<\/p>\n<p>&nbsp;<\/p>\n","protected":false},"excerpt":{"rendered":"<p>Con el compromiso, gesti\u00f3n y colaboraci\u00f3n de los ayuntamientos es posible atender las demandas de cobertura de educaci\u00f3n media y superior en el Estado de M\u00e9xico, sostuvo el rector de la Universidad Aut\u00f3noma del Estado de M\u00e9xico, Jorge Olvera Garc\u00eda, durante la Firma del Convenio General de Colaboraci\u00f3n entre esta casa de estudios y los ayuntamiento de Joquicingo, Ixtapan de la Sal, Malinalco, Ocuilan, Santiago Tianguistenco, Temoaya, Tonatico, Zumpanhuac\u00e1n y Tenancingo.<\/p>\n","protected":false},"author":3,"featured_media":264800,"comment_status":"open","ping_status":"open","sticky":false,"template":"","format":"standard","meta":{"_monsterinsights_skip_tracking":false,"_monsterinsights_sitenote_active":false,"_monsterinsights_sitenote_note":"","_monsterinsights_sitenote_category":0,"footnotes":""},"categories":[5],"tags":[22865,43675,1491],"class_list":["post-264706","post","type-post","status-publish","format-standard","has-post-thumbnail","hentry","category-estado-de-mexico","tag-convenio","tag-estado-de-mexico","tag-uaem"],"_links":{"self":[{"href":"https:\/\/www.diarioimagen.net\/index.php?rest_route=\/wp\/v2\/posts\/264706","targetHints":{"allow":["GET"]}}],"collection":[{"href":"https:\/\/www.diarioimagen.net\/index.php?rest_route=\/wp\/v2\/posts"}],"about":[{"href":"https:\/\/www.diarioimagen.net\/index.php?rest_route=\/wp\/v2\/types\/post"}],"author":[{"embeddable":true,"href":"https:\/\/www.diarioimagen.net\/index.php?rest_route=\/wp\/v2\/users\/3"}],"replies":[{"embeddable":true,"href":"https:\/\/www.diarioimagen.net\/index.php?rest_route=%2Fwp%2Fv2%2Fcomments&post=264706"}],"version-history":[{"count":0,"href":"https:\/\/www.diarioimagen.net\/index.php?rest_route=\/wp\/v2\/posts\/264706\/revisions"}],"wp:featuredmedia":[{"embeddable":true,"href":"https:\/\/www.diarioimagen.net\/index.php?rest_route=\/wp\/v2\/media\/264800"}],"wp:attachment":[{"href":"https:\/\/www.diarioimagen.net\/index.php?rest_route=%2Fwp%2Fv2%2Fmedia&parent=264706"}],"wp:term":[{"taxonomy":"category","embeddable":true,"href":"https:\/\/www.diarioimagen.net\/index.php?rest_route=%2Fwp%2Fv2%2Fcategories&post=264706"},{"taxonomy":"post_tag","embeddable":true,"href":"https:\/\/www.diarioimagen.net\/index.php?rest_route=%2Fwp%2Fv2%2Ftags&post=264706"}],"curies":[{"name":"wp","href":"https:\/\/api.w.org\/{rel}","templated":true}]}}