{"id":264732,"date":"2016-04-15T00:14:20","date_gmt":"2016-04-15T05:14:20","guid":{"rendered":"http:\/\/www.diarioimagen.net\/?p=264732"},"modified":"2016-04-15T03:12:39","modified_gmt":"2016-04-15T08:12:39","slug":"bajo-proceso-militares-exhibidos-por-tortura","status":"publish","type":"post","link":"https:\/\/www.diarioimagen.net\/?p=264732","title":{"rendered":"Bajo proceso, militares exhibidos por tortura"},"content":{"rendered":"<p><strong><em>Abusos contra una mujer en Guerrero<\/em><\/strong><\/p>\n<p>&nbsp;<\/p>\n<div id=\"attachment_264833\" style=\"width: 430px\" class=\"wp-caption aligncenter\"><a href=\"http:\/\/www.diarioimagen.net\/?attachment_id=264833\" rel=\"attachment wp-att-264833\"><img loading=\"lazy\" decoding=\"async\" aria-describedby=\"caption-attachment-264833\" class=\"size-large wp-image-264833\" src=\"http:\/\/www.diarioimagen.net\/wp-content\/uploads\/2016\/04\/SEDENA-2846-420x236.jpg\" alt=\"En el video, dos elementos federales golpean a una mujer en el municipio de Ajuchitl\u00e1n del Progreso, Guerrero, en 2015.\" width=\"420\" height=\"236\" srcset=\"https:\/\/www.diarioimagen.net\/wp-content\/uploads\/2016\/04\/SEDENA-2846-420x236.jpg 420w, https:\/\/www.diarioimagen.net\/wp-content\/uploads\/2016\/04\/SEDENA-2846-240x135.jpg 240w, https:\/\/www.diarioimagen.net\/wp-content\/uploads\/2016\/04\/SEDENA-2846-235x132.jpg 235w, https:\/\/www.diarioimagen.net\/wp-content\/uploads\/2016\/04\/SEDENA-2846-202x114.jpg 202w, https:\/\/www.diarioimagen.net\/wp-content\/uploads\/2016\/04\/SEDENA-2846-350x196.jpg 350w, https:\/\/www.diarioimagen.net\/wp-content\/uploads\/2016\/04\/SEDENA-2846-220x123.jpg 220w, https:\/\/www.diarioimagen.net\/wp-content\/uploads\/2016\/04\/SEDENA-2846-237x132.jpg 237w, https:\/\/www.diarioimagen.net\/wp-content\/uploads\/2016\/04\/SEDENA-2846.jpg 480w\" sizes=\"auto, (max-width: 420px) 100vw, 420px\" \/><\/a><p id=\"caption-attachment-264833\" class=\"wp-caption-text\">En el video, dos elementos federales golpean a una mujer en el municipio de Ajuchitl\u00e1n del Progreso, Guerrero, en 2015.<\/p><\/div>\n<p>&nbsp;<\/p>\n<p>La Procuradur\u00eda General de la Rep\u00fablica (PGR) inici\u00f3 una averiguaci\u00f3n previa para investigar los presuntos actos de tortura de dos militares y una polic\u00eda federal a una mujer en Ajuchitl\u00e1n del Progreso, Guerrero, en 2015.<\/p>\n<p>El subprocurador de Delitos Federales de la dependencia, Jos\u00e9 Guadalupe Medina Romero, inform\u00f3 que desde el pasado 7 de enero, la Unidad Especializada en Investigaci\u00f3n del Delito de Tortura (UEIDT) abri\u00f3 una indagatoria luego que dos d\u00edas antes la Procuradur\u00eda General de Justicia Militar les diera vista del expediente.<\/p>\n<p>La PGR emiti\u00f3 un comunicado para informar que en la investigaci\u00f3n ya se han practicado diversas diligencias para esclarecer los hechos y que en todo momento la Secretar\u00eda de la Defensa Nacional y la Comisi\u00f3n Nacional de Seguridad han prestado su apoyo para realizar diversas inspecciones ministeriales.<\/p>\n<p>Por su parte, la Secretar\u00eda de la Defensa Nacional (Sedena) emiti\u00f3 ayer un comunicado en el que reconoce que se cometi\u00f3 un acto de tortura, que actualmente se difunde por las redes sociales.<\/p>\n<p>Expresa que tom\u00f3 conocimiento del video hasta el 19 de diciembre de 2015, por lo cual de inmediato dio vista del hecho al agente del Ministerio P\u00fablico militar, quien de inmediato integr\u00f3 la averiguaci\u00f3n previa correspondiente y comenz\u00f3 a reunir los elementos de prueba para ejercer acci\u00f3n penal en contra del personal involucrado.<\/p>\n<p>La dependencia subraya que no se trata de poner en entredicho el actuar de los integrantes del instituto armado, por lo cual la Sedena refrenda al pueblo de M\u00e9xico su compromiso de lealtad, acatando estrictamente el estado de Derecho y ratifica que en el presente caso y en todos cuando el personal militar vulnere la ley o los derechos humanos, se proceder\u00e1 con rigor y contundencia en contra de los responsables.<\/p>\n<p>El comunicado remata que agradece el inter\u00e9s de la poblaci\u00f3n e invita a que, en caso de que se conozcan este tipo de delitos, los hagan del conocimiento de las autoridades y de esta dependencia para que se proceda conforme a Derecho.<\/p>\n<p>El gobierno federal actu\u00f3 contra dos de los probables responsables once meses despu\u00e9s de que torturaron a la mujer, ya que fue apenas el 11 de enero pasado cuando los militares fueron sometidos a juicio por el delito de desobediencia.<\/p>\n<p>En tanto, la Comisi\u00f3n Nacional de Seguridad (CNS) inform\u00f3 que se encuentra abierta una investigaci\u00f3n en su Unidad de Asuntos Internos, con motivo del video en el que se observa a una polic\u00eda federal torturando a una mujer, junto con dos elementos del Ej\u00e9rcito.<\/p>\n<p>&nbsp;<\/p>\n","protected":false},"excerpt":{"rendered":"<p>La Procuradur\u00eda General de la Rep\u00fablica (PGR) inici\u00f3 una averiguaci\u00f3n previa para investigar los presuntos actos de tortura de dos militares y una polic\u00eda federal a una mujer en Ajuchitl\u00e1n del Progreso, Guerrero, en 2015.<\/p>\n","protected":false},"author":3,"featured_media":264833,"comment_status":"open","ping_status":"open","sticky":false,"template":"","format":"standard","meta":{"_monsterinsights_skip_tracking":false,"_monsterinsights_sitenote_active":false,"_monsterinsights_sitenote_note":"","_monsterinsights_sitenote_category":0,"footnotes":""},"categories":[7],"tags":[43673,4590,3353,7615],"class_list":["post-264732","post","type-post","status-publish","format-standard","has-post-thumbnail","hentry","category-seguridad","tag-nacional","tag-proceso","tag-sedena","tag-tortura"],"_links":{"self":[{"href":"https:\/\/www.diarioimagen.net\/index.php?rest_route=\/wp\/v2\/posts\/264732","targetHints":{"allow":["GET"]}}],"collection":[{"href":"https:\/\/www.diarioimagen.net\/index.php?rest_route=\/wp\/v2\/posts"}],"about":[{"href":"https:\/\/www.diarioimagen.net\/index.php?rest_route=\/wp\/v2\/types\/post"}],"author":[{"embeddable":true,"href":"https:\/\/www.diarioimagen.net\/index.php?rest_route=\/wp\/v2\/users\/3"}],"replies":[{"embeddable":true,"href":"https:\/\/www.diarioimagen.net\/index.php?rest_route=%2Fwp%2Fv2%2Fcomments&post=264732"}],"version-history":[{"count":0,"href":"https:\/\/www.diarioimagen.net\/index.php?rest_route=\/wp\/v2\/posts\/264732\/revisions"}],"wp:featuredmedia":[{"embeddable":true,"href":"https:\/\/www.diarioimagen.net\/index.php?rest_route=\/wp\/v2\/media\/264833"}],"wp:attachment":[{"href":"https:\/\/www.diarioimagen.net\/index.php?rest_route=%2Fwp%2Fv2%2Fmedia&parent=264732"}],"wp:term":[{"taxonomy":"category","embeddable":true,"href":"https:\/\/www.diarioimagen.net\/index.php?rest_route=%2Fwp%2Fv2%2Fcategories&post=264732"},{"taxonomy":"post_tag","embeddable":true,"href":"https:\/\/www.diarioimagen.net\/index.php?rest_route=%2Fwp%2Fv2%2Ftags&post=264732"}],"curies":[{"name":"wp","href":"https:\/\/api.w.org\/{rel}","templated":true}]}}