{"id":264956,"date":"2016-04-18T00:05:26","date_gmt":"2016-04-18T05:05:26","guid":{"rendered":"http:\/\/www.diarioimagen.net\/?p=264956"},"modified":"2016-04-19T00:25:09","modified_gmt":"2016-04-19T05:25:09","slug":"clausura-la-profepa-empresa-contaminante","status":"publish","type":"post","link":"https:\/\/www.diarioimagen.net\/?p=264956","title":{"rendered":"Clausura la Profepa empresa contaminante"},"content":{"rendered":"<ul>\n<li><strong><em>Incumple plan de contingencia<\/em><\/strong><\/li>\n<\/ul>\n<p>&nbsp;<\/p>\n<div id=\"attachment_265060\" style=\"width: 430px\" class=\"wp-caption aligncenter\"><a href=\"http:\/\/www.diarioimagen.net\/?attachment_id=265060\" rel=\"attachment wp-att-265060\"><img loading=\"lazy\" decoding=\"async\" aria-describedby=\"caption-attachment-265060\" class=\"size-large wp-image-265060\" src=\"http:\/\/www.diarioimagen.net\/wp-content\/uploads\/2016\/04\/profepa-2847-420x236.jpg\" alt=\"Se descubri\u00f3 que la empresa no cuenta con bit\u00e1coras de operaci\u00f3n y mantenimiento para cuatro calentadores de aceite t\u00e9rmico, as\u00ed como tampoco la bit\u00e1cora de contingencias ambientales para siete equipos.\" width=\"420\" height=\"236\" srcset=\"https:\/\/www.diarioimagen.net\/wp-content\/uploads\/2016\/04\/profepa-2847-420x236.jpg 420w, https:\/\/www.diarioimagen.net\/wp-content\/uploads\/2016\/04\/profepa-2847-240x135.jpg 240w, https:\/\/www.diarioimagen.net\/wp-content\/uploads\/2016\/04\/profepa-2847-235x132.jpg 235w, https:\/\/www.diarioimagen.net\/wp-content\/uploads\/2016\/04\/profepa-2847-202x114.jpg 202w, https:\/\/www.diarioimagen.net\/wp-content\/uploads\/2016\/04\/profepa-2847-350x196.jpg 350w, https:\/\/www.diarioimagen.net\/wp-content\/uploads\/2016\/04\/profepa-2847-220x123.jpg 220w, https:\/\/www.diarioimagen.net\/wp-content\/uploads\/2016\/04\/profepa-2847-237x132.jpg 237w, https:\/\/www.diarioimagen.net\/wp-content\/uploads\/2016\/04\/profepa-2847.jpg 480w\" sizes=\"auto, (max-width: 420px) 100vw, 420px\" \/><\/a><p id=\"caption-attachment-265060\" class=\"wp-caption-text\">Se descubri\u00f3 que la empresa no cuenta con bit\u00e1coras de operaci\u00f3n y mantenimiento para cuatro calentadores de aceite t\u00e9rmico, as\u00ed como tampoco la bit\u00e1cora de contingencias ambientales para siete equipos.<\/p><\/div>\n<p>&nbsp;<\/p>\n<p>La Procuradur\u00eda Federal de Protecci\u00f3n al Ambiente (Profepa) clausur\u00f3 una de las seis empresas que se negaron a recibir una visita t\u00e9cnica para determinar el cumplimiento de medidas extraordinarias decretadas durante la pasada Fase 1 de Contingencia Ambiental.<\/p>\n<p>Dicha sanci\u00f3n aplicada a la compa\u00f1\u00eda Industrial Aceitera, se debi\u00f3 a que incumpli\u00f3 con la reducci\u00f3n de 30 a 40 por ciento sus emisiones a la atm\u00f3sfera, durante los d\u00edas 15, 16 y 17 de marzo, como se orden\u00f3 de manera oficial por parte de esta dependencia federal.<\/p>\n<p>Lo anterior fue corroborado luego de que se realiz\u00f3 una inspecci\u00f3n el pasado 1 de abril, tras lo cual se descubrieron graves incumplimientos a la legislaci\u00f3n vigente.<\/p>\n<p>Entre las irregularidades detectadas destaca la falta de presentaci\u00f3n de la Licencia Ambiental \u00danica (LAU) para su operaci\u00f3n, refiri\u00f3 la Profepa en un comunicado.<\/p>\n<p>Asimismo se descubri\u00f3 que la empresa no cuenta con bit\u00e1coras de operaci\u00f3n y mantenimiento para cuatro calentadores de aceite t\u00e9rmico, as\u00ed como tampoco la bit\u00e1cora de contingencias ambientales para siete equipos.<\/p>\n<p>De igual forma, la empresa no present\u00f3 los avisos para los paros programados ni paros circunstanciales; ni cuenta con la C\u00e9dula de Operaci\u00f3n Ambiental (COA) 2014, y su emisi\u00f3n de contaminantes se encuentra arriba de los l\u00edmites m\u00e1ximos permitidos de \u00d3xidos de Nitr\u00f3geno (NOx).<\/p>\n<p>Durante la Contingencia Ambiental Atmosf\u00e9rica por Ozono implementada durante los d\u00edas 15, 16 y 17 de marzo de 2016 en la Zona Metropolitana del Valle de M\u00e9xico, la Procuradur\u00eda ambiental practic\u00f3 140 visitas de inspecci\u00f3n a las empresas.<\/p>\n<p>Sin embargo, en seis casos las mismas compa\u00f1\u00edas no permitieron el acceso a sus instalaciones para verificar que suspendieron sus actividades que generan Compuestos Org\u00e1nicos Vol\u00e1tiles y que redujeran sus procesos de combusti\u00f3n entre un 30 y 40 por ciento.<\/p>\n","protected":false},"excerpt":{"rendered":"<p>La Procuradur\u00eda Federal de Protecci\u00f3n al Ambiente (Profepa) clausur\u00f3 una de las seis empresas que se negaron a recibir una visita t\u00e9cnica para determinar el cumplimiento de medidas extraordinarias decretadas durante la pasada Fase 1 de Contingencia Ambiental.<\/p>\n","protected":false},"author":3,"featured_media":265060,"comment_status":"open","ping_status":"open","sticky":false,"template":"","format":"standard","meta":{"_monsterinsights_skip_tracking":false,"footnotes":""},"categories":[3],"tags":[6731,15420,19129],"class_list":["post-264956","post","type-post","status-publish","format-standard","has-post-thumbnail","hentry","category-nacional","tag-clausura","tag-contaminacion","tag-profepa"],"_links":{"self":[{"href":"https:\/\/www.diarioimagen.net\/index.php?rest_route=\/wp\/v2\/posts\/264956","targetHints":{"allow":["GET"]}}],"collection":[{"href":"https:\/\/www.diarioimagen.net\/index.php?rest_route=\/wp\/v2\/posts"}],"about":[{"href":"https:\/\/www.diarioimagen.net\/index.php?rest_route=\/wp\/v2\/types\/post"}],"author":[{"embeddable":true,"href":"https:\/\/www.diarioimagen.net\/index.php?rest_route=\/wp\/v2\/users\/3"}],"replies":[{"embeddable":true,"href":"https:\/\/www.diarioimagen.net\/index.php?rest_route=%2Fwp%2Fv2%2Fcomments&post=264956"}],"version-history":[{"count":0,"href":"https:\/\/www.diarioimagen.net\/index.php?rest_route=\/wp\/v2\/posts\/264956\/revisions"}],"wp:featuredmedia":[{"embeddable":true,"href":"https:\/\/www.diarioimagen.net\/index.php?rest_route=\/wp\/v2\/media\/265060"}],"wp:attachment":[{"href":"https:\/\/www.diarioimagen.net\/index.php?rest_route=%2Fwp%2Fv2%2Fmedia&parent=264956"}],"wp:term":[{"taxonomy":"category","embeddable":true,"href":"https:\/\/www.diarioimagen.net\/index.php?rest_route=%2Fwp%2Fv2%2Fcategories&post=264956"},{"taxonomy":"post_tag","embeddable":true,"href":"https:\/\/www.diarioimagen.net\/index.php?rest_route=%2Fwp%2Fv2%2Ftags&post=264956"}],"curies":[{"name":"wp","href":"https:\/\/api.w.org\/{rel}","templated":true}]}}