{"id":265418,"date":"2016-04-20T00:09:11","date_gmt":"2016-04-20T05:09:11","guid":{"rendered":"http:\/\/www.diarioimagen.net\/?p=265418"},"modified":"2016-04-20T03:35:39","modified_gmt":"2016-04-20T08:35:39","slug":"busca-aldf-reducir-tiempos-en-fiscalizar-la-cuenta-publica","status":"publish","type":"post","link":"https:\/\/www.diarioimagen.net\/?p=265418","title":{"rendered":"Busca ALDF reducir tiempos en fiscalizar la cuenta p\u00fablica"},"content":{"rendered":"<ul>\n<li><strong><em>Aprueban iniciativa<\/em><\/strong><\/li>\n<\/ul>\n<p>&nbsp;<\/p>\n<p><a href=\"http:\/\/www.diarioimagen.net\/?attachment_id=265486\" rel=\"attachment wp-att-265486\"><img loading=\"lazy\" decoding=\"async\" class=\"aligncenter size-large wp-image-265486\" src=\"http:\/\/www.diarioimagen.net\/wp-content\/uploads\/2016\/04\/aldf-2849-420x236.jpg\" alt=\"aldf-2849\" width=\"420\" height=\"236\" srcset=\"https:\/\/www.diarioimagen.net\/wp-content\/uploads\/2016\/04\/aldf-2849-420x236.jpg 420w, https:\/\/www.diarioimagen.net\/wp-content\/uploads\/2016\/04\/aldf-2849-240x135.jpg 240w, https:\/\/www.diarioimagen.net\/wp-content\/uploads\/2016\/04\/aldf-2849-235x132.jpg 235w, https:\/\/www.diarioimagen.net\/wp-content\/uploads\/2016\/04\/aldf-2849-202x114.jpg 202w, https:\/\/www.diarioimagen.net\/wp-content\/uploads\/2016\/04\/aldf-2849-350x196.jpg 350w, https:\/\/www.diarioimagen.net\/wp-content\/uploads\/2016\/04\/aldf-2849-220x123.jpg 220w, https:\/\/www.diarioimagen.net\/wp-content\/uploads\/2016\/04\/aldf-2849-237x132.jpg 237w, https:\/\/www.diarioimagen.net\/wp-content\/uploads\/2016\/04\/aldf-2849.jpg 480w\" sizes=\"auto, (max-width: 420px) 100vw, 420px\" \/><\/a><\/p>\n<p>&nbsp;<\/p>\n<p>El pleno de la Asamblea Legislativa del Distrito Federal (ALDF) aprob\u00f3 una iniciativa\u00a0 para reformar la Constituci\u00f3n y el Estatuto de Gobierno de la capital, a fin de que este \u00f3rgano local tenga la facultad de legislar y determinar los plazos que agilicen la fiscalizaci\u00f3n del ejercicio de los recursos p\u00fabicos en la Ciudad de M\u00e9xico y evitar que su uso indebido quede sin sanci\u00f3n.<\/p>\n<p>Al razonar su voto, el diputado del Partido de la Revoluci\u00f3n Democr\u00e1tica (PRD), Iv\u00e1n Texta Sol\u00eds, promotor de la propuesta, precis\u00f3 que la modificaci\u00f3n del Art\u00edculo 122 de la Carta Magna, permitir\u00e1 que la Asamblea Legislativa\u00a0\u00a0 cumpla su funci\u00f3n de salvaguardar los recursos p\u00fablicos, legislando sobre los t\u00e9rminos de entrega de la Cuenta P\u00fablica y el Informe de Resultados, de conformidad con la Revisi\u00f3n de la Cuenta P\u00fablica Federal, como sucede con las dem\u00e1s entidades federativas de la Rep\u00fablica.<\/p>\n<p>\u201cMientras a nivel federal este proceso dura nueve meses y 20 d\u00edas, en la Ciudad de M\u00e9xico el procedimiento abarca cerca de 13 meses y es omiso en el t\u00e9rmino de la conclusi\u00f3n de la revisi\u00f3n de la Cuenta P\u00fablica. Esa diferencia de cuatro meses genera un desfase que impacta en la prescripci\u00f3n del fincamiento de responsabilidades y en la emisi\u00f3n de observaciones y recomendaciones\u201d, concluy\u00f3.<\/p>\n<p>El tambi\u00e9n presidente de la Comisi\u00f3n de Vigilancia de la Auditor\u00eda Superior de la Ciudad de M\u00e9xico explic\u00f3 en tribuna que la reforma dar\u00e1 a la ALDF la atribuci\u00f3n de determinar los t\u00e9rminos y condiciones en los que deben ser entregados los referidos informes, con plazos que s\u00f3lo podr\u00e1n ser ampliados a solicitud del Ejecutivo local, siendo suficientemente justificado a juicio del \u00f3rgano legislativo.<\/p>\n<p>Adem\u00e1s, que la Asamblea expida las disposiciones legales para organizar a la Hacienda P\u00fablica y a la Entidad de Fiscalizaci\u00f3n local, la cual gozar\u00e1 de autonom\u00eda t\u00e9cnica y presupuestaria, ejerciendo su funci\u00f3n bajo los principios de posterioridad, anualidad, legalidad, imparcialidad y confiabilidad.<\/p>\n<p>Asimismo, agreg\u00f3 Texta Sol\u00eds, que los servidores p\u00fablicos, y cualquier entidad p\u00fablica, persona f\u00edsica o moral, p\u00fablica o privada, fideicomiso, mandato, fondo u otra figura jur\u00eddica, que reciban o ejerzan recursos p\u00fablicos, entreguen la informaci\u00f3n y la documentaci\u00f3n que soliciten las entidades de fiscalizaci\u00f3n, de lo contrario los responsables ser\u00e1n sancionados en los t\u00e9rminos que establezca la ley.<\/p>\n","protected":false},"excerpt":{"rendered":"<p>El pleno de la Asamblea Legislativa del Distrito Federal (ALDF) aprob\u00f3 una iniciativa  para reformar la Constituci\u00f3n y el Estatuto de Gobierno de la capital, a fin de que este \u00f3rgano local tenga la facultad de legislar y determinar los plazos que agilicen la fiscalizaci\u00f3n del ejercicio de los recursos p\u00fabicos en la Ciudad de M\u00e9xico y evitar que su uso indebido quede sin sanci\u00f3n.<\/p>\n","protected":false},"author":3,"featured_media":265486,"comment_status":"open","ping_status":"open","sticky":false,"template":"","format":"standard","meta":{"_monsterinsights_skip_tracking":false,"_monsterinsights_sitenote_active":false,"_monsterinsights_sitenote_note":"","_monsterinsights_sitenote_category":0,"footnotes":""},"categories":[6],"tags":[210,204,22189],"class_list":["post-265418","post","type-post","status-publish","format-standard","has-post-thumbnail","hentry","category-cd-de-mexico","tag-aldf","tag-ciudad-de-mexico","tag-cuenta-publica"],"_links":{"self":[{"href":"https:\/\/www.diarioimagen.net\/index.php?rest_route=\/wp\/v2\/posts\/265418","targetHints":{"allow":["GET"]}}],"collection":[{"href":"https:\/\/www.diarioimagen.net\/index.php?rest_route=\/wp\/v2\/posts"}],"about":[{"href":"https:\/\/www.diarioimagen.net\/index.php?rest_route=\/wp\/v2\/types\/post"}],"author":[{"embeddable":true,"href":"https:\/\/www.diarioimagen.net\/index.php?rest_route=\/wp\/v2\/users\/3"}],"replies":[{"embeddable":true,"href":"https:\/\/www.diarioimagen.net\/index.php?rest_route=%2Fwp%2Fv2%2Fcomments&post=265418"}],"version-history":[{"count":0,"href":"https:\/\/www.diarioimagen.net\/index.php?rest_route=\/wp\/v2\/posts\/265418\/revisions"}],"wp:featuredmedia":[{"embeddable":true,"href":"https:\/\/www.diarioimagen.net\/index.php?rest_route=\/wp\/v2\/media\/265486"}],"wp:attachment":[{"href":"https:\/\/www.diarioimagen.net\/index.php?rest_route=%2Fwp%2Fv2%2Fmedia&parent=265418"}],"wp:term":[{"taxonomy":"category","embeddable":true,"href":"https:\/\/www.diarioimagen.net\/index.php?rest_route=%2Fwp%2Fv2%2Fcategories&post=265418"},{"taxonomy":"post_tag","embeddable":true,"href":"https:\/\/www.diarioimagen.net\/index.php?rest_route=%2Fwp%2Fv2%2Ftags&post=265418"}],"curies":[{"name":"wp","href":"https:\/\/api.w.org\/{rel}","templated":true}]}}