{"id":265598,"date":"2016-04-21T00:03:41","date_gmt":"2016-04-21T05:03:41","guid":{"rendered":"http:\/\/www.diarioimagen.net\/?p=265598"},"modified":"2016-04-21T23:59:56","modified_gmt":"2016-04-22T04:59:56","slug":"van-71-paises-registrados-para-tianguis-turistico-2016","status":"publish","type":"post","link":"https:\/\/www.diarioimagen.net\/?p=265598","title":{"rendered":"Van 71 pa\u00edses registrados para Tianguis Tur\u00edstico 2016"},"content":{"rendered":"<ul>\n<li><strong><em>Guadalajara<\/em><\/strong><\/li>\n<\/ul>\n<p>&nbsp;<\/p>\n<p><a href=\"http:\/\/www.diarioimagen.net\/?attachment_id=265712\" rel=\"attachment wp-att-265712\"><img loading=\"lazy\" decoding=\"async\" class=\"aligncenter size-large wp-image-265712\" src=\"http:\/\/www.diarioimagen.net\/wp-content\/uploads\/2016\/04\/tianguis-2850-420x315.jpg\" alt=\"tianguis-2850\" width=\"420\" height=\"315\" srcset=\"https:\/\/www.diarioimagen.net\/wp-content\/uploads\/2016\/04\/tianguis-2850-420x315.jpg 420w, https:\/\/www.diarioimagen.net\/wp-content\/uploads\/2016\/04\/tianguis-2850-240x180.jpg 240w, https:\/\/www.diarioimagen.net\/wp-content\/uploads\/2016\/04\/tianguis-2850.jpg 480w\" sizes=\"auto, (max-width: 420px) 100vw, 420px\" \/><\/a><\/p>\n<p>&nbsp;<\/p>\n<p>A unos d\u00edas de que inicie el Tianguis Tur\u00edstico 2016, Jalisco est\u00e1 listo para ofrecer la que ser\u00e1 la edici\u00f3n m\u00e1s grande, atractiva y mexicana de la historia de este foro de negocios, afirm\u00f3 el secretario de Turismo de Jalisco, Enrique Ramos.<\/p>\n<p>Dijo que el encuentro, el cual se realizar\u00e1 del 25 al 28 de abril pr\u00f3ximo en Guadalajara, romper\u00e1 r\u00e9cord de asistencia al contar con la participaci\u00f3n de 3 mil 100 expositores, 785 empresas y m\u00e1s de mil 400 compradores.<\/p>\n<p>\u201cEl n\u00famero de pa\u00edses que estar\u00e1n presentes aument\u00f3: La expectativa era 65 y ya somos 71 pa\u00edses registrados. El n\u00famero de citas tambi\u00e9n creci\u00f3 a 35 mil, lo cual es importante porque el prop\u00f3sito de estos eventos es que los compradores tengan contacto con la oferta, no solo de Jalisco sino tambi\u00e9n de todo el pa\u00eds\u201d, destac\u00f3.<\/p>\n<p>El funcionario estatal resalt\u00f3 que entre las novedades que presentar\u00e1 este a\u00f1o el Tianguis Tur\u00edstico est\u00e1n la participaci\u00f3n de la Alianza del Pac\u00edfico, conformada por Chile, Colombia, M\u00e9xico y Per\u00fa.<\/p>\n<p>\u201cPor primera vez tendremos a estos pa\u00edses con su oferta, lo cual despertar\u00e1 inter\u00e9s, ya que no hay precedente de que esto haya pasado en alg\u00fan Tianguis Tur\u00edstico\u201d, mencion\u00f3.<\/p>\n<p>Este foro de negocios tambi\u00e9n ser\u00e1 marco para que el presidente Enrique Pe\u00f1a Nieto presente un programa de turismo social, mismo que se comprometi\u00f3 a realizar en la edici\u00f3n pasada del Tianguis Tur\u00edstico, celebrado en Acapulco, Guerrero.<\/p>\n<p>Por otra parte, el titular de la Secretar\u00eda de Turismo (Sectur), Enrique de la Madrid, coment\u00f3 que el programa tendr\u00e1 como principal objetivo que m\u00e1s mexicanos viajen por el pa\u00eds. \u201cSe dirigir\u00e1 a los mexicanos menos favorecidos y con menos oportunidades, pero no ser\u00e1 exclusivamente para ellos\u201d.<\/p>\n<p>El programa, que contar\u00e1 con una campa\u00f1a publicitaria, estimular\u00e1 el viaje de los mexicanos, resalt\u00f3.<\/p>\n<p>\u201cEste ser\u00e1 el compromiso cumplido, anunciado y el arranque de un programa, el cual no es del tipo gubernamental, sino que esperamos llegue m\u00e1s all\u00e1\u201d, adelant\u00f3 De la Madrid.<\/p>\n<p>Entre las actividades del programa, el cual incluye diversas conferencias en las que se abordar\u00e1n: marketing tur\u00edstico, segmentos especializados, turismo de reuniones y de romance, entre otros temas, destaca la reuni\u00f3n de la Conferencia Nacional de Gobernadores (Conago), en la que se espera participen 20 titulares de gobierno.<\/p>\n<p>Con el objetivo de hacer de esta 41 edici\u00f3n, la m\u00e1s mexicana de la historia, Jalisco ofrecer\u00e1 un c\u00f3ctel de bienvenida, en el que dar\u00e1 una muestra de las tradiciones nacionales.<\/p>\n","protected":false},"excerpt":{"rendered":"<p>A unos d\u00edas de que inicie el Tianguis Tur\u00edstico 2016, Jalisco est\u00e1 listo para ofrecer la que ser\u00e1 la edici\u00f3n m\u00e1s grande, atractiva y mexicana de la historia de este foro de negocios, afirm\u00f3 el secretario de Turismo de Jalisco, Enrique Ramos.<\/p>\n","protected":false},"author":3,"featured_media":265712,"comment_status":"open","ping_status":"open","sticky":false,"template":"","format":"standard","meta":{"_monsterinsights_skip_tracking":false,"_monsterinsights_sitenote_active":false,"_monsterinsights_sitenote_note":"","_monsterinsights_sitenote_category":0,"footnotes":""},"categories":[11],"tags":[2821,43673,16876,43681],"class_list":["post-265598","post","type-post","status-publish","format-standard","has-post-thumbnail","hentry","category-turismo","tag-guadalajara","tag-nacional","tag-tianguis-turistico","tag-turismo"],"_links":{"self":[{"href":"https:\/\/www.diarioimagen.net\/index.php?rest_route=\/wp\/v2\/posts\/265598","targetHints":{"allow":["GET"]}}],"collection":[{"href":"https:\/\/www.diarioimagen.net\/index.php?rest_route=\/wp\/v2\/posts"}],"about":[{"href":"https:\/\/www.diarioimagen.net\/index.php?rest_route=\/wp\/v2\/types\/post"}],"author":[{"embeddable":true,"href":"https:\/\/www.diarioimagen.net\/index.php?rest_route=\/wp\/v2\/users\/3"}],"replies":[{"embeddable":true,"href":"https:\/\/www.diarioimagen.net\/index.php?rest_route=%2Fwp%2Fv2%2Fcomments&post=265598"}],"version-history":[{"count":0,"href":"https:\/\/www.diarioimagen.net\/index.php?rest_route=\/wp\/v2\/posts\/265598\/revisions"}],"wp:featuredmedia":[{"embeddable":true,"href":"https:\/\/www.diarioimagen.net\/index.php?rest_route=\/wp\/v2\/media\/265712"}],"wp:attachment":[{"href":"https:\/\/www.diarioimagen.net\/index.php?rest_route=%2Fwp%2Fv2%2Fmedia&parent=265598"}],"wp:term":[{"taxonomy":"category","embeddable":true,"href":"https:\/\/www.diarioimagen.net\/index.php?rest_route=%2Fwp%2Fv2%2Fcategories&post=265598"},{"taxonomy":"post_tag","embeddable":true,"href":"https:\/\/www.diarioimagen.net\/index.php?rest_route=%2Fwp%2Fv2%2Ftags&post=265598"}],"curies":[{"name":"wp","href":"https:\/\/api.w.org\/{rel}","templated":true}]}}