{"id":265600,"date":"2016-04-21T00:05:10","date_gmt":"2016-04-21T05:05:10","guid":{"rendered":"http:\/\/www.diarioimagen.net\/?p=265600"},"modified":"2016-04-22T00:00:08","modified_gmt":"2016-04-22T05:00:08","slug":"disminuyen-indices-de-carencia-alimentaria","status":"publish","type":"post","link":"https:\/\/www.diarioimagen.net\/?p=265600","title":{"rendered":"Disminuyen \u00edndices de carencia alimentaria"},"content":{"rendered":"<ul>\n<li><strong><em>En el \u00faltimo lustro, destaca Mancera<\/em><\/strong><\/li>\n<\/ul>\n<p>&nbsp;<\/p>\n<div id=\"attachment_265715\" style=\"width: 430px\" class=\"wp-caption aligncenter\"><a href=\"http:\/\/www.diarioimagen.net\/?attachment_id=265715\" rel=\"attachment wp-att-265715\"><img loading=\"lazy\" decoding=\"async\" aria-describedby=\"caption-attachment-265715\" class=\"size-large wp-image-265715\" src=\"http:\/\/www.diarioimagen.net\/wp-content\/uploads\/2016\/04\/MANCERA-2850-420x236.jpg\" alt=\"El jefe de gobierno, Miguel \u00c1ngel Mancera, firm\u00f3 un convenio con el Coneval para analizar los indicadores en materia de alimentaci\u00f3n de los capitalinos y poder medir la pobreza multidimensional.\" width=\"420\" height=\"236\" srcset=\"https:\/\/www.diarioimagen.net\/wp-content\/uploads\/2016\/04\/MANCERA-2850-420x236.jpg 420w, https:\/\/www.diarioimagen.net\/wp-content\/uploads\/2016\/04\/MANCERA-2850-240x135.jpg 240w, https:\/\/www.diarioimagen.net\/wp-content\/uploads\/2016\/04\/MANCERA-2850-235x132.jpg 235w, https:\/\/www.diarioimagen.net\/wp-content\/uploads\/2016\/04\/MANCERA-2850-202x114.jpg 202w, https:\/\/www.diarioimagen.net\/wp-content\/uploads\/2016\/04\/MANCERA-2850-350x196.jpg 350w, https:\/\/www.diarioimagen.net\/wp-content\/uploads\/2016\/04\/MANCERA-2850-220x123.jpg 220w, https:\/\/www.diarioimagen.net\/wp-content\/uploads\/2016\/04\/MANCERA-2850-237x132.jpg 237w, https:\/\/www.diarioimagen.net\/wp-content\/uploads\/2016\/04\/MANCERA-2850.jpg 480w\" sizes=\"auto, (max-width: 420px) 100vw, 420px\" \/><\/a><p id=\"caption-attachment-265715\" class=\"wp-caption-text\">El jefe de gobierno, Miguel \u00c1ngel Mancera, firm\u00f3 un convenio con el Coneval para analizar los indicadores en materia de alimentaci\u00f3n de los capitalinos y poder medir la pobreza multidimensional.<\/p><\/div>\n<p>&nbsp;<\/p>\n<p>El jefe de gobierno capitalino, Miguel \u00c1ngel Mancera Espinosa, asegur\u00f3 que en el \u00faltimo lustro, la Ciudad de M\u00e9xico ha tenido una reducci\u00f3n de 13 a 11.7 por ciento en los \u00edndices de poblaci\u00f3n con carencia alimentaria.<\/p>\n<p>Al presidir la firma del convenio entre los consejos Nacional de Evaluaci\u00f3n de la Pol\u00edtica de Desarrollo Social (Coneval) y de Evaluaci\u00f3n del Desarrollo Social local (Eval\u00faa), dijo que lograr una reducci\u00f3n mayor a este porcentaje es una tarea complicada porque de manera permanente se debe evaluar la mejor forma de ser eficaz y efectivo.<\/p>\n<p>Acompa\u00f1ado por el secretario ejecutivo del Coneval, Gonzalo Hern\u00e1ndez Licona, y el director general del Consejo de Eval\u00faa, Jos\u00e9 Arturo Cer\u00f3n Vargas, afirm\u00f3 que con este convenio se trabajar\u00e1 de manera intensa en ver los resultados de los indicadores y se tendr\u00e1 en cuenta la medici\u00f3n de la pobreza multidimensional en la ciudad.<\/p>\n<p>Se\u00f1al\u00f3 que permitir\u00e1 un avance sustancial en las pol\u00edticas p\u00fablicas de desarrollo social de la ciudad, y dar pasos seguros en las acciones que se ponen en marcha y se establece el compromiso de asistencia t\u00e9cnica del Coneval para que el \u00e1rea de desarrollo social de la ciudad tenga m\u00e1s capacitaci\u00f3n y capacidad para evaluar pol\u00edticas p\u00fablicas.<\/p>\n<p>\u201cHoy la Ciudad de M\u00e9xico quiere contribuir en esta metodolog\u00eda para poder medir con toda precisi\u00f3n el bienestar, el bienestar social en la capital de la Rep\u00fablica\u201d, se\u00f1al\u00f3.<\/p>\n<p>\u201cNo es simplemente un convenio m\u00e1s, sino es un convenio que va a reforzar con toda seguridad este trabajo que queremos que sea transparente, efectivo, t\u00e9cnico y queremos llegar a quienes verdaderamente necesitan de estos programas\u201d.<\/p>\n<p>&nbsp;<\/p>\n","protected":false},"excerpt":{"rendered":"<p>El jefe de gobierno capitalino, Miguel \u00c1ngel Mancera Espinosa, asegur\u00f3 que en el \u00faltimo lustro, la Ciudad de M\u00e9xico ha tenido una reducci\u00f3n de 13 a 11.7 por ciento en los \u00edndices de poblaci\u00f3n con carencia alimentaria.<\/p>\n","protected":false},"author":3,"featured_media":265715,"comment_status":"open","ping_status":"open","sticky":false,"template":"","format":"standard","meta":{"_monsterinsights_skip_tracking":false,"_monsterinsights_sitenote_active":false,"_monsterinsights_sitenote_note":"","_monsterinsights_sitenote_category":0,"footnotes":""},"categories":[6],"tags":[204,38085,5314],"class_list":["post-265600","post","type-post","status-publish","format-standard","has-post-thumbnail","hentry","category-cd-de-mexico","tag-ciudad-de-mexico","tag-disminuye","tag-miguel-angel-mancera-espinosa"],"_links":{"self":[{"href":"https:\/\/www.diarioimagen.net\/index.php?rest_route=\/wp\/v2\/posts\/265600","targetHints":{"allow":["GET"]}}],"collection":[{"href":"https:\/\/www.diarioimagen.net\/index.php?rest_route=\/wp\/v2\/posts"}],"about":[{"href":"https:\/\/www.diarioimagen.net\/index.php?rest_route=\/wp\/v2\/types\/post"}],"author":[{"embeddable":true,"href":"https:\/\/www.diarioimagen.net\/index.php?rest_route=\/wp\/v2\/users\/3"}],"replies":[{"embeddable":true,"href":"https:\/\/www.diarioimagen.net\/index.php?rest_route=%2Fwp%2Fv2%2Fcomments&post=265600"}],"version-history":[{"count":0,"href":"https:\/\/www.diarioimagen.net\/index.php?rest_route=\/wp\/v2\/posts\/265600\/revisions"}],"wp:featuredmedia":[{"embeddable":true,"href":"https:\/\/www.diarioimagen.net\/index.php?rest_route=\/wp\/v2\/media\/265715"}],"wp:attachment":[{"href":"https:\/\/www.diarioimagen.net\/index.php?rest_route=%2Fwp%2Fv2%2Fmedia&parent=265600"}],"wp:term":[{"taxonomy":"category","embeddable":true,"href":"https:\/\/www.diarioimagen.net\/index.php?rest_route=%2Fwp%2Fv2%2Fcategories&post=265600"},{"taxonomy":"post_tag","embeddable":true,"href":"https:\/\/www.diarioimagen.net\/index.php?rest_route=%2Fwp%2Fv2%2Ftags&post=265600"}],"curies":[{"name":"wp","href":"https:\/\/api.w.org\/{rel}","templated":true}]}}