{"id":265606,"date":"2016-04-21T00:02:17","date_gmt":"2016-04-21T05:02:17","guid":{"rendered":"http:\/\/www.diarioimagen.net\/?p=265606"},"modified":"2016-04-21T05:10:41","modified_gmt":"2016-04-21T10:10:41","slug":"integrantes-de-reco-nepal-visitaron-facultad-de-turismo-y-gastronomia-de-uaem","status":"publish","type":"post","link":"https:\/\/www.diarioimagen.net\/?p=265606","title":{"rendered":"Integrantes de RECO-Nepal visitaron Facultad de Turismo y Gastronom\u00eda de UAEM"},"content":{"rendered":"<p><a href=\"http:\/\/www.diarioimagen.net\/?attachment_id=265663\" rel=\"attachment wp-att-265663\"><img loading=\"lazy\" decoding=\"async\" class=\"aligncenter size-large wp-image-265663\" src=\"http:\/\/www.diarioimagen.net\/wp-content\/uploads\/2016\/04\/UAEM-2850-420x236.jpg\" alt=\"UAEM-2850\" width=\"420\" height=\"236\" srcset=\"https:\/\/www.diarioimagen.net\/wp-content\/uploads\/2016\/04\/UAEM-2850-420x236.jpg 420w, https:\/\/www.diarioimagen.net\/wp-content\/uploads\/2016\/04\/UAEM-2850-240x135.jpg 240w, https:\/\/www.diarioimagen.net\/wp-content\/uploads\/2016\/04\/UAEM-2850-480x270.jpg 480w, https:\/\/www.diarioimagen.net\/wp-content\/uploads\/2016\/04\/UAEM-2850-235x132.jpg 235w, https:\/\/www.diarioimagen.net\/wp-content\/uploads\/2016\/04\/UAEM-2850-202x114.jpg 202w, https:\/\/www.diarioimagen.net\/wp-content\/uploads\/2016\/04\/UAEM-2850-350x196.jpg 350w, https:\/\/www.diarioimagen.net\/wp-content\/uploads\/2016\/04\/UAEM-2850-220x123.jpg 220w, https:\/\/www.diarioimagen.net\/wp-content\/uploads\/2016\/04\/UAEM-2850-237x132.jpg 237w, https:\/\/www.diarioimagen.net\/wp-content\/uploads\/2016\/04\/UAEM-2850.jpg 700w\" sizes=\"auto, (max-width: 420px) 100vw, 420px\" \/><\/a><\/p>\n<p>&nbsp;<\/p>\n<p>Integrantes de la Organizaci\u00f3n RECO-Nepal, dedicada a la investigaci\u00f3n y conservaci\u00f3n de la naturaleza, visitaron la Facultad de Turismo y Gastronom\u00eda de la Universidad Aut\u00f3noma del Estado de M\u00e9xico, con el objetivo de llevar a cabo un intercambio gastron\u00f3mico y cultural, adem\u00e1s de fortalecer los v\u00ednculos entre ambas instituciones.<\/p>\n","protected":false},"excerpt":{"rendered":"<p>Integrantes de la Organizaci\u00f3n RECO-Nepal, dedicada a la investigaci\u00f3n y conservaci\u00f3n de la naturaleza, visitaron la Facultad de Turismo y Gastronom\u00eda de la Universidad Aut\u00f3noma del Estado de M\u00e9xico, con el objetivo de llevar a cabo un intercambio gastron\u00f3mico y cultural, adem\u00e1s de fortalecer los v\u00ednculos entre ambas instituciones.<\/p>\n","protected":false},"author":3,"featured_media":265663,"comment_status":"open","ping_status":"open","sticky":false,"template":"","format":"standard","meta":{"_monsterinsights_skip_tracking":false,"_monsterinsights_sitenote_active":false,"_monsterinsights_sitenote_note":"","_monsterinsights_sitenote_category":0,"footnotes":""},"categories":[35155],"tags":[43675,4361,1491],"class_list":["post-265606","post","type-post","status-publish","format-standard","has-post-thumbnail","hentry","category-estado-de-mexico-estado-de-mexico","tag-estado-de-mexico","tag-nepal","tag-uaem"],"_links":{"self":[{"href":"https:\/\/www.diarioimagen.net\/index.php?rest_route=\/wp\/v2\/posts\/265606","targetHints":{"allow":["GET"]}}],"collection":[{"href":"https:\/\/www.diarioimagen.net\/index.php?rest_route=\/wp\/v2\/posts"}],"about":[{"href":"https:\/\/www.diarioimagen.net\/index.php?rest_route=\/wp\/v2\/types\/post"}],"author":[{"embeddable":true,"href":"https:\/\/www.diarioimagen.net\/index.php?rest_route=\/wp\/v2\/users\/3"}],"replies":[{"embeddable":true,"href":"https:\/\/www.diarioimagen.net\/index.php?rest_route=%2Fwp%2Fv2%2Fcomments&post=265606"}],"version-history":[{"count":0,"href":"https:\/\/www.diarioimagen.net\/index.php?rest_route=\/wp\/v2\/posts\/265606\/revisions"}],"wp:featuredmedia":[{"embeddable":true,"href":"https:\/\/www.diarioimagen.net\/index.php?rest_route=\/wp\/v2\/media\/265663"}],"wp:attachment":[{"href":"https:\/\/www.diarioimagen.net\/index.php?rest_route=%2Fwp%2Fv2%2Fmedia&parent=265606"}],"wp:term":[{"taxonomy":"category","embeddable":true,"href":"https:\/\/www.diarioimagen.net\/index.php?rest_route=%2Fwp%2Fv2%2Fcategories&post=265606"},{"taxonomy":"post_tag","embeddable":true,"href":"https:\/\/www.diarioimagen.net\/index.php?rest_route=%2Fwp%2Fv2%2Ftags&post=265606"}],"curies":[{"name":"wp","href":"https:\/\/api.w.org\/{rel}","templated":true}]}}