{"id":265795,"date":"2016-04-22T00:01:39","date_gmt":"2016-04-22T05:01:39","guid":{"rendered":"http:\/\/www.diarioimagen.net\/?p=265795"},"modified":"2016-04-24T23:35:31","modified_gmt":"2016-04-25T04:35:31","slug":"lanzan-los-secretarios-de-la-madrid-y-videgaray-el-programa-mejora-tu-hotel-que-apoyara-con-financiamiento-a-hoteles-pequenos-y-medianos","status":"publish","type":"post","link":"https:\/\/www.diarioimagen.net\/?p=265795","title":{"rendered":"Lanzan los secretarios De la Madrid y Videgaray el programa Mejora tu Hotel, que apoyar\u00e1 con financiamiento a hoteles peque\u00f1os y medianos"},"content":{"rendered":"<h2>De cinco estrellas<\/h2>\n<h5>Victoria Gonz\u00e1lez Prado<\/h5>\n<p>&nbsp;<\/p>\n<ul>\n<li><strong><em>Durante el II Foro Mundial de la OMT, Lima, Per\u00fa, se convertir\u00e1 en Capital Internacional del Turismo Gastron\u00f3mico<\/em><\/strong><\/li>\n<\/ul>\n<p>&nbsp;<\/p>\n<div id=\"attachment_265826\" style=\"width: 430px\" class=\"wp-caption aligncenter\"><a href=\"http:\/\/www.diarioimagen.net\/?attachment_id=265826\" rel=\"attachment wp-att-265826\"><img loading=\"lazy\" decoding=\"async\" aria-describedby=\"caption-attachment-265826\" class=\"size-large wp-image-265826\" src=\"http:\/\/www.diarioimagen.net\/wp-content\/uploads\/2016\/04\/turismo-2851-420x236.jpg\" alt=\"Durante la presentaci\u00f3n del programa Mejora tu Hotel.\" width=\"420\" height=\"236\" srcset=\"https:\/\/www.diarioimagen.net\/wp-content\/uploads\/2016\/04\/turismo-2851-420x236.jpg 420w, https:\/\/www.diarioimagen.net\/wp-content\/uploads\/2016\/04\/turismo-2851-240x135.jpg 240w, https:\/\/www.diarioimagen.net\/wp-content\/uploads\/2016\/04\/turismo-2851-235x132.jpg 235w, https:\/\/www.diarioimagen.net\/wp-content\/uploads\/2016\/04\/turismo-2851-202x114.jpg 202w, https:\/\/www.diarioimagen.net\/wp-content\/uploads\/2016\/04\/turismo-2851-350x196.jpg 350w, https:\/\/www.diarioimagen.net\/wp-content\/uploads\/2016\/04\/turismo-2851-220x123.jpg 220w, https:\/\/www.diarioimagen.net\/wp-content\/uploads\/2016\/04\/turismo-2851-237x132.jpg 237w, https:\/\/www.diarioimagen.net\/wp-content\/uploads\/2016\/04\/turismo-2851.jpg 480w\" sizes=\"auto, (max-width: 420px) 100vw, 420px\" \/><\/a><p id=\"caption-attachment-265826\" class=\"wp-caption-text\">Durante la presentaci\u00f3n del programa Mejora tu Hotel.<\/p><\/div>\n<p>&nbsp;<\/p>\n<p>Los secretarios de Turismo (Sectur) y Hacienda (SHCP), <strong>Enrique de la Madrid<\/strong> y <strong>Luis Videgaray<\/strong>, respectivamente, dieron a conocer el programa Mejora tu Hotel, con el que los hoteles podr\u00e1n tener acceso a cr\u00e9ditos que les permitan mejorar su infraestructura.<\/p>\n<p>\u201cEl programa tiene como principal prop\u00f3sito apoyar con financiamiento a peque\u00f1os y medianos hoteles\u201d, dijo el titular de Turismo, pues \u201cel 97 por ciento de los hoteles tiene un promedio de 37 cuartos por inmueble, es decir, son hoteles peque\u00f1os, y s\u00f3lo 10 por ciento pertenece a alguna cadena hotelera\u201d.<\/p>\n<p>\u201cSi el promedio (de cada financiamiento), son alrededor de 60 millones de pesos, en lo que resta del a\u00f1o deber\u00edamos de aspirar a 50 (cr\u00e9ditos)\u201d, dijo el funcionario en la presentaci\u00f3n del programa.<\/p>\n<p>Adem\u00e1s, se dieron a conocer los dos primeros cr\u00e9ditos otorgados: el primero de Banorte por 60 millones de pesos para el hotel\u00a0<em>Holiday Inn Express M\u00e9rida<\/em>\u00a0y el segundo de BanRegio, por 48 millones de pesos para el Hotel Plaza Quer\u00e9taro,\u00a0ambos a un plazo de 10 a\u00f1os.<\/p>\n<p><strong>De la Madrid<\/strong>, en su intervenci\u00f3n, dijo tambi\u00e9n que el a\u00f1o pasado M\u00e9xico recibi\u00f3 32 millones de visitantes extranjeros y en tres a\u00f1os, entre 2012 y 2015, los turistas internacionales aumentaron tres veces m\u00e1s. Adem\u00e1s, en 2015 se realizaron 164 mil vuelos desde y hacia el extranjero, es decir, 63% m\u00e1s.<\/p>\n<p>El prop\u00f3sito de este programa es mejorar la infraestructura hotelera, para asegurarse de que los aspirantes est\u00e9n en condiciones de seguir compitiendo en una industria que aporta m\u00e1s del 8% del PIB y genera empleos directos para m\u00e1s de 3.8 millones de mexicanos.<\/p>\n<p>\u201cEstamos apoyando a la\u00a0industria hotelera mediana y peque\u00f1a, porque los grandes hoteles traen financiamiento de la banca de desarrollo y comercial. Aqu\u00ed nos enfocamos en esos hoteles de 37 habitaciones (que es el promedio nacional) y que tienen que sofisticarse y modernizarse por la competencia con otros hoteles y alternativas no hoteleras, como <em>Airbnb<\/em>\u201d, agreg\u00f3 <strong>De la Madrid Cordero<\/strong>.<\/p>\n<p>De los cambios que se dar\u00e1n con el programa, dijo, destacan los plazos de hasta 10 a\u00f1os para pagar el financiamiento, los cuales han crecido\u00a0\u00a0 paulatinamente y con tasas de inter\u00e9s de hasta 6 por ciento, cuando antes estaban en 8 por ciento.<\/p>\n<p>En su oportunidad,<strong> Luis Videgaray<\/strong> indic\u00f3 que el turismo es uno de los sectores m\u00e1s grandes en la generaci\u00f3n de valor y empleo y al lanzar el programa es porque creemos que en M\u00e9xico el turismo est\u00e1 creciendo con dinamismo en todo el pa\u00eds.<\/p>\n<p>\u201cEl\u00a0turismo\u00a0es uno de los sectores que ha sido designado por el Comit\u00e9 Nacional de Productividad, como estrat\u00e9gico para conducir los esfuerzos coordinados del sector p\u00fablico, privado, los trabajadores y la toda la cadena con medidas concretas para elevar la productividad\u201d.<\/p>\n<p>De igual forma, el titular de Hacienda indic\u00f3 que el impulso a esta industria es b\u00e1sico, \u201cel flujo de visitantes a M\u00e9xico est\u00e1 creciendo. Y para apoyar al sector tur\u00edstico, la alianza estrat\u00e9gica entre la banca de desarrollo y la banca comercial es b\u00e1sica. Ese apoyo, no habr\u00eda sido posible sin la reforma financiera\u201d.<\/p>\n<p>Con esta alianza, los due\u00f1os de hoteles podr\u00e1n solicitar pr\u00e9stamos en los que participe Bancomext, y si se trata de pr\u00e9stamos mayores, asegur\u00f3 <strong>Videgaray<\/strong>, el pr\u00e9stamo puede ser directo del banco.<\/p>\n<p>Los cr\u00e9ditos, dijo, estar\u00e1n en la moneda que les convenga a los hoteleros, pues si un establecimiento tiene ingresos sobre en d\u00f3lares, podr\u00e1 tener pr\u00e9stamo en d\u00f3lares; pero si su ingreso es en pesos, el cr\u00e9dito puede ser otorgado en pesos.<\/p>\n<p>\u201cEs la oportunidad de elevar las condiciones de valor y elevaci\u00f3n de los salarios en el sector que emplea directamente a casi 4 millones de mexicanos\u201d.<\/p>\n<p>El programa Mejora tu Hotel se anuncia antes de que inicie el Tianguis Tur\u00edstico, en Guadalajara, y el objetivo es que con los apoyos todos los hoteles est\u00e9n listos para\u00a0 participar en la nueva clasificaci\u00f3n hotelera que, anticipan los involucrados, tendr\u00e1 grandes beneficios para los usuarios.<\/p>\n<p>\u2730\u2730\u2730\u2730\u2730 Lima, Per\u00fa, se convertir\u00e1 en la Capital Internacional del Turismo Gastron\u00f3mico, gracias a la celebraci\u00f3n del II Foro Mundial de la Organizaci\u00f3n Mundial de Turismo (OMT), que abordar\u00e1 esta tem\u00e1tica del 27 al 29 de abril pr\u00f3ximo, evento organizado por la OMT, el <em>Basque Culinary Center<\/em> y el gobierno de Per\u00fa, por medio de PromPer\u00fa.<\/p>\n<p>Con el objetivo de contribuir al desarrollo del segmento, pero tambi\u00e9n de ofrecer una plataforma de intercambio de experiencias y buenas pr\u00e1cticas llevadas a cabo en todo el mundo, el Foro de Turismo Gastron\u00f3mico centra todas las miradas en Lima, que acoger\u00e1 a referentes internacionales de los sectores gastron\u00f3mico y tur\u00edstico. Ambas \u00e1reas comparten intereses y p\u00fablico y por tanto aparecen como aliadas estrat\u00e9gicas en la gesti\u00f3n de destinos.<\/p>\n<p>Es precisamente al auge del turismo gastron\u00f3mico y c\u00f3mo \u00e9ste puede revitalizar la percepci\u00f3n de los destinos el tema que <strong>Joxe Mari Aizega,<\/strong> director del <em>Basque Culinary Center,<\/em> eligi\u00f3 para su presentaci\u00f3n, aludiendo a la referencia que supone en esta disciplina el Pa\u00eds Vasco y Espa\u00f1a en su conjunto.<\/p>\n<p>Profesionales del turismo gastron\u00f3mico procedentes de pa\u00edses como Espa\u00f1a, Francia, Jap\u00f3n, M\u00e9xico y otros, compartir\u00e1n sus experiencias en Per\u00fa, que busca convertirse en referente del turismo gastron\u00f3mico en esta cita.<\/p>\n<p>En la apertura del foro intervendr\u00e1n la ministra de Comercio Exterior y Turismo del Per\u00fa, <strong>Magali Silva Velarde-\u00c1lvarez<\/strong>, y <strong>Carlos Vogeler<\/strong>, director\u2013secretario ejecutivo de Relaciones con los miembros de la OMT.<\/p>\n<p>La primera jornada contar\u00e1 con la presencia del chef peruano <strong>Gast\u00f3n Acurio<\/strong>, la directora del programa de miembros afiliados de la OMT, <strong>Yolanda Perdomo<\/strong> y el director de <em>Basque Culinary Center<\/em>, <strong>Joxe Mari Aizega<\/strong>, que abordar\u00e1n temas, como los retos del Turismo Gastron\u00f3mico.<\/p>\n<p>En las jornadas posteriores el foro recibir\u00e1 a <strong>Jos\u00e9 Salvador S\u00e1nchez Estrada<\/strong>,\u00a0 subsecretario de Calidad y Regulaci\u00f3n de la Secretar\u00eda de Turismo (Sectur) M\u00e9xico; <strong>Ver\u00f3nica Mausbach<\/strong>, directora de Vintura, agencia de viajes especializada en el tour del vino en Mendoza, la regi\u00f3n m\u00e1s vitivin\u00edcola de Argentina, y\u00a0<strong>Rafael Ans\u00f3n,<\/strong>\u00a0presidente de la Real Academia de Gastronom\u00eda Espa\u00f1ola y Europea, entre otros.<\/p>\n<p>Se contar\u00e1 con la participaci\u00f3n de chefs de reconocido prestigio internacional, como:<strong> Mitsuharu Tsumura <\/strong>e<strong>\u00a0<\/strong><strong>Isabel<\/strong> <strong>\u00c1lvarez<\/strong>, quienes tendr\u00e1n un lugar destacado en el foro, en una \u00e9poca en que la gastronom\u00eda peruana ha obtenido una gran reputaci\u00f3n internacional por la variedad y calidad de su cocina.<\/p>\n<p><em><i><a href=\"mailto:victoriagprado@gmail.com\" target=\"_blank\">victoriagprado@gmail.com<\/a><\/i><\/em><br \/>\nTwitter: <em><a href=\"https:\/\/twitter.com\/victoriagprado\" target=\"_blank\">@victoriagprado<\/a><\/em><\/p>\n","protected":false},"excerpt":{"rendered":"<p>Los secretarios de Turismo (Sectur) y Hacienda (SHCP), <strong>Enrique de la Madrid<\/strong> y <strong>Luis Videgaray<\/strong>, respectivamente, dieron a conocer el programa Mejora tu Hotel, con el que los hoteles podr\u00e1n tener acceso a cr\u00e9ditos que les permitan mejorar su infraestructura.<\/p>\n","protected":false},"author":3,"featured_media":265826,"comment_status":"open","ping_status":"open","sticky":false,"template":"","format":"standard","meta":{"_monsterinsights_skip_tracking":false,"_monsterinsights_sitenote_active":false,"_monsterinsights_sitenote_note":"","_monsterinsights_sitenote_category":0,"footnotes":""},"categories":[11],"tags":[107,43674,43681,106],"class_list":["post-265795","post","type-post","status-publish","format-standard","has-post-thumbnail","hentry","category-turismo","tag-de-cinco-estrellas","tag-opinion","tag-turismo","tag-victoria-gonzalez-prado"],"_links":{"self":[{"href":"https:\/\/www.diarioimagen.net\/index.php?rest_route=\/wp\/v2\/posts\/265795","targetHints":{"allow":["GET"]}}],"collection":[{"href":"https:\/\/www.diarioimagen.net\/index.php?rest_route=\/wp\/v2\/posts"}],"about":[{"href":"https:\/\/www.diarioimagen.net\/index.php?rest_route=\/wp\/v2\/types\/post"}],"author":[{"embeddable":true,"href":"https:\/\/www.diarioimagen.net\/index.php?rest_route=\/wp\/v2\/users\/3"}],"replies":[{"embeddable":true,"href":"https:\/\/www.diarioimagen.net\/index.php?rest_route=%2Fwp%2Fv2%2Fcomments&post=265795"}],"version-history":[{"count":0,"href":"https:\/\/www.diarioimagen.net\/index.php?rest_route=\/wp\/v2\/posts\/265795\/revisions"}],"wp:featuredmedia":[{"embeddable":true,"href":"https:\/\/www.diarioimagen.net\/index.php?rest_route=\/wp\/v2\/media\/265826"}],"wp:attachment":[{"href":"https:\/\/www.diarioimagen.net\/index.php?rest_route=%2Fwp%2Fv2%2Fmedia&parent=265795"}],"wp:term":[{"taxonomy":"category","embeddable":true,"href":"https:\/\/www.diarioimagen.net\/index.php?rest_route=%2Fwp%2Fv2%2Fcategories&post=265795"},{"taxonomy":"post_tag","embeddable":true,"href":"https:\/\/www.diarioimagen.net\/index.php?rest_route=%2Fwp%2Fv2%2Ftags&post=265795"}],"curies":[{"name":"wp","href":"https:\/\/api.w.org\/{rel}","templated":true}]}}