{"id":265814,"date":"2016-04-22T00:03:55","date_gmt":"2016-04-22T05:03:55","guid":{"rendered":"http:\/\/www.diarioimagen.net\/?p=265814"},"modified":"2016-04-22T06:23:34","modified_gmt":"2016-04-22T11:23:34","slug":"entregan-mas-patrullas-de-seguridad-ciudadana","status":"publish","type":"post","link":"https:\/\/www.diarioimagen.net\/?p=265814","title":{"rendered":"Entregan m\u00e1s patrullas de Seguridad Ciudadana"},"content":{"rendered":"<ul>\n<li><strong><em>Para reforzar vigilancia en Tecamachalco<\/em><\/strong><\/li>\n<\/ul>\n<p>&nbsp;<\/p>\n<div id=\"attachment_265843\" style=\"width: 430px\" class=\"wp-caption aligncenter\"><a href=\"http:\/\/www.diarioimagen.net\/?attachment_id=265843\" rel=\"attachment wp-att-265843\"><img loading=\"lazy\" decoding=\"async\" aria-describedby=\"caption-attachment-265843\" class=\"size-large wp-image-265843\" src=\"http:\/\/www.diarioimagen.net\/wp-content\/uploads\/2016\/04\/NAUCALPAN-2851-420x236.jpg\" alt=\"El gobierno de Naucalpan entreg\u00f3 m\u00e1s patrullas de seguridad ciudadana en el fraccionamiento de Tecamachalco.\" width=\"420\" height=\"236\" srcset=\"https:\/\/www.diarioimagen.net\/wp-content\/uploads\/2016\/04\/NAUCALPAN-2851-420x236.jpg 420w, https:\/\/www.diarioimagen.net\/wp-content\/uploads\/2016\/04\/NAUCALPAN-2851-240x135.jpg 240w, https:\/\/www.diarioimagen.net\/wp-content\/uploads\/2016\/04\/NAUCALPAN-2851-235x132.jpg 235w, https:\/\/www.diarioimagen.net\/wp-content\/uploads\/2016\/04\/NAUCALPAN-2851-202x114.jpg 202w, https:\/\/www.diarioimagen.net\/wp-content\/uploads\/2016\/04\/NAUCALPAN-2851-350x196.jpg 350w, https:\/\/www.diarioimagen.net\/wp-content\/uploads\/2016\/04\/NAUCALPAN-2851-220x123.jpg 220w, https:\/\/www.diarioimagen.net\/wp-content\/uploads\/2016\/04\/NAUCALPAN-2851-237x132.jpg 237w, https:\/\/www.diarioimagen.net\/wp-content\/uploads\/2016\/04\/NAUCALPAN-2851.jpg 480w\" sizes=\"auto, (max-width: 420px) 100vw, 420px\" \/><\/a><p id=\"caption-attachment-265843\" class=\"wp-caption-text\">El gobierno de Naucalpan entreg\u00f3 m\u00e1s patrullas de seguridad ciudadana en el fraccionamiento de Tecamachalco.<\/p><\/div>\n<p>&nbsp;<\/p>\n<p><strong>Naucalpan, Estado de M\u00e9xico<\/strong>.- Una de las prioridades\u00a0 de este gobierno es la seguridad p\u00fablica y cumplir su deber con responsabilidad, con hechos y no con ocurrencias, para dar resultados a la ciudadan\u00eda, como es el caso de la entrega de patrullas de seguridad ciudadana en el fraccionamiento de Tecamachalco.<\/p>\n<p>Alfredo Oropeza, coordinador de asesores de la presidencia municipal, en el marco de la entrega regional de unidades de Seguridad Ciudadana que se suman a la operaci\u00f3n y labores de la corporaci\u00f3n policiaca en este fraccionamiento, indic\u00f3 que los avances se est\u00e1n notando y se seguir\u00e1n dando porque el gobierno que encabeza, Edgar Armando Olvera Higuera, est\u00e1 para servir y dar respuesta a las demandas de la poblaci\u00f3n.<\/p>\n<p>Al entregar dos autos tipo sed\u00e1n, una camioneta Ranger y una F-150, puntualiz\u00f3 que el trabajo en Naucalpan es permanente\u00a0 porque hay mucho por hacer y aun cuando, el inicio fue dif\u00edcil por la crisis heredada, empero, los naucalpenses perciben que se est\u00e1n atendiendo las demandas ciudadanas.<\/p>\n<p>Por su parte, el presidente de la Asociaci\u00f3n de Colonos de Tecamachalco, Meni Cohen, expres\u00f3 que con la entrega de estas\u00a0 unidades se manda un mensaje de esperanza a la ciudadan\u00eda, refleja que las autoridades municipales atienden a la gente y est\u00e1n trabajando por la seguridad de los naucalpenses.<\/p>\n<p>\u201cNo termina el problema, pero se empiezan a dar soluciones. Debemos cambiar la moral de Naucalpan, tenemos con qu\u00e9 hacerlo, tenemos un presidente municipal honesto, bueno, con ganas de trabajar, y eso har\u00e1 que se recobre la confianza en las autoridades\u201d, puntualiz\u00f3 el representante vecinal.<\/p>\n<p>En tanto, el segundo s\u00edndico e integrante de la Comisi\u00f3n Edilicia de Seguridad, Jos\u00e9 Luis Guti\u00e9rrez Aire,\u00a0 reconoci\u00f3 que hoy en d\u00eda la inseguridad es uno de los problemas que m\u00e1s laceran a nuestro pa\u00eds y que, es\u00a0 un factor que limita el crecimiento de las sociedades, detiene el progreso y es tambi\u00e9n generador de violencia, por lo que en Naucalpan se est\u00e1 trabajando para recuperar la confianza y devolver la tranquilidad a la ciudadan\u00eda.<\/p>\n<p>&nbsp;<\/p>\n","protected":false},"excerpt":{"rendered":"<p>Una de las prioridades  de este gobierno es la seguridad p\u00fablica y cumplir su deber con responsabilidad, con hechos y no con ocurrencias, para dar resultados a la ciudadan\u00eda, como es el caso de la entrega de patrullas de seguridad ciudadana en el fraccionamiento de Tecamachalco.<\/p>\n","protected":false},"author":3,"featured_media":265843,"comment_status":"open","ping_status":"open","sticky":false,"template":"","format":"standard","meta":{"_monsterinsights_skip_tracking":false,"_monsterinsights_sitenote_active":false,"_monsterinsights_sitenote_note":"","_monsterinsights_sitenote_category":0,"footnotes":""},"categories":[35155],"tags":[43675,970,20786],"class_list":["post-265814","post","type-post","status-publish","format-standard","has-post-thumbnail","hentry","category-estado-de-mexico-estado-de-mexico","tag-estado-de-mexico","tag-naucalpan","tag-seguridad-ciudadana"],"_links":{"self":[{"href":"https:\/\/www.diarioimagen.net\/index.php?rest_route=\/wp\/v2\/posts\/265814","targetHints":{"allow":["GET"]}}],"collection":[{"href":"https:\/\/www.diarioimagen.net\/index.php?rest_route=\/wp\/v2\/posts"}],"about":[{"href":"https:\/\/www.diarioimagen.net\/index.php?rest_route=\/wp\/v2\/types\/post"}],"author":[{"embeddable":true,"href":"https:\/\/www.diarioimagen.net\/index.php?rest_route=\/wp\/v2\/users\/3"}],"replies":[{"embeddable":true,"href":"https:\/\/www.diarioimagen.net\/index.php?rest_route=%2Fwp%2Fv2%2Fcomments&post=265814"}],"version-history":[{"count":0,"href":"https:\/\/www.diarioimagen.net\/index.php?rest_route=\/wp\/v2\/posts\/265814\/revisions"}],"wp:featuredmedia":[{"embeddable":true,"href":"https:\/\/www.diarioimagen.net\/index.php?rest_route=\/wp\/v2\/media\/265843"}],"wp:attachment":[{"href":"https:\/\/www.diarioimagen.net\/index.php?rest_route=%2Fwp%2Fv2%2Fmedia&parent=265814"}],"wp:term":[{"taxonomy":"category","embeddable":true,"href":"https:\/\/www.diarioimagen.net\/index.php?rest_route=%2Fwp%2Fv2%2Fcategories&post=265814"},{"taxonomy":"post_tag","embeddable":true,"href":"https:\/\/www.diarioimagen.net\/index.php?rest_route=%2Fwp%2Fv2%2Ftags&post=265814"}],"curies":[{"name":"wp","href":"https:\/\/api.w.org\/{rel}","templated":true}]}}