{"id":265974,"date":"2016-04-25T00:05:00","date_gmt":"2016-04-25T05:05:00","guid":{"rendered":"http:\/\/www.diarioimagen.net\/?p=265974"},"modified":"2016-04-25T01:17:20","modified_gmt":"2016-04-25T06:17:20","slug":"dotan-de-nuevo-equipo-a-bomberos-de-c-izcalli","status":"publish","type":"post","link":"https:\/\/www.diarioimagen.net\/?p=265974","title":{"rendered":"Dotan de nuevo equipo a bomberos de C. Izcalli"},"content":{"rendered":"<ul>\n<li><strong><em>Agradecen compromiso de los tragahumo<\/em><\/strong><\/li>\n<\/ul>\n<p>&nbsp;<\/p>\n<div id=\"attachment_266041\" style=\"width: 430px\" class=\"wp-caption aligncenter\"><a href=\"http:\/\/www.diarioimagen.net\/?attachment_id=266041\" rel=\"attachment wp-att-266041\"><img loading=\"lazy\" decoding=\"async\" aria-describedby=\"caption-attachment-266041\" class=\"size-large wp-image-266041\" src=\"http:\/\/www.diarioimagen.net\/wp-content\/uploads\/2016\/04\/CUAUTITLAN-2852-420x291.jpg\" alt=\"El alcalde, V\u00edctor Estrada Garibay, entreg\u00f3 40 equipos de protecci\u00f3n personal a los bomberos de Cuautitl\u00e1n Izcalli.\" width=\"420\" height=\"291\" srcset=\"https:\/\/www.diarioimagen.net\/wp-content\/uploads\/2016\/04\/CUAUTITLAN-2852-420x291.jpg 420w, https:\/\/www.diarioimagen.net\/wp-content\/uploads\/2016\/04\/CUAUTITLAN-2852-240x166.jpg 240w, https:\/\/www.diarioimagen.net\/wp-content\/uploads\/2016\/04\/CUAUTITLAN-2852.jpg 480w\" sizes=\"auto, (max-width: 420px) 100vw, 420px\" \/><\/a><p id=\"caption-attachment-266041\" class=\"wp-caption-text\">El alcalde, V\u00edctor Estrada Garibay, entreg\u00f3 40 equipos de protecci\u00f3n personal a los bomberos de Cuautitl\u00e1n Izcalli.<\/p><\/div>\n<p>&nbsp;<\/p>\n<p><strong>Cuautitl\u00e1n Izcalli, Estado de M\u00e9xico<\/strong>.- El gobierno municipal entreg\u00f3 equipo nuevo a personal de la Unidad de Protecci\u00f3n Civil y Bomberos para llevar a cabo su labor de la mejor manera posible y que cuenten con el equipo necesario para sus funciones b\u00e1sicas y emergencias mayores.<\/p>\n<p>El alcalde V\u00edctor Estrada Garibay entreg\u00f3 40 equipos de protecci\u00f3n personal que consisten en casco, monja, chaquet\u00f3n, pantal\u00f3n, botas y guantes, adem\u00e1s de 40 uniformes que consisten en pantal\u00f3n y camisa.<\/p>\n<p>De igual forma se entregaron 7 motosierras, un refrigerador, 5 computadoras, 3 desbrozadoras, 15 machetes, 15 palas, 15 picos, 7 marros y equipo para incendio forestal. A la par de estos utensilios, se tiene proyectado remodelar la cocina de la unidad y cambiarla por una de acero inoxidable.<\/p>\n<p>Durante una reuni\u00f3n con los elementos de Protecci\u00f3n Civil y Bomberos, Mark Oblio Rivero Aguilar, director de Protecci\u00f3n Civil y Bomberos, agradeci\u00f3 el apoyo del alcalde\u00a0 y reconoci\u00f3 que el equipo obtenido ayudar\u00e1 en las labores de los vulcanos y se comprometi\u00f3 a mejorar el trabajo.\u00a0 \u201cEstos apoyos reflejan el compromiso que tiene usted con la corporaci\u00f3n y a cuatro meses de haber asumido el cargo, en la corporaci\u00f3n ya se ven resultados\u201d.<\/p>\n<p>Oblio Aguilar inform\u00f3 que gran parte del parque vehicular con que cuenta la unidad, se ha reparado, los arreglos tienen que ver con mantenimiento general de las unidades que ya presentaban fallas considerables.<\/p>\n<p>Dentro de estas reparaciones destacan 2 unidades que fueron restauradas en su totalidad y ya se encuentran funcionando. Se trata de la Unidad Mega 10, a la que se le hizo mantenimiento general y se le cambiaron las llantas y una pipa de agua a la que se le dio mantenimiento general.<\/p>\n<p>El presidente municipal V\u00edctor Estrada Garibay, agradeci\u00f3 la entrega y compromiso de los bomberos para trabajar en condiciones adversas e indic\u00f3 que la unidad seguir\u00e1 recibiendo apoyos por parte de la presidencia de acuerdo con el presupuesto contemplado para que el personal trabaje de manera \u00f3ptima y atienda los servicios con el equipo adecuado.<\/p>\n<p>&nbsp;<\/p>\n","protected":false},"excerpt":{"rendered":"<p>El gobierno municipal entreg\u00f3 equipo nuevo a personal de la Unidad de Protecci\u00f3n Civil y Bomberos para llevar a cabo su labor de la mejor manera posible y que cuenten con el equipo necesario para sus funciones b\u00e1sicas y emergencias mayores.<\/p>\n","protected":false},"author":3,"featured_media":266041,"comment_status":"open","ping_status":"open","sticky":false,"template":"","format":"standard","meta":{"_monsterinsights_skip_tracking":false,"_monsterinsights_sitenote_active":false,"_monsterinsights_sitenote_note":"","_monsterinsights_sitenote_category":0,"footnotes":""},"categories":[35155],"tags":[971,43675],"class_list":["post-265974","post","type-post","status-publish","format-standard","has-post-thumbnail","hentry","category-estado-de-mexico-estado-de-mexico","tag-cuautitlan-izcalli","tag-estado-de-mexico"],"_links":{"self":[{"href":"https:\/\/www.diarioimagen.net\/index.php?rest_route=\/wp\/v2\/posts\/265974","targetHints":{"allow":["GET"]}}],"collection":[{"href":"https:\/\/www.diarioimagen.net\/index.php?rest_route=\/wp\/v2\/posts"}],"about":[{"href":"https:\/\/www.diarioimagen.net\/index.php?rest_route=\/wp\/v2\/types\/post"}],"author":[{"embeddable":true,"href":"https:\/\/www.diarioimagen.net\/index.php?rest_route=\/wp\/v2\/users\/3"}],"replies":[{"embeddable":true,"href":"https:\/\/www.diarioimagen.net\/index.php?rest_route=%2Fwp%2Fv2%2Fcomments&post=265974"}],"version-history":[{"count":0,"href":"https:\/\/www.diarioimagen.net\/index.php?rest_route=\/wp\/v2\/posts\/265974\/revisions"}],"wp:featuredmedia":[{"embeddable":true,"href":"https:\/\/www.diarioimagen.net\/index.php?rest_route=\/wp\/v2\/media\/266041"}],"wp:attachment":[{"href":"https:\/\/www.diarioimagen.net\/index.php?rest_route=%2Fwp%2Fv2%2Fmedia&parent=265974"}],"wp:term":[{"taxonomy":"category","embeddable":true,"href":"https:\/\/www.diarioimagen.net\/index.php?rest_route=%2Fwp%2Fv2%2Fcategories&post=265974"},{"taxonomy":"post_tag","embeddable":true,"href":"https:\/\/www.diarioimagen.net\/index.php?rest_route=%2Fwp%2Fv2%2Ftags&post=265974"}],"curies":[{"name":"wp","href":"https:\/\/api.w.org\/{rel}","templated":true}]}}