{"id":266114,"date":"2016-04-25T00:03:30","date_gmt":"2016-04-25T05:03:30","guid":{"rendered":"http:\/\/www.diarioimagen.net\/?p=266114"},"modified":"2016-04-25T02:54:39","modified_gmt":"2016-04-25T07:54:39","slug":"drogas-cambio-de-estrategia-2","status":"publish","type":"post","link":"https:\/\/www.diarioimagen.net\/?p=266114","title":{"rendered":"Drogas, cambio de estrategia"},"content":{"rendered":"<h2>Desde el portal<\/h2>\n<h5>\u00c1ngel Soriano<\/h5>\n<p>&nbsp;<\/p>\n<p>En la ONU, el presidente Enrique Pe\u00f1a Nieto hizo un llamado a no criminalizar el consumo de mariguana y en M\u00e9xico, durante la clausura del foro sobre el tema, anunci\u00f3 reformas a la Ley General de Salud y al C\u00f3digo Penal Federal para permitir la siembra, cosecha, proceso y consumo con fines medicinales y elevar de 5 a 28 gramos la posesi\u00f3n para usos medicinales.<\/p>\n<p>M\u00e1s de 40 a\u00f1os de una guerra contra las drogas s\u00f3lo han dejado muertos y no se termina con el flagelo, indic\u00f3 el mandatario al fijar su postura ante el organismo internacional y en M\u00e9xico, pero aclar\u00f3 que de ninguna manera se dejar\u00e1 de combatir a la delincuencia organizada y se tomar\u00e1n medidas de prevenci\u00f3n para proteger a la ni\u00f1ez y a la juventud del consumo de drogas que \u201cno se est\u00e1 legalizando\u201d.<\/p>\n<p>Aunque en algunos sectores nacionales e internacionales la medida ha sido tomada con recelo, e incluso se muestra rechazo a la legalizaci\u00f3n de la droga, lo cierto es que ser\u00e1n los legisladores los que deber\u00e1n dar forma a la propuesta presidencial que es considerada de avanzada, toda vez que con ello se atender\u00e1n debidamente a los enfermos que requieren medicamentos con sustancias como la mariguana, y los consumidores \u2013en su decisi\u00f3n personal- podr\u00e1n obtener alternativas para su uso.<\/p>\n<p>Foros con la participaci\u00f3n de diversos sectores de la sociedad, organizados por la Segob, han llevado a esta conclusi\u00f3n anunciada primero en la ONU y luego operada en M\u00e9xico que es, como lo ha dicho el presidente Pe\u00f1a Nieto, un cambio de estrategia sin dejar de atacar la delincuencia organizada y proteger a los ni\u00f1os y j\u00f3venes; falta, finalmente, adicionar algunas leyes secundarias para refinar la propuesta presidencial, en opini\u00f3n de universitarios y cl\u00e9rigos.<\/p>\n<p style=\"text-align: center;\"><strong>TURBULENCIAS<br \/>\nAcusa Olvera a Murat pap\u00e1; desertan m\u00e1s del PRI<\/strong><\/p>\n<p>La ex dirigente juvenil del PRI en Oaxaca, Gabriela Olvera, acus\u00f3 al ex gobernador Jos\u00e9 Murat de emprender una campa\u00f1a de desprestigio en su contra por haberse pasado a las filas del candidato puntero, Jos\u00e9 Antonio Estefan Garfias, de la coalici\u00f3n PRD-PAN; en tanto que en Tuxtepec una legi\u00f3n de pri\u00edstas hicieron lo propio al rechazar a su candidato, Alejandro, por elitista y autoritario; en tanto se asegura que fue el PRI quien clon\u00f3 una p\u00e1gina de \u201cMilenio\u201d con una encuesta ap\u00f3crifa para adjudic\u00e1rsela a Pepe To\u00f1o y descarrilarlo de la carrera electoral en la que va avante\u2026 M\u00e9xico, Ecuador, Venezuela, Brasil, Colombia, Turqu\u00eda, Espa\u00f1a, Chile y Argentina fueron los ganadores del VI Concurso Internacional de la Imagen realizado en Pachuca y durante la ceremonia de premiaci\u00f3n, el rector de la Universidad Aut\u00f3noma del Estado de Hidalgo, Humberto Augusto Veras Godoy, recalc\u00f3 que el FINI se consolida a\u00fan m\u00e1s con la participaci\u00f3n de estudiantes y profesionales internacionales\u2026<\/p>\n<p><em><a href=\"http:\/\/www.revista-brecha.com\/\" target=\"_blank\">www.revista-brecha.com<br \/>\n<\/a><a href=\"mailto:vidanacional@yahoo.com.mx\" target=\"_blank\">vidanacional@yahoo.com.mx<\/a><\/em><\/p>\n","protected":false},"excerpt":{"rendered":"<p><span style=\"color: #005497;\"><strong>\u00c1ngel Soriano<\/strong><\/span><\/p>\n","protected":false},"author":3,"featured_media":0,"comment_status":"open","ping_status":"open","sticky":false,"template":"","format":"standard","meta":{"_monsterinsights_skip_tracking":false,"_monsterinsights_sitenote_active":false,"_monsterinsights_sitenote_note":"","_monsterinsights_sitenote_category":0,"footnotes":""},"categories":[135],"tags":[85,86,43674],"class_list":["post-266114","post","type-post","status-publish","format-standard","hentry","category-angel-soriano-opinion","tag-angel-soriano","tag-desde-el-portal","tag-opinion"],"_links":{"self":[{"href":"https:\/\/www.diarioimagen.net\/index.php?rest_route=\/wp\/v2\/posts\/266114","targetHints":{"allow":["GET"]}}],"collection":[{"href":"https:\/\/www.diarioimagen.net\/index.php?rest_route=\/wp\/v2\/posts"}],"about":[{"href":"https:\/\/www.diarioimagen.net\/index.php?rest_route=\/wp\/v2\/types\/post"}],"author":[{"embeddable":true,"href":"https:\/\/www.diarioimagen.net\/index.php?rest_route=\/wp\/v2\/users\/3"}],"replies":[{"embeddable":true,"href":"https:\/\/www.diarioimagen.net\/index.php?rest_route=%2Fwp%2Fv2%2Fcomments&post=266114"}],"version-history":[{"count":0,"href":"https:\/\/www.diarioimagen.net\/index.php?rest_route=\/wp\/v2\/posts\/266114\/revisions"}],"wp:attachment":[{"href":"https:\/\/www.diarioimagen.net\/index.php?rest_route=%2Fwp%2Fv2%2Fmedia&parent=266114"}],"wp:term":[{"taxonomy":"category","embeddable":true,"href":"https:\/\/www.diarioimagen.net\/index.php?rest_route=%2Fwp%2Fv2%2Fcategories&post=266114"},{"taxonomy":"post_tag","embeddable":true,"href":"https:\/\/www.diarioimagen.net\/index.php?rest_route=%2Fwp%2Fv2%2Ftags&post=266114"}],"curies":[{"name":"wp","href":"https:\/\/api.w.org\/{rel}","templated":true}]}}