{"id":266141,"date":"2016-04-26T00:08:27","date_gmt":"2016-04-26T05:08:27","guid":{"rendered":"http:\/\/www.diarioimagen.net\/?p=266141"},"modified":"2016-04-26T23:10:49","modified_gmt":"2016-04-27T04:10:49","slug":"aumenta-la-violencia-en-acapulco-atacan-a-federales","status":"publish","type":"post","link":"https:\/\/www.diarioimagen.net\/?p=266141","title":{"rendered":"Repunta ola de violencia en Acapulco; balean a federales"},"content":{"rendered":"<ul>\n<li><strong><em>Ejecutan a periodista en Taxco<\/em><\/strong><\/li>\n<\/ul>\n<h6>Jos\u00e9 Luis Monta\u00f1ez<\/h6>\n<p>&nbsp;<\/p>\n<div id=\"attachment_266142\" style=\"width: 430px\" class=\"wp-caption aligncenter\"><a href=\"http:\/\/www.diarioimagen.net\/?attachment_id=266142\" rel=\"attachment wp-att-266142\"><img loading=\"lazy\" decoding=\"async\" aria-describedby=\"caption-attachment-266142\" class=\"wp-image-266142 size-large\" src=\"http:\/\/www.diarioimagen.net\/wp-content\/uploads\/2016\/04\/GUERRERO-portal-420x236.jpg\" alt=\"El corresponsal de El Sol de Acapulco y editor del peri\u00f3dico El Foro, Francisco Pacheco Beltr\u00e1n, fue asesinado este lunes afuera de su casa.\" width=\"420\" height=\"236\" srcset=\"https:\/\/www.diarioimagen.net\/wp-content\/uploads\/2016\/04\/GUERRERO-portal-420x236.jpg 420w, https:\/\/www.diarioimagen.net\/wp-content\/uploads\/2016\/04\/GUERRERO-portal-240x135.jpg 240w, https:\/\/www.diarioimagen.net\/wp-content\/uploads\/2016\/04\/GUERRERO-portal-235x132.jpg 235w, https:\/\/www.diarioimagen.net\/wp-content\/uploads\/2016\/04\/GUERRERO-portal-202x114.jpg 202w, https:\/\/www.diarioimagen.net\/wp-content\/uploads\/2016\/04\/GUERRERO-portal-350x196.jpg 350w, https:\/\/www.diarioimagen.net\/wp-content\/uploads\/2016\/04\/GUERRERO-portal-220x123.jpg 220w, https:\/\/www.diarioimagen.net\/wp-content\/uploads\/2016\/04\/GUERRERO-portal-237x132.jpg 237w, https:\/\/www.diarioimagen.net\/wp-content\/uploads\/2016\/04\/GUERRERO-portal.jpg 480w\" sizes=\"auto, (max-width: 420px) 100vw, 420px\" \/><\/a><p id=\"caption-attachment-266142\" class=\"wp-caption-text\">El corresponsal de <em>El Sol de Acapulco<\/em> y editor del peri\u00f3dico <em>El Foro<\/em>, Francisco Pacheco Beltr\u00e1n, fue asesinado ayer lunes, afuera de su casa.<\/p><\/div>\n<p>&nbsp;<\/p>\n<p>Hombres armados atacaron a balazos dos instalaciones de la Polic\u00eda Federal en el puerto de Acapulco, dejando un saldo de un presunto agresor muerto y un agente herido.<\/p>\n<p>La corporaci\u00f3n policiaca, dependiente de la Comisi\u00f3n Nacional de Seguridad dio a conocer que el primer hecho se registr\u00f3 a las 21:40 horas frente al hotel Alba Suites, ubicado sobre la calle Gran V\u00eda Tropical, fraccionamiento Las Playas, donde se encuentran hospedados elementos federales.<\/p>\n<p>Al lugar se acercaron varios sujetos con armas de fuego, quienes hicieron disparos contra los agentes federales, quienes repelieron la agresi\u00f3n hasta obligarlos a huir del lugar en varios veh\u00edculos.<\/p>\n<p>Los elementos de la Polic\u00eda Federal realizaron de inmediato una revisi\u00f3n del per\u00edmetro y fue localizado el cuerpo sin vida de uno de los presuntos agresores.<\/p>\n<p>El presunto agresor ya fue identificado y sus antecedentes se integrar\u00e1n a la averiguaci\u00f3n previa derivada de los hechos.<\/p>\n<p>Asimismo, la Polic\u00eda Federal confirm\u00f3 que s\u00f3lo un elemento de la Polic\u00eda Federal se report\u00f3 con lesiones menores en la pierna izquierda, pero su estado de salud se reporta fuera de peligro.<\/p>\n<p>Casi a la misma hora, otro grupo de agresores realiz\u00f3 disparos con armas de fuego contra el edificio de Costera 125, en el que opera la base de la Polic\u00eda Federal en el puerto, sin que se registraran personas lesionadas.<\/p>\n<p>\u201cComo en el primer punto, la respuesta de los elementos federales oblig\u00f3 a huir a los sujetos, quienes dejaron abandonado un veh\u00edculo en cuyo interior se localiz\u00f3 documentaci\u00f3n diversa de inter\u00e9s en la indagatoria contra los grupos criminales que operan en el municipio\u201d, se\u00f1ala la tarjeta informativa.<\/p>\n<p>Luego de las agresiones a balazos en los dos puntos donde se ubican elementos de la Polic\u00eda Federal, la situaci\u00f3n se normaliz\u00f3 con el arribo y apoyo de elementos de la Secretar\u00eda de la Defensa Nacional, Marina Armada de M\u00e9xico y autoridades estatales y municipales, que atendieron diversas solicitudes de apoyo.<\/p>\n<p style=\"text-align: center;\"><strong>Agresi\u00f3n a PF en Acapulco es reacci\u00f3n por detenci\u00f3n de delincuentes <\/strong><\/p>\n<p>El fiscal general del estado, Xavier Olea Pel\u00e1ez, inform\u00f3 que el atentado que sufrieron elementos de la Polic\u00eda Federal en dos puntos de Acapulco por parte de presuntos delincuentes es una reacci\u00f3n de las detenciones que han hecho de manera coordinada los tres \u00f3rdenes de gobierno.<\/p>\n<p>Confirm\u00f3 que la agresi\u00f3n que sufrieron elementos de la polic\u00eda federal es un atentado contra la gendarmer\u00eda, hubo una respuesta, un presunto delincuente result\u00f3 muerto y hubo disparos\u201d<\/p>\n<p style=\"text-align: center;\"><strong>Asesinan a periodista en Taxco<\/strong><\/p>\n<p>Por otra parte, el corresponsal de El Sol de Acapulco y editor del peri\u00f3dico El Foro, Francisco Pacheco Beltr\u00e1n, fue asesinado este lunes cuando regresaba a su casa. La polic\u00eda inform\u00f3 que Pacheco Beltr\u00e1n fue baleado afuera de su casa, en la calle Tlachichilpa, en el barrio 20 de Noviembre. Una ambulancia acudi\u00f3 en auxilio del periodista; sin embargo, muri\u00f3 minutos despu\u00e9s del ataque.<\/p>\n<p>En una llamada a la radiodifusora Capital M\u00e1xima que realiz\u00f3 el presidente municipal de Taxco, Omar Jalil Flores Majul, confirm\u00f3 el hecho e inform\u00f3 que la familia le pidi\u00f3 apoyo alrededor de las 07:00 horas.<\/p>\n","protected":false},"excerpt":{"rendered":"<p><span style=\"color: #005497;\">Jos\u00e9 Luis Monta\u00f1ez<\/span><br \/>\n<br \/>\nHombres armados atacaron a balazos dos instalaciones de la Polic\u00eda Federal en el puerto de Acapulco, dejando un saldo de un presunto agresor muerto y un agente herido. La corporaci\u00f3n policiaca, dependiente de la Comisi\u00f3n Nacional de Seguridad dio a conocer que el primer hecho se registr\u00f3 a las 21:40 horas frente al hotel Alba Suites, ubicado sobre la calle Gran V\u00eda Tropical, fraccionamiento Las Playas, donde se encuentran hospedados elementos federales.<\/p>\n","protected":false},"author":5,"featured_media":266142,"comment_status":"open","ping_status":"open","sticky":false,"template":"","format":"standard","meta":{"_monsterinsights_skip_tracking":false,"_monsterinsights_sitenote_active":false,"_monsterinsights_sitenote_note":"","_monsterinsights_sitenote_category":0,"footnotes":""},"categories":[7],"tags":[46324,13189,43673,43677,5066],"class_list":["post-266141","post","type-post","status-publish","format-standard","has-post-thumbnail","hentry","category-seguridad","tag-acapulco","tag-balean","tag-nacional","tag-seguridad","tag-violencia"],"_links":{"self":[{"href":"https:\/\/www.diarioimagen.net\/index.php?rest_route=\/wp\/v2\/posts\/266141","targetHints":{"allow":["GET"]}}],"collection":[{"href":"https:\/\/www.diarioimagen.net\/index.php?rest_route=\/wp\/v2\/posts"}],"about":[{"href":"https:\/\/www.diarioimagen.net\/index.php?rest_route=\/wp\/v2\/types\/post"}],"author":[{"embeddable":true,"href":"https:\/\/www.diarioimagen.net\/index.php?rest_route=\/wp\/v2\/users\/5"}],"replies":[{"embeddable":true,"href":"https:\/\/www.diarioimagen.net\/index.php?rest_route=%2Fwp%2Fv2%2Fcomments&post=266141"}],"version-history":[{"count":0,"href":"https:\/\/www.diarioimagen.net\/index.php?rest_route=\/wp\/v2\/posts\/266141\/revisions"}],"wp:featuredmedia":[{"embeddable":true,"href":"https:\/\/www.diarioimagen.net\/index.php?rest_route=\/wp\/v2\/media\/266142"}],"wp:attachment":[{"href":"https:\/\/www.diarioimagen.net\/index.php?rest_route=%2Fwp%2Fv2%2Fmedia&parent=266141"}],"wp:term":[{"taxonomy":"category","embeddable":true,"href":"https:\/\/www.diarioimagen.net\/index.php?rest_route=%2Fwp%2Fv2%2Fcategories&post=266141"},{"taxonomy":"post_tag","embeddable":true,"href":"https:\/\/www.diarioimagen.net\/index.php?rest_route=%2Fwp%2Fv2%2Ftags&post=266141"}],"curies":[{"name":"wp","href":"https:\/\/api.w.org\/{rel}","templated":true}]}}