{"id":266326,"date":"2016-04-26T00:09:36","date_gmt":"2016-04-26T05:09:36","guid":{"rendered":"http:\/\/www.diarioimagen.net\/?p=266326"},"modified":"2016-04-27T00:33:35","modified_gmt":"2016-04-27T05:33:35","slug":"osorio-exhorta-al-legislativo-aprobar-reforma-sobre-mariguana","status":"publish","type":"post","link":"https:\/\/www.diarioimagen.net\/?p=266326","title":{"rendered":"Osorio exhorta a aprobar reforma sobre mariguana"},"content":{"rendered":"<ul>\n<li><strong><em>A 4 d\u00edas de que termine periodo ordinario en San L\u00e1zaro<\/em><\/strong><\/li>\n<\/ul>\n<p>&nbsp;<\/p>\n<div id=\"attachment_266327\" style=\"width: 430px\" class=\"wp-caption aligncenter\"><a href=\"http:\/\/www.diarioimagen.net\/?attachment_id=266327\" rel=\"attachment wp-att-266327\"><img loading=\"lazy\" decoding=\"async\" aria-describedby=\"caption-attachment-266327\" class=\"wp-image-266327 size-large\" src=\"http:\/\/www.diarioimagen.net\/wp-content\/uploads\/2016\/04\/MARIGUANA27-portal-420x236.jpg\" alt=\"Miguel \u00c1ngel Osorio Chong exhort\u00f3 al Poder Legislativo a analizar y en su caso aprobar cuanto antes la reforma sobre uso de la mariguana.\" width=\"420\" height=\"236\" srcset=\"https:\/\/www.diarioimagen.net\/wp-content\/uploads\/2016\/04\/MARIGUANA27-portal-420x236.jpg 420w, https:\/\/www.diarioimagen.net\/wp-content\/uploads\/2016\/04\/MARIGUANA27-portal-240x135.jpg 240w, https:\/\/www.diarioimagen.net\/wp-content\/uploads\/2016\/04\/MARIGUANA27-portal-235x132.jpg 235w, https:\/\/www.diarioimagen.net\/wp-content\/uploads\/2016\/04\/MARIGUANA27-portal-202x114.jpg 202w, https:\/\/www.diarioimagen.net\/wp-content\/uploads\/2016\/04\/MARIGUANA27-portal-350x196.jpg 350w, https:\/\/www.diarioimagen.net\/wp-content\/uploads\/2016\/04\/MARIGUANA27-portal-220x123.jpg 220w, https:\/\/www.diarioimagen.net\/wp-content\/uploads\/2016\/04\/MARIGUANA27-portal-237x132.jpg 237w, https:\/\/www.diarioimagen.net\/wp-content\/uploads\/2016\/04\/MARIGUANA27-portal.jpg 480w\" sizes=\"auto, (max-width: 420px) 100vw, 420px\" \/><\/a><p id=\"caption-attachment-266327\" class=\"wp-caption-text\">Miguel \u00c1ngel Osorio Chong exhort\u00f3 al Poder Legislativo a analizar y en su caso aprobar cuanto antes la reforma sobre uso de la mariguana.<\/p><\/div>\n<p>&nbsp;<\/p>\n<p>A cuatro d\u00edas de que termine el periodo ordinario sesiones, el secretario de Gobernaci\u00f3n, Miguel \u00c1ngel Osorio Chong, exhort\u00f3 al Poder Legislativo a analizar y en su caso aprobar cuanto antes la reforma sobre uso de la mariguana<\/p>\n<p>El funcionario federal consider\u00f3 que a\u00fan hay tiempo para que se apruebe la iniciativa de reforma que permite el uso medicinal de la mariguana y elevar el gramaje que un consumidor puede portar.<\/p>\n<p>El responsable de la pol\u00edtica interior del pa\u00eds dijo en conferencia de prensa que se trata de un asunto tan importante, que tanto el Senado como la C\u00e1mara de Diputados hicieron sus propios debates y reuniones para conocer qu\u00e9 piensan los especialistas y los ciudadanos sobre el tema.<\/p>\n<p>Por ello, \u201cdesde el gobierno de la Rep\u00fablica s\u00ed exhortamos a que se pueda analizar, y hay tiempo si pensamos que cada minuto que pasa sin aprobarse esta reforma significa un minuto m\u00e1s de consumidores que son criminalizados\u201d.<\/p>\n<p>Tambi\u00e9n hay madres de familia que contin\u00faan en las c\u00e1rceles y familias que no tienen la oportunidad de reintegrarse, por lo que es importante atender pronto este asunto, dijo al t\u00e9rmino de la una reuni\u00f3n de seguridad en Tamaulipas.<\/p>\n<p>Osorio Chong manifest\u00f3 que el costo social que genera esta situaci\u00f3n no debe mantenerse, porque \u201cse trata de personas, vidas y familias que est\u00e1n siendo afectadas fuera de toda proporci\u00f3n, me refiero a las sentencias que les han impuesto, porque as\u00ed lo marcan nuestras leyes\u201d.<\/p>\n<p>De ah\u00ed que \u201ccomo sociedad tenemos la obligaci\u00f3n de apoyar a las personas que padecen alguna adicci\u00f3n y que merecen la oportunidad de recuperar su vida\u201d.<\/p>\n<p>Por eso, el llamado al Poder Legislativo, particularmente al Senado, para que no postergue esta decisi\u00f3n tan importante, que se pueda asumir con responsabilidad y se vea que lo que est\u00e1 en juego son los derechos y la dignidad de las personas que afrontan esta condici\u00f3n.<\/p>\n<p>En otro tema se refiri\u00f3 a la marcha que realizaron el domingo miles de mujeres en varias ciudades de la Rep\u00fablica para protestar contra la violencia de g\u00e9nero, y al respecto dijo que \u201clas escuchamos y vamos, junto con ellas, a redoblar esfuerzos para terminar con esta cruda realidad\u201d.<\/p>\n<p>El titular de la Secretar\u00eda de Gobernaci\u00f3n (Segob) agreg\u00f3 que una sola agresi\u00f3n contra una mujer, que por cierto acaban muchas veces en hechos fatales, lastima a todos como sociedad y a todas y a todos como mexicanos.<\/p>\n<p>Reconoci\u00f3 que las cifras muestras que se trata de un problema no resuelto, por lo que \u201ctenemos que hacer muchas cosas y muchas acciones desde el hogar, en la educaci\u00f3n, en las escuelas, con nuestros hijos, para que en el futuro respeten, apoyen y respalden a las mujeres\u201d.<\/p>\n<p>Para que desde ni\u00f1os valoren la presencia de una ni\u00f1a y para que juntos y entre todos avancemos como sociedad, porque si hay respeto a las mujeres, hay avances como sociedad, a\u00f1adi\u00f3.<\/p>\n<p>Por eso \u201cvamos a seguir adelante y hoy tenemos centros de justicia que atienden a las mujeres, que les dan orientaci\u00f3n jur\u00eddica en salud, en protecci\u00f3n, y la meta del presidente Enrique Pe\u00f1a Nieto es que exista por lo menos uno en cada estado de la Rep\u00fablica\u201d.<\/p>\n<p>Miguel \u00c1ngel Osorio Chong abund\u00f3 que \u201ces hacia los hombres donde tenemos que seguir insistiendo con nuestras campa\u00f1as, orientaci\u00f3n, capacitaci\u00f3n y en todos los sectores de la poblaci\u00f3n\u201d.<\/p>\n","protected":false},"excerpt":{"rendered":"<p>A cuatro d\u00edas de que termine el periodo ordinario sesiones, el secretario de Gobernaci\u00f3n, Miguel \u00c1ngel Osorio Chong, exhort\u00f3 al Poder Legislativo a analizar y en su caso aprobar cuanto antes la reforma sobre uso de la mariguana<\/p>\n","protected":false},"author":5,"featured_media":266327,"comment_status":"open","ping_status":"open","sticky":false,"template":"","format":"standard","meta":{"_monsterinsights_skip_tracking":false,"_monsterinsights_sitenote_active":false,"_monsterinsights_sitenote_note":"","_monsterinsights_sitenote_category":0,"footnotes":""},"categories":[7],"tags":[98,1668,1129,3676,1246,43677],"class_list":["post-266326","post","type-post","status-publish","format-standard","has-post-thumbnail","hentry","category-seguridad","tag-camara-de-diputados","tag-gobernacion","tag-mariguana","tag-miguel-angel-osorio-chong","tag-reforma","tag-seguridad"],"_links":{"self":[{"href":"https:\/\/www.diarioimagen.net\/index.php?rest_route=\/wp\/v2\/posts\/266326","targetHints":{"allow":["GET"]}}],"collection":[{"href":"https:\/\/www.diarioimagen.net\/index.php?rest_route=\/wp\/v2\/posts"}],"about":[{"href":"https:\/\/www.diarioimagen.net\/index.php?rest_route=\/wp\/v2\/types\/post"}],"author":[{"embeddable":true,"href":"https:\/\/www.diarioimagen.net\/index.php?rest_route=\/wp\/v2\/users\/5"}],"replies":[{"embeddable":true,"href":"https:\/\/www.diarioimagen.net\/index.php?rest_route=%2Fwp%2Fv2%2Fcomments&post=266326"}],"version-history":[{"count":0,"href":"https:\/\/www.diarioimagen.net\/index.php?rest_route=\/wp\/v2\/posts\/266326\/revisions"}],"wp:featuredmedia":[{"embeddable":true,"href":"https:\/\/www.diarioimagen.net\/index.php?rest_route=\/wp\/v2\/media\/266327"}],"wp:attachment":[{"href":"https:\/\/www.diarioimagen.net\/index.php?rest_route=%2Fwp%2Fv2%2Fmedia&parent=266326"}],"wp:term":[{"taxonomy":"category","embeddable":true,"href":"https:\/\/www.diarioimagen.net\/index.php?rest_route=%2Fwp%2Fv2%2Fcategories&post=266326"},{"taxonomy":"post_tag","embeddable":true,"href":"https:\/\/www.diarioimagen.net\/index.php?rest_route=%2Fwp%2Fv2%2Ftags&post=266326"}],"curies":[{"name":"wp","href":"https:\/\/api.w.org\/{rel}","templated":true}]}}