{"id":266627,"date":"2016-04-28T00:01:29","date_gmt":"2016-04-28T05:01:29","guid":{"rendered":"http:\/\/www.diarioimagen.net\/?p=266627"},"modified":"2016-05-01T23:27:22","modified_gmt":"2016-05-02T04:27:22","slug":"por-primera-vez-en-muchos-anos-de-tianguis-turisticos-el-titular-de-sectur-enrique-de-la-madrid-visito-la-sala-de-prensa","status":"publish","type":"post","link":"https:\/\/www.diarioimagen.net\/?p=266627","title":{"rendered":"Por primera vez, en muchos a\u00f1os de Tianguis Tur\u00edsticos, el titular de Sectur, Enrique de la Madrid, visit\u00f3 la sala de prensa"},"content":{"rendered":"<h2>De cinco estrellas<\/h2>\n<h5>Victoria Gonz\u00e1lez Prado<\/h5>\n<p>&nbsp;<\/p>\n<ul>\n<li><em><strong>\u201cTequila, la palabra que m\u00e1s se repite despu\u00e9s de la palabra M\u00e9xico\u201d, dijo Araceli Ramos<\/strong><\/em><\/li>\n<li><em><strong>Sa\u00fal Ancona, titular de Turismo en Yucar\u00e1n, y Miriam Fillad, del Ministerio de Cuba en M\u00e9xico, promover\u00e1n ambos destinos en paquetes<\/strong><\/em><\/li>\n<li><em><strong>Fonatur impulsar\u00e1 el desarrollo regional de Nayarit, con el Proyecto Tur\u00edstico Integral Costa Canuva<\/strong><\/em><\/li>\n<\/ul>\n<p>&nbsp;<\/p>\n<div id=\"attachment_266687\" style=\"width: 430px\" class=\"wp-caption aligncenter\"><a href=\"http:\/\/www.diarioimagen.net\/?attachment_id=266687\" rel=\"attachment wp-att-266687\"><img loading=\"lazy\" decoding=\"async\" aria-describedby=\"caption-attachment-266687\" class=\"size-large wp-image-266687\" src=\"http:\/\/www.diarioimagen.net\/wp-content\/uploads\/2016\/04\/turismo-2855-420x236.jpg\" alt=\"La cena en Tequila, Pueblo M\u00e1gico.\" width=\"420\" height=\"236\" srcset=\"https:\/\/www.diarioimagen.net\/wp-content\/uploads\/2016\/04\/turismo-2855-420x236.jpg 420w, https:\/\/www.diarioimagen.net\/wp-content\/uploads\/2016\/04\/turismo-2855-240x135.jpg 240w, https:\/\/www.diarioimagen.net\/wp-content\/uploads\/2016\/04\/turismo-2855-235x132.jpg 235w, https:\/\/www.diarioimagen.net\/wp-content\/uploads\/2016\/04\/turismo-2855-202x114.jpg 202w, https:\/\/www.diarioimagen.net\/wp-content\/uploads\/2016\/04\/turismo-2855-350x196.jpg 350w, https:\/\/www.diarioimagen.net\/wp-content\/uploads\/2016\/04\/turismo-2855-220x123.jpg 220w, https:\/\/www.diarioimagen.net\/wp-content\/uploads\/2016\/04\/turismo-2855-237x132.jpg 237w, https:\/\/www.diarioimagen.net\/wp-content\/uploads\/2016\/04\/turismo-2855.jpg 480w\" sizes=\"auto, (max-width: 420px) 100vw, 420px\" \/><\/a><p id=\"caption-attachment-266687\" class=\"wp-caption-text\">La cena en Tequila, Pueblo M\u00e1gico.<\/p><\/div>\n<p>&nbsp;<\/p>\n<p><strong>Guadalajara, Jalisco<\/strong>.- El Tianguis Tur\u00edstico en esta ciudad sigue como en los pasados, jugando con el estr\u00e9s y la adrenalina de quienes asistimos. Tres o cuatro conferencias a la misma hora, entrevistas por aqu\u00ed y por all\u00e1. Corre porque te deja el autob\u00fas y los sabidos dolores de cabeza.<\/p>\n<p>Ayer, por primera vez, en muchos tianguis, no me atrevo a decir cu\u00e1ntos, el secretario de Turismo federal, <strong>Enrique de la Madrid,<\/strong> visit\u00f3 la sala de prensa, y gracias, s\u00f3lo lleg\u00f3 para saludar a quienes ah\u00ed nos encontr\u00e1bamos. \u00c9l, en su calidad de funcionario, se la ha pasado, valga la comparaci\u00f3n, como los reporteros, de un lado a otro, pendiente del tianguis, participando aqu\u00ed y all\u00e1.<\/p>\n<p>Tambi\u00e9n, es notable que por primera vez en muchos tianguis, la sala de prensa es para los medios de informaci\u00f3n nacionales e internacionales. Siempre nos habian separado. Qu\u00e9 buena decisi\u00f3n, as\u00ed hemos tenido oportunidad de convivir con personas de otros pa\u00edses que comparten el estr\u00e9s que representa estar en el Tianguis Tur\u00edstico en esta versi\u00f3n 41 en la capital tapat\u00eda. De la organizaci\u00f3n les contar\u00e9 en otra oportunidad.<\/p>\n<p>\u2730\u2730\u2730\u2730\u2730 Ahora s\u00ed entrar\u00e9 en materia. Anoche, despu\u00e9s de casi tres horas de viaje, llegamos a Tequila, lugar donde se ofreci\u00f3 una suculenta cena para conocer un poco de Mundo Cuervo. Estaban ah\u00ed funcionarios de la Secretar\u00eda de Turismo federal (Sectur), y del Consejo de Promoci\u00f3n Tur\u00edstica (CPTM), adem\u00e1s de los representantes de Tequila Cuervo.\u00a0 <strong>\u00a0<\/strong><\/p>\n<p>Tequila es, sin duda, una de la\u00a0bebida mexicana\u00a0por excelencia, la del agave azul y tambi\u00e9n es Pueblo M\u00e1gico. Ofrece una variedad de actividades y recorridos que puedes disfrutar durante el d\u00eda.<\/p>\n<p>El Pueblo M\u00e1gico de Tequila contempla diferentes visitas para conocer el proceso de fabricaci\u00f3n de esta deliciosa bebida, que por cierto, pusimos de moda las mujeres hace ya unos a\u00f1os.<\/p>\n<p>Y aunque, en esta ocasi\u00f3n no vimos ni sus paisajes, ni su arquitectura colonial, ni recorrimos sus calles, podemos decirles, sin temor a equivocarnos que vale la pena visitarlo, recorrerlo e incluso disfrutar de ese peculiar aroma que se desprende cuando vas llegando.<\/p>\n<p>Tequila, dice, <strong>Araceli Ramos<\/strong>, directora de Promoci\u00f3n y Relaciones P\u00fablicas de Casa Cuervo, es la segunda palabra m\u00e1s mencionada despu\u00e9s de la palabra M\u00e9xico. Y no lo dudo, en Tequila puedes visitar el Museo Nacional del Tequila, la hacienda y destiler\u00eda La Roje\u00f1a, la Parroquia de Santiago Ap\u00f3stol, Los Lavaderos, La Quinta Sauza, el famoso recorrido en tren, el Santuario de la Santa Cruz, y por qu\u00e9 no, acudir en tiempo de feria, justo en la Nacional del Tequila, en noviembre y diciembre, que coincide con las fiestas patronales y que te permitir\u00e1 disfrutar del resto de sus atractivos.<\/p>\n<p>\u2730\u2730\u2730\u2730\u2730 El secretario de Fomento Tur\u00edstico de Yucat\u00e1n, <strong>Sa\u00fal Ancona Salaza<\/strong>r, y <strong>Miriam Fillad Guevara<\/strong>, representante del Ministerio de Cuba en M\u00e9xico, en conferencia de prensa en el marco del tianguis, aseguraron que promover\u00e1n los paquetes en el mercado europeo y asi\u00e1tico la alianza tur\u00edstica que los define como multidestino.<\/p>\n<p>A\u00f1adieron que no descuidar\u00e1n al resto del mundo y prev\u00e9n\u00a0 que esta alianza rinda frutos a partir del verano del pr\u00f3ximo a\u00f1o, lo que ser\u00e1 un \u00e9xito, considerando que Yucat\u00e1n y Cuba han trabajado de manera conjunta desde hace muchos a\u00f1os para ofrecerse como importantes destinos del Caribe.<\/p>\n<p><strong>Ancona Salazar<\/strong> indic\u00f3 que comparten fuertes lazos culturales y culinarios, por lo que este hermanamiento vendr\u00e1 a reforzar los programas de promoci\u00f3n tur\u00edstica, con el fin de que quienes visiten el estado mexicano vayan tambi\u00e9n a la isla, y viceversa.<\/p>\n<p><strong>Fillad Guevara<\/strong> se\u00f1al\u00f3 que el atractivo m\u00e1s fuerte es que tanto Yucat\u00e1n como Cuba son lugares totalmente seguros, por lo que los turistas pueden pasear a cualquier hora sin ning\u00fan problema, y a\u00f1adi\u00f3 que Cuba tiene conexi\u00f3n con 54 aerol\u00edneas y tan s\u00f3lo el a\u00f1o pasado recibi\u00f3 3 millones 200 mil turistas, de ellos el 72 por ciento son de pa\u00edses europeos, Alemania, Italia, Inglaterra y Espa\u00f1a y, destac\u00f3 que su principal mercado son los canadienses.<\/p>\n<p>La estancia promedio de esos turistas en Cuba es de entre 10 y 21 d\u00edas, lo que significa que f\u00e1cilmente pueden dedicar algunos d\u00edas para conocer Yucat\u00e1n, si adquieren los paquetes programados.<\/p>\n<p>Lo importante dijo, \u201ces fortalecer este hermanamiento y lo que sigue es crear un cat\u00e1logo de oferta del multidestino en diferentes idiomas, con la finalidad de reforzar la promoci\u00f3n\u201d.<\/p>\n<p>\u2730\u2730\u2730\u2730\u2730 El Fondo Nacional de Fomento al Turismo (Fonatur) impulsar\u00e1 el desarrollo regional de Nayarit, con el Proyecto Tur\u00edstico Integral (PTI) Costa Canuva, ubicado en el municipio de Compostela, a 82 kil\u00f3metros del Aeropuerto Internacional de Puerto Vallarta y a 10 kil\u00f3metros de Rinc\u00f3n de Guayabitos.<\/p>\n<p>Cuenta con 272 hect\u00e1reas a desarrollar, que incluyen 3.8 kil\u00f3metros de playa y 3 de acantilados con vistas al mar. Costa Canuva tiene una capacidad para albergar 7 mil 208 unidades de alojamiento, de las cuales, aproximadamente 3 mil 200 ser\u00e1n cuartos de hotel y el resto viviendas residenciales.<\/p>\n<p>La infraestructura considerada en el plan maestro est\u00e1 orientada al desarrollo de actividades deportivas y recreativas, como la pr\u00e1ctica del golf, el turismo n\u00e1utico y de naturaleza. El desarrollo incluye un campo de golf de 18 hoyos, par 72, categor\u00eda PGA, en una superficie de 71 hect\u00e1reas con espectaculares vistas al mar y ser\u00e1 el primero codise\u00f1ado por los golfistas, la mexicana <strong>Lorena Ochoa<\/strong> y el australiano <strong>Greg Norman<\/strong> .<\/p>\n<p>El desarrollo de Costa Canuva lo firmaron el Fideicomiso, el Fonatur y el\u00a0\u00a0 conglomerado portugu\u00e9s Mota-Engil Turismo, en el que se estableci\u00f3 un esquema de asociaci\u00f3n en el que Fonatur aporta la superficie del proyecto, el inversionista llevar\u00e1 a cabo su desarrollo y la construcci\u00f3n de mil habitaciones.<\/p>\n<p>Con este esquema de negocios de participaci\u00f3n p\u00fablico-privado, el Fonatur retoma y restablece uno de los objetivos originales para los que fue creado, constituy\u00e9ndose nuevamente en activo promotor de la inversi\u00f3n en desarrollos tur\u00edsticos en M\u00e9xico.<\/p>\n<p>Se estima que Costa Canuva requerir\u00e1 de una inversi\u00f3n de 1,800 millones de d\u00f3lares, es decir, m\u00e1s de 30 mil millones de pesos y que generar\u00e1 alrededor de 40 mil empleos. Se construir\u00e1 en varias etapas con esfuerzos de distintas empresas, <em>Fairmont Hotels &amp; Resorts<\/em>, primer hotel del proyecto, con 250 habitaciones y seis residencias.<\/p>\n<p>Ser\u00e1 tambi\u00e9n una comunidad ecoparticipativa con vinculaci\u00f3n social, ya que su desarrollo contempla la participaci\u00f3n de proveedores locales, el respeto a las culturas originarias de la regi\u00f3n cora y huichol y contribuir\u00e1 al desarrollo de los poblados cercanos.<\/p>\n<p><em><i><a href=\"mailto:victoriagprado@gmail.com\" target=\"_blank\">victoriagprado@gmail.com<\/a><\/i><\/em><br \/>\n<em> Twitter: <a href=\"https:\/\/twitter.com\/victoriagprado\" target=\"_blank\">@victoriagprado<\/a><\/em><\/p>\n","protected":false},"excerpt":{"rendered":"<p>El Tianguis Tur\u00edstico en esta ciudad sigue como en los pasados, jugando con el estr\u00e9s y la adrenalina de quienes asistimos. Tres o cuatro conferencias a la misma hora, entrevistas por aqu\u00ed y por all\u00e1. Corre porque te deja el autob\u00fas y los sabidos dolores de cabeza.<\/p>\n","protected":false},"author":3,"featured_media":266687,"comment_status":"open","ping_status":"open","sticky":false,"template":"","format":"standard","meta":{"_monsterinsights_skip_tracking":false,"_monsterinsights_sitenote_active":false,"_monsterinsights_sitenote_note":"","_monsterinsights_sitenote_category":0,"footnotes":""},"categories":[11],"tags":[107,2821,43,43674,43681,106],"class_list":["post-266627","post","type-post","status-publish","format-standard","has-post-thumbnail","hentry","category-turismo","tag-de-cinco-estrellas","tag-guadalajara","tag-jalisco","tag-opinion","tag-turismo","tag-victoria-gonzalez-prado"],"_links":{"self":[{"href":"https:\/\/www.diarioimagen.net\/index.php?rest_route=\/wp\/v2\/posts\/266627","targetHints":{"allow":["GET"]}}],"collection":[{"href":"https:\/\/www.diarioimagen.net\/index.php?rest_route=\/wp\/v2\/posts"}],"about":[{"href":"https:\/\/www.diarioimagen.net\/index.php?rest_route=\/wp\/v2\/types\/post"}],"author":[{"embeddable":true,"href":"https:\/\/www.diarioimagen.net\/index.php?rest_route=\/wp\/v2\/users\/3"}],"replies":[{"embeddable":true,"href":"https:\/\/www.diarioimagen.net\/index.php?rest_route=%2Fwp%2Fv2%2Fcomments&post=266627"}],"version-history":[{"count":0,"href":"https:\/\/www.diarioimagen.net\/index.php?rest_route=\/wp\/v2\/posts\/266627\/revisions"}],"wp:featuredmedia":[{"embeddable":true,"href":"https:\/\/www.diarioimagen.net\/index.php?rest_route=\/wp\/v2\/media\/266687"}],"wp:attachment":[{"href":"https:\/\/www.diarioimagen.net\/index.php?rest_route=%2Fwp%2Fv2%2Fmedia&parent=266627"}],"wp:term":[{"taxonomy":"category","embeddable":true,"href":"https:\/\/www.diarioimagen.net\/index.php?rest_route=%2Fwp%2Fv2%2Fcategories&post=266627"},{"taxonomy":"post_tag","embeddable":true,"href":"https:\/\/www.diarioimagen.net\/index.php?rest_route=%2Fwp%2Fv2%2Ftags&post=266627"}],"curies":[{"name":"wp","href":"https:\/\/api.w.org\/{rel}","templated":true}]}}