{"id":266829,"date":"2016-04-29T00:10:17","date_gmt":"2016-04-29T05:10:17","guid":{"rendered":"http:\/\/www.diarioimagen.net\/?p=266829"},"modified":"2016-04-29T04:44:42","modified_gmt":"2016-04-29T09:44:42","slug":"otorga-difem-140-millones-de-desayunos-escolares","status":"publish","type":"post","link":"https:\/\/www.diarioimagen.net\/?p=266829","title":{"rendered":"Otorga DIFEM 140 millones de desayunos escolares"},"content":{"rendered":"<ul>\n<li><strong><em>Beneficia diariamente a 800 mil estudiantes<\/em><\/strong><\/li>\n<\/ul>\n<p>&nbsp;<\/p>\n<div id=\"attachment_266934\" style=\"width: 430px\" class=\"wp-caption aligncenter\"><a href=\"http:\/\/www.diarioimagen.net\/?attachment_id=266934\" rel=\"attachment wp-att-266934\"><img loading=\"lazy\" decoding=\"async\" aria-describedby=\"caption-attachment-266934\" class=\"size-large wp-image-266934\" src=\"http:\/\/www.diarioimagen.net\/wp-content\/uploads\/2016\/04\/difem-2856-420x236.jpg\" alt=\"Isis \u00c1vila Mu\u00f1oz, presidenta honoraria del DIFEM, convivi\u00f3 con ni\u00f1as y ni\u00f1os durante su desayuno.\" width=\"420\" height=\"236\" srcset=\"https:\/\/www.diarioimagen.net\/wp-content\/uploads\/2016\/04\/difem-2856-420x236.jpg 420w, https:\/\/www.diarioimagen.net\/wp-content\/uploads\/2016\/04\/difem-2856-240x135.jpg 240w, https:\/\/www.diarioimagen.net\/wp-content\/uploads\/2016\/04\/difem-2856-235x132.jpg 235w, https:\/\/www.diarioimagen.net\/wp-content\/uploads\/2016\/04\/difem-2856-202x114.jpg 202w, https:\/\/www.diarioimagen.net\/wp-content\/uploads\/2016\/04\/difem-2856-350x196.jpg 350w, https:\/\/www.diarioimagen.net\/wp-content\/uploads\/2016\/04\/difem-2856-220x123.jpg 220w, https:\/\/www.diarioimagen.net\/wp-content\/uploads\/2016\/04\/difem-2856-237x132.jpg 237w, https:\/\/www.diarioimagen.net\/wp-content\/uploads\/2016\/04\/difem-2856.jpg 480w\" sizes=\"auto, (max-width: 420px) 100vw, 420px\" \/><\/a><p id=\"caption-attachment-266934\" class=\"wp-caption-text\">Isis \u00c1vila Mu\u00f1oz, presidenta honoraria del DIFEM, convivi\u00f3 con ni\u00f1as y ni\u00f1os durante su desayuno.<\/p><\/div>\n<p>&nbsp;<\/p>\n<p><strong>Jilotepec, Estado de M\u00e9xico<\/strong>.- Tras convivir con ni\u00f1as y ni\u00f1os durante su desayuno tal como lo hacen diariamente en sus aulas y desayunadores comunitarios, Isis \u00c1vila Mu\u00f1oz, presidenta honoraria del DIFEM, se\u00f1al\u00f3 que el Estado de M\u00e9xico es la \u00fanica entidad a nivel nacional que beneficia diariamente a 800 mil estudiantes con desayunos escolares calientes, fr\u00edos y raciones vespertinas.<\/p>\n<p>Al presenciar acompa\u00f1ada de\u00a0 Felipe Vega Becerril e Imelda Osornio Garc\u00eda, presidente municipal\u00a0 y presidenta del DIF de Jilotepec, el esquema de producci\u00f3n de estos programas que en cifras se traduce anualmente en 140 millones de desayunos escolares otorgados en sus tres modalidades, Isis \u00c1vila se\u00f1al\u00f3 que en coordinaci\u00f3n con madres de familia, se brinda una alimentaci\u00f3n sana, variada y suficiente para que los estudiantes puedan tener un mejor desarrollo f\u00edsico e intelectual.<\/p>\n<p>\u201cCon estos programas en conjunto buscamos eliminar la obesidad y la desnutrici\u00f3n infantil, para que la ni\u00f1ez sana de hoy se convierta en la sociedad pr\u00f3spera y arm\u00f3nica de ?ma\u00f1ana, y estas acciones concretas que procuran los derechos de nuestros ni\u00f1os, son la mejor forma de celebrarlos, que todos los d\u00edas sean d\u00eda del ni\u00f1o mexiquense feliz, sano y protegido,\u201d concluy\u00f3.<\/p>\n<p>&nbsp;<\/p>\n","protected":false},"excerpt":{"rendered":"<p>Tras convivir con ni\u00f1as y ni\u00f1os durante su desayuno tal como lo hacen diariamente en sus aulas y desayunadores comunitarios, Isis \u00c1vila Mu\u00f1oz, presidenta honoraria del DIFEM, se\u00f1al\u00f3 que el Estado de M\u00e9xico es la \u00fanica entidad a nivel nacional que beneficia diariamente a 800 mil estudiantes con desayunos escolares calientes, fr\u00edos y raciones vespertinas.<\/p>\n","protected":false},"author":3,"featured_media":266934,"comment_status":"open","ping_status":"open","sticky":false,"template":"","format":"standard","meta":{"_monsterinsights_skip_tracking":false,"_monsterinsights_sitenote_active":false,"_monsterinsights_sitenote_note":"","_monsterinsights_sitenote_category":0,"footnotes":""},"categories":[5],"tags":[2954,43675,28207,3619],"class_list":["post-266829","post","type-post","status-publish","format-standard","has-post-thumbnail","hentry","category-estado-de-mexico","tag-dif","tag-estado-de-mexico","tag-isis-avila-munoz","tag-jilotepec"],"_links":{"self":[{"href":"https:\/\/www.diarioimagen.net\/index.php?rest_route=\/wp\/v2\/posts\/266829","targetHints":{"allow":["GET"]}}],"collection":[{"href":"https:\/\/www.diarioimagen.net\/index.php?rest_route=\/wp\/v2\/posts"}],"about":[{"href":"https:\/\/www.diarioimagen.net\/index.php?rest_route=\/wp\/v2\/types\/post"}],"author":[{"embeddable":true,"href":"https:\/\/www.diarioimagen.net\/index.php?rest_route=\/wp\/v2\/users\/3"}],"replies":[{"embeddable":true,"href":"https:\/\/www.diarioimagen.net\/index.php?rest_route=%2Fwp%2Fv2%2Fcomments&post=266829"}],"version-history":[{"count":0,"href":"https:\/\/www.diarioimagen.net\/index.php?rest_route=\/wp\/v2\/posts\/266829\/revisions"}],"wp:featuredmedia":[{"embeddable":true,"href":"https:\/\/www.diarioimagen.net\/index.php?rest_route=\/wp\/v2\/media\/266934"}],"wp:attachment":[{"href":"https:\/\/www.diarioimagen.net\/index.php?rest_route=%2Fwp%2Fv2%2Fmedia&parent=266829"}],"wp:term":[{"taxonomy":"category","embeddable":true,"href":"https:\/\/www.diarioimagen.net\/index.php?rest_route=%2Fwp%2Fv2%2Fcategories&post=266829"},{"taxonomy":"post_tag","embeddable":true,"href":"https:\/\/www.diarioimagen.net\/index.php?rest_route=%2Fwp%2Fv2%2Ftags&post=266829"}],"curies":[{"name":"wp","href":"https:\/\/api.w.org\/{rel}","templated":true}]}}