{"id":267087,"date":"2016-05-02T00:06:30","date_gmt":"2016-05-02T05:06:30","guid":{"rendered":"http:\/\/www.diarioimagen.net\/?p=267087"},"modified":"2016-05-02T02:19:31","modified_gmt":"2016-05-02T07:19:31","slug":"llamado-a-hacer-valer-derechos-de-los-ninos","status":"publish","type":"post","link":"https:\/\/www.diarioimagen.net\/?p=267087","title":{"rendered":"Llamado a hacer valer derechos de los ni\u00f1os"},"content":{"rendered":"<ul>\n<li><strong><em>Inculcan respeto y tolerancia<\/em><\/strong><\/li>\n<\/ul>\n<p>&nbsp;<\/p>\n<div id=\"attachment_267140\" style=\"width: 430px\" class=\"wp-caption aligncenter\"><a href=\"http:\/\/www.diarioimagen.net\/?attachment_id=267140\" rel=\"attachment wp-att-267140\"><img loading=\"lazy\" decoding=\"async\" aria-describedby=\"caption-attachment-267140\" class=\"size-large wp-image-267140\" src=\"http:\/\/www.diarioimagen.net\/wp-content\/uploads\/2016\/05\/TULTEPEC-2857-420x280.jpg\" alt=\"El alcalde Armando Portuguez Fuentes entreg\u00f3 regalos y felicit\u00f3 a todos los ni\u00f1os y ni\u00f1as de Tultepec.\" width=\"420\" height=\"280\" srcset=\"https:\/\/www.diarioimagen.net\/wp-content\/uploads\/2016\/05\/TULTEPEC-2857-420x280.jpg 420w, https:\/\/www.diarioimagen.net\/wp-content\/uploads\/2016\/05\/TULTEPEC-2857-240x160.jpg 240w, https:\/\/www.diarioimagen.net\/wp-content\/uploads\/2016\/05\/TULTEPEC-2857.jpg 700w\" sizes=\"auto, (max-width: 420px) 100vw, 420px\" \/><\/a><p id=\"caption-attachment-267140\" class=\"wp-caption-text\">El alcalde Armando Portuguez Fuentes entreg\u00f3 regalos y felicit\u00f3 a todos los ni\u00f1os y ni\u00f1as de Tultepec.<\/p><\/div>\n<p>&nbsp;<\/p>\n<p><strong>Tultepec, Estado de M\u00e9xico<\/strong>.- En el marco de la celebraci\u00f3n del\u00a0D\u00eda del Ni\u00f1o, el presidente municipal, Armando Portuguez Fuentes, felicit\u00f3 a todos los ni\u00f1os y ni\u00f1as de Tultepec, e hizo un atento llamado a todos los integrantes de la sociedad para hacer valer sus derechos.<\/p>\n<p>Asever\u00f3 que juntos, autoridades municipales y ciudadan\u00eda \u201cdebemos hacer cada uno lo que nos corresponde para forjar a nuestros ni\u00f1os y j\u00f3venes como hombres de bien, en favor de nuestro municipio y de M\u00e9xico\u201d.<\/p>\n<p>Acompa\u00f1ado por la presidenta del DIF, Mar\u00eda F\u00e9lix Espinosa Hern\u00e1ndez e integrantes del cabildo y directores de \u00e1rea, el alcalde realiz\u00f3 la entrega de juguetes en los cuatro puntos cardinales del municipio.<\/p>\n<p>Autoridades de la administraci\u00f3n 2016-2018, acudieron desde temprana hora a la comunidad de El Mirador Parte Alta, donde distribuyeron juguetes entre cientos de infantes de esta y otras zonas del municipio.<\/p>\n<p>Los funcionarios recorrieron adem\u00e1s las comunidades de Emiqu\u00eda, Teyahualco, Fraccionamiento Real de Tultepec y CTM; para luego cerrar en la explanada municipal con un magno evento, donde se concentraron ni\u00f1os provenientes de todo el municipio para disfrutar de un espect\u00e1culo de payasos, concursos y sorpresas, adem\u00e1s de recibir dulces y juguetes.<\/p>\n<p>Todos los peque\u00f1os acompa\u00f1ados de sus pap\u00e1s o mam\u00e1s, recibieron boletos foliados para participar en la rifa regalos tales como bicicletas, coches y mu\u00f1ecas, entre otros.<\/p>\n<p>El alcalde agradeci\u00f3 tambi\u00e9n la presencia de los padres y madres de familia que estuvieron presentes con sus hijos durante el festival, a quienes pidi\u00f3 \u201cfomentar y fortalecer entre nuestros ni\u00f1os los valores del respeto y la tolerancia, con el objetivo de que no se rompa el tejido social, y lograr en el futuro inmediato un Tultepec m\u00e1s sano y arm\u00f3nico\u201d, concluy\u00f3.<\/p>\n<p><strong><br \/>\n<\/strong><\/p>\n<p>&nbsp;<\/p>\n","protected":false},"excerpt":{"rendered":"<p> En el marco de la celebraci\u00f3n del D\u00eda del Ni\u00f1o, el presidente municipal, Armando Portuguez Fuentes, felicit\u00f3 a todos los ni\u00f1os y ni\u00f1as de Tultepec, e hizo un atento llamado a todos los integrantes de la sociedad para hacer valer sus derechos.<\/p>\n","protected":false},"author":3,"featured_media":267140,"comment_status":"open","ping_status":"open","sticky":false,"template":"","format":"standard","meta":{"_monsterinsights_skip_tracking":false,"_monsterinsights_sitenote_active":false,"_monsterinsights_sitenote_note":"","_monsterinsights_sitenote_category":0,"footnotes":""},"categories":[35155],"tags":[50574,43675,3802],"class_list":["post-267087","post","type-post","status-publish","format-standard","has-post-thumbnail","hentry","category-estado-de-mexico-estado-de-mexico","tag-armando-portuguez-fuentes","tag-estado-de-mexico","tag-tultepec"],"_links":{"self":[{"href":"https:\/\/www.diarioimagen.net\/index.php?rest_route=\/wp\/v2\/posts\/267087","targetHints":{"allow":["GET"]}}],"collection":[{"href":"https:\/\/www.diarioimagen.net\/index.php?rest_route=\/wp\/v2\/posts"}],"about":[{"href":"https:\/\/www.diarioimagen.net\/index.php?rest_route=\/wp\/v2\/types\/post"}],"author":[{"embeddable":true,"href":"https:\/\/www.diarioimagen.net\/index.php?rest_route=\/wp\/v2\/users\/3"}],"replies":[{"embeddable":true,"href":"https:\/\/www.diarioimagen.net\/index.php?rest_route=%2Fwp%2Fv2%2Fcomments&post=267087"}],"version-history":[{"count":0,"href":"https:\/\/www.diarioimagen.net\/index.php?rest_route=\/wp\/v2\/posts\/267087\/revisions"}],"wp:featuredmedia":[{"embeddable":true,"href":"https:\/\/www.diarioimagen.net\/index.php?rest_route=\/wp\/v2\/media\/267140"}],"wp:attachment":[{"href":"https:\/\/www.diarioimagen.net\/index.php?rest_route=%2Fwp%2Fv2%2Fmedia&parent=267087"}],"wp:term":[{"taxonomy":"category","embeddable":true,"href":"https:\/\/www.diarioimagen.net\/index.php?rest_route=%2Fwp%2Fv2%2Fcategories&post=267087"},{"taxonomy":"post_tag","embeddable":true,"href":"https:\/\/www.diarioimagen.net\/index.php?rest_route=%2Fwp%2Fv2%2Ftags&post=267087"}],"curies":[{"name":"wp","href":"https:\/\/api.w.org\/{rel}","templated":true}]}}