{"id":267089,"date":"2016-05-02T00:02:39","date_gmt":"2016-05-02T05:02:39","guid":{"rendered":"http:\/\/www.diarioimagen.net\/?p=267089"},"modified":"2016-05-02T03:16:46","modified_gmt":"2016-05-02T08:16:46","slug":"policias-de-atizapan-festejan-a-infantes-en-su-dia","status":"publish","type":"post","link":"https:\/\/www.diarioimagen.net\/?p=267089","title":{"rendered":"Polic\u00edas de Atizap\u00e1n festejan a infantes en su d\u00eda"},"content":{"rendered":"<ul>\n<li><strong><em>Rifa de regalos<\/em><\/strong><\/li>\n<\/ul>\n<p>&nbsp;<\/p>\n<div id=\"attachment_267143\" style=\"width: 430px\" class=\"wp-caption aligncenter\"><a href=\"http:\/\/www.diarioimagen.net\/?attachment_id=267143\" rel=\"attachment wp-att-267143\"><img loading=\"lazy\" decoding=\"async\" aria-describedby=\"caption-attachment-267143\" class=\"size-large wp-image-267143\" src=\"http:\/\/www.diarioimagen.net\/wp-content\/uploads\/2016\/05\/ATIZAPAN-2857-420x236.jpg\" alt=\"Eduardo Gonz\u00e1lez Castillo encabez\u00f3 en el Parque de los Ciervos el festival \u201cD\u00eda del Ni\u00f1o con tu Polic\u00eda\u201d, con el fin de que los menores conozcan las actividades de los uniformados.\" width=\"420\" height=\"236\" srcset=\"https:\/\/www.diarioimagen.net\/wp-content\/uploads\/2016\/05\/ATIZAPAN-2857-420x236.jpg 420w, https:\/\/www.diarioimagen.net\/wp-content\/uploads\/2016\/05\/ATIZAPAN-2857-240x135.jpg 240w, https:\/\/www.diarioimagen.net\/wp-content\/uploads\/2016\/05\/ATIZAPAN-2857-235x132.jpg 235w, https:\/\/www.diarioimagen.net\/wp-content\/uploads\/2016\/05\/ATIZAPAN-2857-202x114.jpg 202w, https:\/\/www.diarioimagen.net\/wp-content\/uploads\/2016\/05\/ATIZAPAN-2857-350x196.jpg 350w, https:\/\/www.diarioimagen.net\/wp-content\/uploads\/2016\/05\/ATIZAPAN-2857-220x123.jpg 220w, https:\/\/www.diarioimagen.net\/wp-content\/uploads\/2016\/05\/ATIZAPAN-2857-237x132.jpg 237w, https:\/\/www.diarioimagen.net\/wp-content\/uploads\/2016\/05\/ATIZAPAN-2857.jpg 480w\" sizes=\"auto, (max-width: 420px) 100vw, 420px\" \/><\/a><p id=\"caption-attachment-267143\" class=\"wp-caption-text\">Eduardo Gonz\u00e1lez Castillo encabez\u00f3 en el Parque de los Ciervos el festival \u201cD\u00eda del Ni\u00f1o con tu Polic\u00eda\u201d, con el fin de que los menores conozcan las actividades de los uniformados.<\/p><\/div>\n<p>&nbsp;<\/p>\n<p><strong>Atizap\u00e1n, Estado de M\u00e9xico<\/strong>.- El director de Seguridad P\u00fablica y Tr\u00e1nsito, comisario Eduardo Gonz\u00e1lez Castillo encabez\u00f3 en el Parque de los Ciervos el s\u00e1bado 30 de abril el festival \u201cD\u00eda del Ni\u00f1o con tu Polic\u00eda\u201d donde el principal objetivo fue que los menores convivieran y conocieran de cerca las actividades que realizan a diario los elementos de la corporaci\u00f3n.<\/p>\n<p>Con la asistencia de la presidenta municipal, Ana Mar\u00eda Balderas Trejo, el comisario agradeci\u00f3 el apoyo recibido de los padres de familia, quienes poco a poco dijo -recuperan la confianza, delegando la seguridad de sus hijos y sus familias a los polic\u00edas de Atizap\u00e1n.<\/p>\n<p>Con la rifa de bicicletas balones, mu\u00f1ecas, dulces y cientos de juguetes, la alcaldesa reconoci\u00f3 que con estas acciones, los polic\u00edas municipales est\u00e1n mostrando una nueva cara a los ciudadanos, brindando seguridad y recuperando espacios p\u00fablicos como parques y jardines para los ciudadanos.<\/p>\n<p>&nbsp;<\/p>\n","protected":false},"excerpt":{"rendered":"<p>El director de Seguridad P\u00fablica y Tr\u00e1nsito, comisario Eduardo Gonz\u00e1lez Castillo encabez\u00f3 en el Parque de los Ciervos el s\u00e1bado 30 de abril el festival \u201cD\u00eda del Ni\u00f1o con tu Polic\u00eda\u201d donde el principal objetivo fue que los menores convivieran y conocieran de cerca las actividades que realizan a diario los elementos de la corporaci\u00f3n.<\/p>\n","protected":false},"author":3,"featured_media":267143,"comment_status":"open","ping_status":"open","sticky":false,"template":"","format":"standard","meta":{"_monsterinsights_skip_tracking":false,"_monsterinsights_sitenote_active":false,"_monsterinsights_sitenote_note":"","_monsterinsights_sitenote_category":0,"footnotes":""},"categories":[35155],"tags":[969,5817,43675],"class_list":["post-267089","post","type-post","status-publish","format-standard","has-post-thumbnail","hentry","category-estado-de-mexico-estado-de-mexico","tag-atizapan","tag-dia-del-nino","tag-estado-de-mexico"],"_links":{"self":[{"href":"https:\/\/www.diarioimagen.net\/index.php?rest_route=\/wp\/v2\/posts\/267089","targetHints":{"allow":["GET"]}}],"collection":[{"href":"https:\/\/www.diarioimagen.net\/index.php?rest_route=\/wp\/v2\/posts"}],"about":[{"href":"https:\/\/www.diarioimagen.net\/index.php?rest_route=\/wp\/v2\/types\/post"}],"author":[{"embeddable":true,"href":"https:\/\/www.diarioimagen.net\/index.php?rest_route=\/wp\/v2\/users\/3"}],"replies":[{"embeddable":true,"href":"https:\/\/www.diarioimagen.net\/index.php?rest_route=%2Fwp%2Fv2%2Fcomments&post=267089"}],"version-history":[{"count":0,"href":"https:\/\/www.diarioimagen.net\/index.php?rest_route=\/wp\/v2\/posts\/267089\/revisions"}],"wp:featuredmedia":[{"embeddable":true,"href":"https:\/\/www.diarioimagen.net\/index.php?rest_route=\/wp\/v2\/media\/267143"}],"wp:attachment":[{"href":"https:\/\/www.diarioimagen.net\/index.php?rest_route=%2Fwp%2Fv2%2Fmedia&parent=267089"}],"wp:term":[{"taxonomy":"category","embeddable":true,"href":"https:\/\/www.diarioimagen.net\/index.php?rest_route=%2Fwp%2Fv2%2Fcategories&post=267089"},{"taxonomy":"post_tag","embeddable":true,"href":"https:\/\/www.diarioimagen.net\/index.php?rest_route=%2Fwp%2Fv2%2Ftags&post=267089"}],"curies":[{"name":"wp","href":"https:\/\/api.w.org\/{rel}","templated":true}]}}