{"id":267091,"date":"2016-05-02T00:04:56","date_gmt":"2016-05-02T05:04:56","guid":{"rendered":"http:\/\/www.diarioimagen.net\/?p=267091"},"modified":"2016-05-02T02:21:57","modified_gmt":"2016-05-02T07:21:57","slug":"celebra-metepec-el-dia-del-nino-con-magno-festejo","status":"publish","type":"post","link":"https:\/\/www.diarioimagen.net\/?p=267091","title":{"rendered":"Celebra Metepec el D\u00eda del Ni\u00f1o con magno festejo"},"content":{"rendered":"<ul>\n<li><strong><em>Fraccionamiento Rancho San Francisco<\/em><\/strong><\/li>\n<\/ul>\n<p>&nbsp;<\/p>\n<div id=\"attachment_267146\" style=\"width: 430px\" class=\"wp-caption aligncenter\"><a href=\"http:\/\/www.diarioimagen.net\/?attachment_id=267146\" rel=\"attachment wp-att-267146\"><img loading=\"lazy\" decoding=\"async\" aria-describedby=\"caption-attachment-267146\" class=\"size-large wp-image-267146\" src=\"http:\/\/www.diarioimagen.net\/wp-content\/uploads\/2016\/05\/METEPEC-2857-420x335.jpg\" alt=\"El alcalde David L\u00f3pez C\u00e1rdenas festej\u00f3 a los ni\u00f1os y resalt\u00f3 la necesidad de velar por la integridad y protecci\u00f3n de la infancia.\" width=\"420\" height=\"335\" srcset=\"https:\/\/www.diarioimagen.net\/wp-content\/uploads\/2016\/05\/METEPEC-2857-420x335.jpg 420w, https:\/\/www.diarioimagen.net\/wp-content\/uploads\/2016\/05\/METEPEC-2857-240x191.jpg 240w, https:\/\/www.diarioimagen.net\/wp-content\/uploads\/2016\/05\/METEPEC-2857.jpg 700w\" sizes=\"auto, (max-width: 420px) 100vw, 420px\" \/><\/a><p id=\"caption-attachment-267146\" class=\"wp-caption-text\">El alcalde David L\u00f3pez C\u00e1rdenas festej\u00f3 a los ni\u00f1os y resalt\u00f3 la necesidad de velar por la integridad y protecci\u00f3n de la infancia.<\/p><\/div>\n<p>&nbsp;<\/p>\n<p><strong>Metepec, Estado de M\u00e9xico<\/strong>.- Durante la magna celebraci\u00f3n en Metepec con motivo del D\u00eda del Ni\u00f1o, el alcalde David L\u00f3pez C\u00e1rdenas, resalt\u00f3 la necesidad de velar por la integridad y protecci\u00f3n de la infancia, pues s\u00f3lo de esa manera, asegur\u00f3, \u201caspiramos a una mejor sociedad donde prevalezcan los valores y se aliente el desarrollo de los pueblos\u201d.<\/p>\n<p>En el parque de la Loma del fraccionamiento Rancho San Francisco, la zona demogr\u00e1fica m\u00e1s importante de Metepec al que asistieron m\u00e1s de 3 mil peque\u00f1os con sus pap\u00e1s, acompa\u00f1ado por el representante del gobierno estatal, Francisco Osorno Sober\u00f3n, el presidente municipal destac\u00f3 que la esperanza de un futuro promisorio est\u00e1 justamente en los infantes, por lo que pidi\u00f3 a los festejados acercarse a sus pap\u00e1s, a sus abuelos, porque nadie mejor que ellos les dar\u00e1n el consejo adecuado.<\/p>\n<p>\u201cTambi\u00e9n all\u00ed estaremos siempre con todas las ni\u00f1as y ni\u00f1os, para brindarles cari\u00f1o, amor y cuidar de ellos siempre, buscando que vivan en ambientes saludables, dignos para convivir en familia y sea la felicidad el denominador com\u00fan que los arrope\u201d, asent\u00f3 L\u00f3pez C\u00e1rdenas.<\/p>\n<p>Como ya es tradici\u00f3n, el lugar se visti\u00f3 de gran colorido para celebrar a los peque\u00f1os, quienes disfrutaron ver su carita pintada de figuras de animalitos y personajes infantiles; igualmente convivieron con <em>Peppa Pig, El Hombre Ara\u00f1a, Dora<\/em>, entre otras animaciones que fueron\u00a0 de su grado y con los que fueron tom\u00e1ndose fotograf\u00edas para registrar el evento.<\/p>\n<p>&nbsp;<\/p>\n","protected":false},"excerpt":{"rendered":"<p>Durante la magna celebraci\u00f3n en Metepec con motivo del D\u00eda del Ni\u00f1o, el alcalde David L\u00f3pez C\u00e1rdenas, resalt\u00f3 la necesidad de velar por la integridad y protecci\u00f3n de la infancia, pues s\u00f3lo de esa manera, asegur\u00f3, \u201caspiramos a una mejor sociedad donde prevalezcan los valores y se aliente el desarrollo de los pueblos\u201d.<\/p>\n","protected":false},"author":3,"featured_media":267147,"comment_status":"open","ping_status":"open","sticky":false,"template":"","format":"standard","meta":{"_monsterinsights_skip_tracking":false,"_monsterinsights_sitenote_active":false,"_monsterinsights_sitenote_note":"","_monsterinsights_sitenote_category":0,"footnotes":""},"categories":[35155],"tags":[31416,5817,43675,876],"class_list":["post-267091","post","type-post","status-publish","format-standard","has-post-thumbnail","hentry","category-estado-de-mexico-estado-de-mexico","tag-desarrollo","tag-dia-del-nino","tag-estado-de-mexico","tag-metepec"],"_links":{"self":[{"href":"https:\/\/www.diarioimagen.net\/index.php?rest_route=\/wp\/v2\/posts\/267091","targetHints":{"allow":["GET"]}}],"collection":[{"href":"https:\/\/www.diarioimagen.net\/index.php?rest_route=\/wp\/v2\/posts"}],"about":[{"href":"https:\/\/www.diarioimagen.net\/index.php?rest_route=\/wp\/v2\/types\/post"}],"author":[{"embeddable":true,"href":"https:\/\/www.diarioimagen.net\/index.php?rest_route=\/wp\/v2\/users\/3"}],"replies":[{"embeddable":true,"href":"https:\/\/www.diarioimagen.net\/index.php?rest_route=%2Fwp%2Fv2%2Fcomments&post=267091"}],"version-history":[{"count":0,"href":"https:\/\/www.diarioimagen.net\/index.php?rest_route=\/wp\/v2\/posts\/267091\/revisions"}],"wp:featuredmedia":[{"embeddable":true,"href":"https:\/\/www.diarioimagen.net\/index.php?rest_route=\/wp\/v2\/media\/267147"}],"wp:attachment":[{"href":"https:\/\/www.diarioimagen.net\/index.php?rest_route=%2Fwp%2Fv2%2Fmedia&parent=267091"}],"wp:term":[{"taxonomy":"category","embeddable":true,"href":"https:\/\/www.diarioimagen.net\/index.php?rest_route=%2Fwp%2Fv2%2Fcategories&post=267091"},{"taxonomy":"post_tag","embeddable":true,"href":"https:\/\/www.diarioimagen.net\/index.php?rest_route=%2Fwp%2Fv2%2Ftags&post=267091"}],"curies":[{"name":"wp","href":"https:\/\/api.w.org\/{rel}","templated":true}]}}