{"id":267093,"date":"2016-05-02T00:03:33","date_gmt":"2016-05-02T05:03:33","guid":{"rendered":"http:\/\/www.diarioimagen.net\/?p=267093"},"modified":"2016-05-02T02:23:01","modified_gmt":"2016-05-02T07:23:01","slug":"mejora-naucalpan-imagen-urbana-de-periferico-norte","status":"publish","type":"post","link":"https:\/\/www.diarioimagen.net\/?p=267093","title":{"rendered":"Mejora Naucalpan imagen urbana de Perif\u00e9rico Norte"},"content":{"rendered":"<ul>\n<li><strong><em>Trabajos de limpieza, pintura y alumbrado<\/em><\/strong><\/li>\n<\/ul>\n<p>&nbsp;<\/p>\n<div id=\"attachment_267150\" style=\"width: 430px\" class=\"wp-caption aligncenter\"><a href=\"http:\/\/www.diarioimagen.net\/?attachment_id=267150\" rel=\"attachment wp-att-267150\"><img loading=\"lazy\" decoding=\"async\" aria-describedby=\"caption-attachment-267150\" class=\"size-large wp-image-267150\" src=\"http:\/\/www.diarioimagen.net\/wp-content\/uploads\/2016\/05\/NAUCALPAN-2857-420x236.jpg\" alt=\"Trabajadores realizan desde hace tres semanas labores de limpieza, pintura, alumbrado y balizamiento en carriles centrales del Perif\u00e9rico Norte.\" width=\"420\" height=\"236\" srcset=\"https:\/\/www.diarioimagen.net\/wp-content\/uploads\/2016\/05\/NAUCALPAN-2857-420x236.jpg 420w, https:\/\/www.diarioimagen.net\/wp-content\/uploads\/2016\/05\/NAUCALPAN-2857-240x135.jpg 240w, https:\/\/www.diarioimagen.net\/wp-content\/uploads\/2016\/05\/NAUCALPAN-2857-480x270.jpg 480w, https:\/\/www.diarioimagen.net\/wp-content\/uploads\/2016\/05\/NAUCALPAN-2857-235x132.jpg 235w, https:\/\/www.diarioimagen.net\/wp-content\/uploads\/2016\/05\/NAUCALPAN-2857-202x114.jpg 202w, https:\/\/www.diarioimagen.net\/wp-content\/uploads\/2016\/05\/NAUCALPAN-2857-350x196.jpg 350w, https:\/\/www.diarioimagen.net\/wp-content\/uploads\/2016\/05\/NAUCALPAN-2857-220x123.jpg 220w, https:\/\/www.diarioimagen.net\/wp-content\/uploads\/2016\/05\/NAUCALPAN-2857-237x132.jpg 237w, https:\/\/www.diarioimagen.net\/wp-content\/uploads\/2016\/05\/NAUCALPAN-2857.jpg 700w\" sizes=\"auto, (max-width: 420px) 100vw, 420px\" \/><\/a><p id=\"caption-attachment-267150\" class=\"wp-caption-text\">Trabajadores realizan desde hace tres semanas labores de limpieza, pintura, alumbrado y balizamiento en carriles centrales del Perif\u00e9rico Norte.<\/p><\/div>\n<p>&nbsp;<\/p>\n<p><strong>Naucalpan, Estado de M\u00e9xico<\/strong>.- La Direcci\u00f3n General de Servicios P\u00fablicos, desde hace tres semanas realiza, trabajos de limpieza, pintura, alumbrado y balizamiento en carriles centrales del Perif\u00e9rico, como parte del mejoramiento de la imagen urbana del municipio.<\/p>\n<p>El titular de la Direcci\u00f3n, Francisco \u00c1lvarez Moreno, inform\u00f3 que las labores que se est\u00e1n realizando principalmente son la rehabilitaci\u00f3n de las luminarias de competencia municipal, iluminaci\u00f3n bajo-puentes, pintado de guarniciones y balizamiento de agujas de incorporaci\u00f3n.<\/p>\n<p>\u201cTambi\u00e9n estamos pintando los muros centrales de amarillo tr\u00e1fico y de color arena as\u00ed mismo realizamos labores generales de limpieza, en el sentido sur-norte que va del ex Toreo a Tlalnepantla ya est\u00e1n terminados los trabajos, por lo que actualmente ya se trabaja en el sentido norte-sur\u201d, se\u00f1al\u00f3 \u00c1lvarez Moreno.<\/p>\n<p>Estos trabajos forman parte del mejoramiento de la imagen urbana que est\u00e1 haciendo el gobierno municipal encabezado por el Edil, Edgar Armando Olvera Higuera, en las avenidas principales de la demarcaci\u00f3n, desde el inicio de la administraci\u00f3n.<\/p>\n<p>Estos mismos trabajos de remozamiento de vialidades se han venido realizando en las avenidas L\u00f3pez Mateos, Gustavo Baz, Lomas Verdes y Boulevar Luis Donaldo Colosio.<\/p>\n<p>Destac\u00f3 que para evitar molestias a la ciudadan\u00eda, en esta vialidad que tiene flujo vehicular constante los trabajos se realizan en un horario nocturno de 23:00 a 4:30 horas de lunes a jueves, donde participan alrededor de 60 empleados de servicios p\u00fablicos.<\/p>\n<p>\u00c1lvarez Moreno indic\u00f3 que se calcula que los trabajos quedar\u00e1n terminados aproximadamente en dos semanas.<\/p>\n<p>&nbsp;<\/p>\n","protected":false},"excerpt":{"rendered":"<p>La Direcci\u00f3n General de Servicios P\u00fablicos, desde hace tres semanas realiza, trabajos de limpieza, pintura, alumbrado y balizamiento en carriles centrales del Perif\u00e9rico, como parte del mejoramiento de la imagen urbana del municipio.<\/p>\n","protected":false},"author":3,"featured_media":267150,"comment_status":"open","ping_status":"open","sticky":false,"template":"","format":"standard","meta":{"_monsterinsights_skip_tracking":false,"_monsterinsights_sitenote_active":false,"_monsterinsights_sitenote_note":"","_monsterinsights_sitenote_category":0,"footnotes":""},"categories":[35155],"tags":[43675,50578,970,166],"class_list":["post-267093","post","type-post","status-publish","format-standard","has-post-thumbnail","hentry","category-estado-de-mexico-estado-de-mexico","tag-estado-de-mexico","tag-imagen-urbana","tag-naucalpan","tag-periferico-norte"],"_links":{"self":[{"href":"https:\/\/www.diarioimagen.net\/index.php?rest_route=\/wp\/v2\/posts\/267093","targetHints":{"allow":["GET"]}}],"collection":[{"href":"https:\/\/www.diarioimagen.net\/index.php?rest_route=\/wp\/v2\/posts"}],"about":[{"href":"https:\/\/www.diarioimagen.net\/index.php?rest_route=\/wp\/v2\/types\/post"}],"author":[{"embeddable":true,"href":"https:\/\/www.diarioimagen.net\/index.php?rest_route=\/wp\/v2\/users\/3"}],"replies":[{"embeddable":true,"href":"https:\/\/www.diarioimagen.net\/index.php?rest_route=%2Fwp%2Fv2%2Fcomments&post=267093"}],"version-history":[{"count":0,"href":"https:\/\/www.diarioimagen.net\/index.php?rest_route=\/wp\/v2\/posts\/267093\/revisions"}],"wp:featuredmedia":[{"embeddable":true,"href":"https:\/\/www.diarioimagen.net\/index.php?rest_route=\/wp\/v2\/media\/267150"}],"wp:attachment":[{"href":"https:\/\/www.diarioimagen.net\/index.php?rest_route=%2Fwp%2Fv2%2Fmedia&parent=267093"}],"wp:term":[{"taxonomy":"category","embeddable":true,"href":"https:\/\/www.diarioimagen.net\/index.php?rest_route=%2Fwp%2Fv2%2Fcategories&post=267093"},{"taxonomy":"post_tag","embeddable":true,"href":"https:\/\/www.diarioimagen.net\/index.php?rest_route=%2Fwp%2Fv2%2Ftags&post=267093"}],"curies":[{"name":"wp","href":"https:\/\/api.w.org\/{rel}","templated":true}]}}