{"id":267095,"date":"2016-05-02T00:02:37","date_gmt":"2016-05-02T05:02:37","guid":{"rendered":"http:\/\/www.diarioimagen.net\/?p=267095"},"modified":"2016-05-03T00:05:34","modified_gmt":"2016-05-03T05:05:34","slug":"mas-escuelas-dignas-en-tlalnepantla","status":"publish","type":"post","link":"https:\/\/www.diarioimagen.net\/?p=267095","title":{"rendered":"M\u00e1s escuelas dignas en Tlalnepantla"},"content":{"rendered":"<ul>\n<li><strong><em>Se avanza en la reforma educativa<\/em><\/strong><\/li>\n<\/ul>\n<p>&nbsp;<\/p>\n<div id=\"attachment_267153\" style=\"width: 430px\" class=\"wp-caption aligncenter\"><a href=\"http:\/\/www.diarioimagen.net\/?attachment_id=267153\" rel=\"attachment wp-att-267153\"><img loading=\"lazy\" decoding=\"async\" aria-describedby=\"caption-attachment-267153\" class=\"size-large wp-image-267153\" src=\"http:\/\/www.diarioimagen.net\/wp-content\/uploads\/2016\/05\/TLALNEPANTLA-2857-420x236.jpg\" alt=\"La presidenta municipal Denisse Ugalde Alegr\u00eda entreg\u00f3 mobiliario y material did\u00e1ctico en la escuela primaria \u201cCuauht\u00e9moc\u201d, en Tequesquin\u00e1huac.\" width=\"420\" height=\"236\" srcset=\"https:\/\/www.diarioimagen.net\/wp-content\/uploads\/2016\/05\/TLALNEPANTLA-2857-420x236.jpg 420w, https:\/\/www.diarioimagen.net\/wp-content\/uploads\/2016\/05\/TLALNEPANTLA-2857-240x135.jpg 240w, https:\/\/www.diarioimagen.net\/wp-content\/uploads\/2016\/05\/TLALNEPANTLA-2857-235x132.jpg 235w, https:\/\/www.diarioimagen.net\/wp-content\/uploads\/2016\/05\/TLALNEPANTLA-2857-202x114.jpg 202w, https:\/\/www.diarioimagen.net\/wp-content\/uploads\/2016\/05\/TLALNEPANTLA-2857-350x196.jpg 350w, https:\/\/www.diarioimagen.net\/wp-content\/uploads\/2016\/05\/TLALNEPANTLA-2857-220x123.jpg 220w, https:\/\/www.diarioimagen.net\/wp-content\/uploads\/2016\/05\/TLALNEPANTLA-2857-237x132.jpg 237w, https:\/\/www.diarioimagen.net\/wp-content\/uploads\/2016\/05\/TLALNEPANTLA-2857.jpg 480w\" sizes=\"auto, (max-width: 420px) 100vw, 420px\" \/><\/a><p id=\"caption-attachment-267153\" class=\"wp-caption-text\">La presidenta municipal Denisse Ugalde Alegr\u00eda entreg\u00f3 mobiliario y material did\u00e1ctico en la escuela primaria \u201cCuauht\u00e9moc\u201d, en Tequesquin\u00e1huac.<\/p><\/div>\n<p>&nbsp;<\/p>\n<p><strong>Tlalnepantla, Estado de M\u00e9xico<\/strong>.- Al entregar mobiliario y material did\u00e1ctico en la escuela primaria \u201cCuauht\u00e9moc\u201d, en Tequesquin\u00e1huac, la presidenta municipal, Denisse Ugalde Alegr\u00eda, afirm\u00f3 que con la entrega de estos apoyos en Tlalnepantla se avanza en la reforma educativa, al brindar mejores condiciones de estudio a ni\u00f1os y j\u00f3venes.<\/p>\n<p>Acompa\u00f1ada del director de los Servicios Educativos Integrados al Estado de M\u00e9xico, Carlos Auriel Est\u00e9vez Herrera, en representaci\u00f3n del gobernador Eruviel \u00c1vila Villegas, la alcaldesa reiter\u00f3 su compromiso de que las escuelas del municipio sean lugares\u00a0dignos en los que se forme a las nuevas generaciones.<\/p>\n<p>\u201cLa educaci\u00f3n que les demos hoy a nuestros ni\u00f1os marcar\u00e1 lo que ser\u00e1n el d\u00eda de ma\u00f1ana; yo quiero que sean personas de provecho, que aporten al desarrollo de su comunidad, de su estado y de su pa\u00eds\u201d, puntualiz\u00f3 Ugalde Alegr\u00eda.<\/p>\n<p>Subray\u00f3 que el trabajo de la administraci\u00f3n 2016-2018 no se podr\u00eda entender sin el apoyo de los maestros, ya que son parte fundamental en la ense\u00f1anza de conocimientos y de valores.<\/p>\n<p>A\u00f1adi\u00f3 que \u201cla cultura, el deporte y la educaci\u00f3n son indispensables para tener ni\u00f1os sanos e inteligentes, por lo que el programa \u2018Me muevo sano, culto y feliz\u2019 mejorar\u00e1 las condiciones de vida y representar\u00e1 mayores oportunidades para la ni\u00f1ez y los j\u00f3venes\u201d.<\/p>\n<p>La alcaldesa Denisse Ugalde record\u00f3 que durante sus primeros 100 d\u00edas de gobierno se rehabilitaron 53 planteles educativos y reiter\u00f3 que en su administraci\u00f3n la ense\u00f1anza es una prioridad, por lo que seguir\u00e1n trabajando por una educaci\u00f3n de calidad.<\/p>\n<p>A su vez, Carlos Est\u00e9vez Herrera reconoci\u00f3 la labor de la presidenta municipal en materia de educaci\u00f3n, ya que la coordinaci\u00f3n entre gobierno estatal y local ha permitido atender de manera puntual las demandas de los tlalnepantlenses.<\/p>\n<p>&nbsp;<\/p>\n","protected":false},"excerpt":{"rendered":"<p>Al entregar mobiliario y material did\u00e1ctico en la escuela primaria \u201cCuauht\u00e9moc\u201d, en Tequesquin\u00e1huac, la presidenta municipal, Denisse Ugalde Alegr\u00eda, afirm\u00f3 que con la entrega de estos apoyos en Tlalnepantla se avanza en la reforma educativa, al brindar mejores condiciones de estudio a ni\u00f1os y j\u00f3venes.<\/p>\n","protected":false},"author":3,"featured_media":267153,"comment_status":"open","ping_status":"open","sticky":false,"template":"","format":"standard","meta":{"_monsterinsights_skip_tracking":false,"_monsterinsights_sitenote_active":false,"_monsterinsights_sitenote_note":"","_monsterinsights_sitenote_category":0,"footnotes":""},"categories":[35155],"tags":[43675,459,169],"class_list":["post-267095","post","type-post","status-publish","format-standard","has-post-thumbnail","hentry","category-estado-de-mexico-estado-de-mexico","tag-estado-de-mexico","tag-sep","tag-tlalnepantla"],"_links":{"self":[{"href":"https:\/\/www.diarioimagen.net\/index.php?rest_route=\/wp\/v2\/posts\/267095","targetHints":{"allow":["GET"]}}],"collection":[{"href":"https:\/\/www.diarioimagen.net\/index.php?rest_route=\/wp\/v2\/posts"}],"about":[{"href":"https:\/\/www.diarioimagen.net\/index.php?rest_route=\/wp\/v2\/types\/post"}],"author":[{"embeddable":true,"href":"https:\/\/www.diarioimagen.net\/index.php?rest_route=\/wp\/v2\/users\/3"}],"replies":[{"embeddable":true,"href":"https:\/\/www.diarioimagen.net\/index.php?rest_route=%2Fwp%2Fv2%2Fcomments&post=267095"}],"version-history":[{"count":0,"href":"https:\/\/www.diarioimagen.net\/index.php?rest_route=\/wp\/v2\/posts\/267095\/revisions"}],"wp:featuredmedia":[{"embeddable":true,"href":"https:\/\/www.diarioimagen.net\/index.php?rest_route=\/wp\/v2\/media\/267153"}],"wp:attachment":[{"href":"https:\/\/www.diarioimagen.net\/index.php?rest_route=%2Fwp%2Fv2%2Fmedia&parent=267095"}],"wp:term":[{"taxonomy":"category","embeddable":true,"href":"https:\/\/www.diarioimagen.net\/index.php?rest_route=%2Fwp%2Fv2%2Fcategories&post=267095"},{"taxonomy":"post_tag","embeddable":true,"href":"https:\/\/www.diarioimagen.net\/index.php?rest_route=%2Fwp%2Fv2%2Ftags&post=267095"}],"curies":[{"name":"wp","href":"https:\/\/api.w.org\/{rel}","templated":true}]}}