{"id":267193,"date":"2016-05-02T00:08:09","date_gmt":"2016-05-02T05:08:09","guid":{"rendered":"http:\/\/www.diarioimagen.net\/?p=267193"},"modified":"2016-05-02T03:02:22","modified_gmt":"2016-05-02T08:02:22","slug":"bajo-lupa","status":"publish","type":"post","link":"https:\/\/www.diarioimagen.net\/?p=267193","title":{"rendered":"Bajo lupa"},"content":{"rendered":"<h2>De frente y de perfil<\/h2>\n<h5>Ram\u00f3n Zurita Sahag\u00fan<\/h5>\n<p>&nbsp;<\/p>\n<p>Uno de los grandes temas de las campa\u00f1as electorales que desembocar\u00e1n en los comicios del 5 de junio es el tocante a los gobernadores en funciones y al papel que desarrollan en estos procesos.<\/p>\n<p>Varios de ellos saben que de darse la alternancia en sus estados se les vendr\u00e1 el mundo encima, ya que si bien antes, los opositores eran los que condenaban la gesti\u00f3n del gobernante, en la actualidad los miembros de su partido son los que cuestionan el accionar de la administraci\u00f3n p\u00fablica estatal.<\/p>\n<p>Los casos son diferentes, ya que en algunos los \u00e1nimos se exacerban, mientras que en otros la situaci\u00f3n marcha m\u00e1s tranquila.<\/p>\n<p>Apenas el a\u00f1o pasado, la entonces candidata del PRI al gobierno de Nuevo Le\u00f3n, Ivonne \u00c1lvarez, hubo de modificar su discurso, ya que la militancia de su partido se lo exigi\u00f3, pues la gesti\u00f3n de Rodrigo Medina de la Cruz fue satanizada.<\/p>\n<p>Su oponente, Jaime Rodr\u00edguez Calder\u00f3n, avanz\u00f3 mucho en el sentir de la poblaci\u00f3n, por sus cr\u00edticas al gobierno del pri\u00edsta Medina de la Cruz, por lo que la reacci\u00f3n de Ivonne lleg\u00f3 demasiado tarde, como dio cuenta el triunfo del llamado \u201cBronco\u201d por dos votos a uno sobre la pri\u00edsta.<\/p>\n<p>La pri\u00edsta Claudia Pavlovich Arellano, opositora del gobernador panista de Sonora, Guillermo Padr\u00e9s El\u00edas, finc\u00f3 parte de su \u00e9xito electoral en la sistem\u00e1tica campa\u00f1a para mostrar las fallas del gobierno del militante del partido blanquiazul.<\/p>\n<p>Le reditu\u00f3, ya que gan\u00f3 sin grandes problemas el gobierno que hoy ejerce en el norte\u00f1o estado.<\/p>\n<p>En la actualidad, son varios los gobernadores que son motivo de ataques de sus propios compa\u00f1eros de partido, pero principalmente de los opositores.<\/p>\n<p>Sin duda, el m\u00e1s cuestionado es Javier Duarte de Ochoa, gobernador de Veracruz, quien recibe obuses tanto del candidato del PRI, H\u00e9ctor Yunes Landa como del opositor panista Miguel \u00c1ngel Yunes y de la mayor\u00eda de los candidatos que compiten por el gobierno de Veracruz.<\/p>\n<p>Los primos Yunes una y otra vez arremeten contra el gobernador Duarte de Ochoa \u00a0sus fallas en la gesti\u00f3n gubernamental, la poca obra realizada y el endeudamiento p\u00fablicos en que sumi\u00f3 al estado.<\/p>\n<p>H\u00e9ctor y Miguel ofrecen que de ganar los comicios actuar\u00e1n en consecuencia contra el gobierno saliente, sin importar el tama\u00f1o o nombre del inculpado.<\/p>\n<p>En Chihuahua, Javier Corral, candidato del PAN al gobierno estatal trae como prop\u00f3sito fundamental actuar contra el gobernador C\u00e9sar Duarte J\u00e1quez, cuanto gane los comicios.<\/p>\n<p>La gesti\u00f3n de Duarte es sumamente criticable, especialmente por el senador con licencia que se encarg\u00f3 de ventilar en p\u00fablico una serie de acciones ejercidas por el gobernador, entre las que se incluyen la participaci\u00f3n del Ejecutivo estatal como socio en una financiera que se convirti\u00f3 en banco y donde operan las principales cuentas del sector p\u00fablico.<\/p>\n<p>Las diferencias entre Duarte y Corral se remontan a tiempos pasados y los dimes y diretes de uno y otro han sido ventilados p\u00fablicamente, en los que el gobernador se meti\u00f3 al terreno familiar de Corral y mostr\u00f3 evidencia del c\u00f3mo algunos hermanos del senador panista con licencia han purgado y purgan condenas por delitos contra la salud.<\/p>\n<p>El gobierno de C\u00e9sar Duarte como el de su hom\u00f3logo de Veracruz, se mantienen entre los tops de los gobernantes con un peor trabajo.<\/p>\n<p>Pero no son los \u00fanicos que encuentra bajo la lupa, ya que dos de ellos han sido se\u00f1alados por operar en contra del candidato de su partido, como son los casos de Egidio Torre Cant\u00fa, quien no pudo sembrar su candidato al gobierno estatal, ya que le fue enviado Baltasar Hinojosa Ochoa, quien aparece abajo en las encuestas.<\/p>\n<p>Tamaulipas es uno de los pocos estados, en los que no se ha producido la alternancia, por lo que de ganar el candidato blanquiazul, Francisco Javier Garc\u00eda Cabeza de Vaca, ser\u00eda el primero no priista en gobernar esa entidad.<\/p>\n<p>Por eso se asegura que Torre Cant\u00fa se encuentra preocupado y decidi\u00f3 pactar y ayudar al opositor de Hinojosa, quien, por lo pronto, se encuentra arriba en los primeros sondeos divulgados en esa entidad.<\/p>\n<p>Otro que est\u00e1 consciente de que tendr\u00e1 problemas al terminar su gesti\u00f3n es Carlos Lozano de la Torre, gobernador de Aguascalientes, quien mantiene amplias diferencias con la pri\u00edsta Lorena Rodr\u00edguez y con el panista Mart\u00edn Orozco, los favoritos para ganar el 5 de junio.<\/p>\n<p>Lorena no era la candidata del gobernador y Mart\u00edn lo enfrent\u00f3 en las urnas hace seis a\u00f1os y no qued\u00f3 satisfecho con el resultado, principalmente porque se filtr\u00f3 que el apoyo del entonces gobernador, Luis Armando Reynoso Femat fue para el pri\u00edsta y no para su compa\u00f1ero de militancia.<\/p>\n<p>En Oaxaca, Gabino Cu\u00e9 sabe que ser\u00eda hostigado y perseguido en caso de que Benjam\u00edn Robles Montoya ganase los comicios, por encima del pri\u00edsta Alejandro Murat Hinojosa y el aliancista Jos\u00e9 Antonio Estefan Garfias, quien sostuvieron un debate el pasado viernes mostrando deficiencias, mientras que Robles Montoya mostr\u00f3 mayor empaque.<\/p>\n<p>Los doce gobernadores saben que gane quien gane, la situaci\u00f3n ya no es como antes y tendr\u00e1n que responder sobre las fallas cometidas en su gesti\u00f3n.<\/p>\n<p><em><a href=\"mailto:ramonzurita44@hotmail.com\" target=\"_blank\">ramonzurita44@hotmail.com<\/a><\/em><br \/>\n<a href=\"mailto:%20zurita_sahagun@hotmail.com\" target=\"_blank\"><em>zurita_sahagun@hotmail.com<\/em><\/a><\/p>\n","protected":false},"excerpt":{"rendered":"<p><span style=\"color: #005497;\"><strong>Ram\u00f3n Zurita Sahag\u00fan<\/strong><\/span><\/p>\n","protected":false},"author":3,"featured_media":0,"comment_status":"open","ping_status":"open","sticky":false,"template":"","format":"standard","meta":{"_monsterinsights_skip_tracking":false,"_monsterinsights_sitenote_active":false,"_monsterinsights_sitenote_note":"","_monsterinsights_sitenote_category":0,"footnotes":""},"categories":[234],"tags":[304,43674,43687],"class_list":["post-267193","post","type-post","status-publish","format-standard","hentry","category-ramon-zurita-sahagun","tag-de-frente-y-de-perfil","tag-opinion","tag-ramon-zurita-sahagun"],"_links":{"self":[{"href":"https:\/\/www.diarioimagen.net\/index.php?rest_route=\/wp\/v2\/posts\/267193","targetHints":{"allow":["GET"]}}],"collection":[{"href":"https:\/\/www.diarioimagen.net\/index.php?rest_route=\/wp\/v2\/posts"}],"about":[{"href":"https:\/\/www.diarioimagen.net\/index.php?rest_route=\/wp\/v2\/types\/post"}],"author":[{"embeddable":true,"href":"https:\/\/www.diarioimagen.net\/index.php?rest_route=\/wp\/v2\/users\/3"}],"replies":[{"embeddable":true,"href":"https:\/\/www.diarioimagen.net\/index.php?rest_route=%2Fwp%2Fv2%2Fcomments&post=267193"}],"version-history":[{"count":0,"href":"https:\/\/www.diarioimagen.net\/index.php?rest_route=\/wp\/v2\/posts\/267193\/revisions"}],"wp:attachment":[{"href":"https:\/\/www.diarioimagen.net\/index.php?rest_route=%2Fwp%2Fv2%2Fmedia&parent=267193"}],"wp:term":[{"taxonomy":"category","embeddable":true,"href":"https:\/\/www.diarioimagen.net\/index.php?rest_route=%2Fwp%2Fv2%2Fcategories&post=267193"},{"taxonomy":"post_tag","embeddable":true,"href":"https:\/\/www.diarioimagen.net\/index.php?rest_route=%2Fwp%2Fv2%2Ftags&post=267193"}],"curies":[{"name":"wp","href":"https:\/\/api.w.org\/{rel}","templated":true}]}}