{"id":267195,"date":"2016-05-02T00:07:33","date_gmt":"2016-05-02T05:07:33","guid":{"rendered":"http:\/\/www.diarioimagen.net\/?p=267195"},"modified":"2016-05-02T03:04:36","modified_gmt":"2016-05-02T08:04:36","slug":"los-caraduras-de-la-politica","status":"publish","type":"post","link":"https:\/\/www.diarioimagen.net\/?p=267195","title":{"rendered":"Los caraduras de la pol\u00edtica"},"content":{"rendered":"<h2>Punto por punto<\/h2>\n<h5>Augusto Corro<\/h5>\n<p>&nbsp;<\/p>\n<p>En 12 estados se llevan a cabo campa\u00f1as pol\u00edticas para elegir nuevos gobernadores.<\/p>\n<p>Desde las precampa\u00f1as, se pronostic\u00f3 una guerra de lodo entre los aspirantes a cargos de elecci\u00f3n popular.<\/p>\n<p>En efecto, el lodazal alcanz\u00f3 su punto m\u00e1ximo conforme se acerca el 5 de junio, d\u00eda de la votaci\u00f3n.<\/p>\n<p>Como todos los candidatos tienen cola que les pisen, las acusaciones sobre enriquecimiento il\u00edcito se convirtieron en el com\u00fan denominador.<\/p>\n<p>Y como consecuencia, a los aspirantes a las gubernaturas s\u00f3lo les qued\u00f3 lucir su caradura.\u00a0 Caradura, seg\u00fan el diccionario, aplica a la persona que habla u obra con desfachatez y descaro\u00a0 o con poca verg\u00fcenza.<\/p>\n<p style=\"text-align: center;\"><strong>EL VERACRUZANO<\/strong><\/p>\n<p>En Veracruz, por ejemplo, el enriquecimiento de Miguel Angel Yunes, abanderado del PAN-PRD, a la gubernatura, fue se\u00f1alado por sus adversarios pol\u00edticos, como el poseedor de una riqueza millonaria en propiedades inmobiliarias.<\/p>\n<p>El mencionado pol\u00edtico veracruzano siempre estuvo en el ojo del hurac\u00e1n por sus riquezas mal habidas amasadas durante sus gestiones como administrador p\u00fablico, en el ISSSTE, principalmente.<\/p>\n<p>Su \u00faltimo esc\u00e1ndalo ubic\u00f3 a su hijo Omar en los Papeles de Panam\u00e1, luna transacci\u00f3n bancaria que coloca el dinero de los ricos en para\u00edsos bancarios, donde no pagan impuestos y esconden sus fortunas.<\/p>\n<p style=\"text-align: center;\"><strong>EL POBLANO<\/strong><\/p>\n<p>En Puebla, al candidato al gobierno estatal, Antonio Gali Fayad, por el PAN, fue acusado de enriquecimiento il\u00edcito. Sus adversarios pol\u00edticos le exigieron que rinda cuentas a los ciudadanos y frente a las autoridades.<\/p>\n<p>Gali Fayad desde el inici\u00f3 de las campa\u00f1as recibi\u00f3 el apoyo del gobernador poblano, Rafael Moreno Valle, quien busca el triunfo en la entidad, para apoyarse en sus aspiraciones a las elecciones presidenciales del 2018.<\/p>\n<p>El citado Gali Fayad en cuatro a\u00f1os, tiempo que estuvo como bur\u00f3crata, \u201clogro una s\u00fabita consolidaci\u00f3n patrimonial: su fortuna se increment\u00f3 en 54 millones de pesos, en s\u00f3lo 48 meses\u201d.<\/p>\n<p>Ese dinero, \u201ces producto de actos de corrupci\u00f3n\u201d, dijo Manuel Espino, quien present\u00f3 una denuncia contra Gali Fayad, por enriquecimiento inexplicable.<\/p>\n<p style=\"text-align: center;\"><strong>EL OAXAQUE\u00d1O<\/strong><\/p>\n<p>En Oaxaca, el candidato del PRI-Partido Verde, Alejandro Murat tambi\u00e9n es del \u201cClub de los Caraduras\u201d.<\/p>\n<p>A sus 41 a\u00f1os de edad, ya es un hombre muy rico y logr\u00f3 cimentarse en la casta divina de los pol\u00edticos de la nueva ola.<\/p>\n<p>Contra viento y marea logr\u00f3 ser candidato a la gubernatura oaxaque\u00f1a. Desde luego, las autoridades electorales lo apoyaron plenamente.<\/p>\n<p>A pesar de no ser originario de Oaxaca, Murat naci\u00f3 en el Estado de M\u00e9xico, no cumple con el requisito de residencia en la entidad, Alejandro se sali\u00f3 con la suya.<\/p>\n<p>Su padre, el ex gobernador Jos\u00e9 Murat, se enriqueci\u00f3 al amparo del poder y su riqueza se extiende hasta Estados Unidos, donde es due\u00f1o de un sinn\u00famero de casas y departamentos, en los lugares m\u00e1s caros de Nueva York.<\/p>\n<p>A todas luces, Alejandro es un mal candidato para Oaxaca, pero tiene posibilidades de ganar, a pesar de las dudas sobre su enriquecimiento, pues sus enemigos m\u00e1s\u00a0 fuertes, los grillos de la izquierda, son ejemplo de la falta de unidad.<\/p>\n<p>Sin importar el color del partido, los pol\u00edticos de todos los niveles tienen como meta el enriquecimiento, lejos ya de sus principios ideol\u00f3gicos.<\/p>\n<p>Como a nadie le rinden cuentas y porque todos se protegen, el saqueo al tesoro p\u00fablico ya es un modus vivendi\u00a0 fundamental de la funci\u00f3n p\u00fablica. Los gobernadores salen cargados de recursos del erario y no pasa nada.<\/p>\n<p style=\"text-align: center;\"><strong>EL D\u00cdA DEL NI\u00d1O IND\u00cdGENA<\/strong><\/p>\n<p>Cada a\u00f1o, el 30 de abril, el D\u00eda del Ni\u00f1o sirve para recordar que hay millones de infantes en M\u00e9xico que viven en la pobreza.<\/p>\n<p>Los gobiernos de los diferentes partidos pol\u00edticos nunca pudieron superar las condiciones de miseria de los peque\u00f1os en el territorio nacional.<\/p>\n<p>Entre los m\u00e1s afectados se encuentran los ni\u00f1os ind\u00edgenas, pues el 78.6 por ciento de ellos viven en situaci\u00f3n de pobreza.<\/p>\n<p>Lleg\u00f3 el D\u00eda del Ni\u00f1o y seguramente alguna autoridad solt\u00f3 su discurso de atender a los pobres, pero sabemos que se trata de discursos demag\u00f3gicos que nunca se cumplir\u00e1n.<\/p>\n<p>Vamos a esperar el pr\u00f3ximo 30 de abril, para escuchar el mismo discurso y esperar pasivos el milagro que saque de la pobreza a los ni\u00f1os ind\u00edgenas.<\/p>\n<p><em><a href=\"mailto:aco2742@hotmail.com\" target=\"_blank\">aco2742@hotmail.com<\/a><\/em><\/p>\n","protected":false},"excerpt":{"rendered":"<p><span style=\"color: #005497;\"><strong>Augusto Corro<\/strong><\/span><\/p>\n","protected":false},"author":3,"featured_media":0,"comment_status":"open","ping_status":"open","sticky":false,"template":"","format":"standard","meta":{"_monsterinsights_skip_tracking":false,"_monsterinsights_sitenote_active":false,"_monsterinsights_sitenote_note":"","_monsterinsights_sitenote_category":0,"footnotes":""},"categories":[157],"tags":[43686,43674,11515],"class_list":["post-267195","post","type-post","status-publish","format-standard","hentry","category-augusto-corro","tag-augusto-corro","tag-opinion","tag-punto-por-punto"],"_links":{"self":[{"href":"https:\/\/www.diarioimagen.net\/index.php?rest_route=\/wp\/v2\/posts\/267195","targetHints":{"allow":["GET"]}}],"collection":[{"href":"https:\/\/www.diarioimagen.net\/index.php?rest_route=\/wp\/v2\/posts"}],"about":[{"href":"https:\/\/www.diarioimagen.net\/index.php?rest_route=\/wp\/v2\/types\/post"}],"author":[{"embeddable":true,"href":"https:\/\/www.diarioimagen.net\/index.php?rest_route=\/wp\/v2\/users\/3"}],"replies":[{"embeddable":true,"href":"https:\/\/www.diarioimagen.net\/index.php?rest_route=%2Fwp%2Fv2%2Fcomments&post=267195"}],"version-history":[{"count":0,"href":"https:\/\/www.diarioimagen.net\/index.php?rest_route=\/wp\/v2\/posts\/267195\/revisions"}],"wp:attachment":[{"href":"https:\/\/www.diarioimagen.net\/index.php?rest_route=%2Fwp%2Fv2%2Fmedia&parent=267195"}],"wp:term":[{"taxonomy":"category","embeddable":true,"href":"https:\/\/www.diarioimagen.net\/index.php?rest_route=%2Fwp%2Fv2%2Fcategories&post=267195"},{"taxonomy":"post_tag","embeddable":true,"href":"https:\/\/www.diarioimagen.net\/index.php?rest_route=%2Fwp%2Fv2%2Ftags&post=267195"}],"curies":[{"name":"wp","href":"https:\/\/api.w.org\/{rel}","templated":true}]}}